{"id":471371,"date":"2026-06-03T10:44:11","date_gmt":"2026-06-03T10:44:11","guid":{"rendered":"https:\/\/www.europesays.com\/pl\/471371\/"},"modified":"2026-06-03T10:44:11","modified_gmt":"2026-06-03T10:44:11","slug":"startuje-impreza-putina-dziesiatki-dronow-uderzyly-w-petersburg","status":"publish","type":"post","link":"https:\/\/www.europesays.com\/pl\/471371\/","title":{"rendered":"Startuje impreza Putina. Dziesi\u0105tki dron\u00f3w uderzy\u0142y w Petersburg"},"content":{"rendered":"<p>Nad ranem Petersburg zosta\u0142 zaatakowany przez dziesi\u0105tki bezza\u0142ogowc\u00f3w.<\/p>\n<blockquote class=\"ods-o-quote\">\n<p class=\"ods-o-quote__paragraph\">&#8222;Kilka obiekt\u00f3w zosta\u0142o uszkodzonych. Trwa usuwanie nast\u0119pstw. Kilka os\u00f3b zosta\u0142o rannych. Nie ma ofiar \u015bmiertelnych. Na miejscu dzia\u0142a centrum reagowania kryzysowego. Si\u0142y i zasoby zosta\u0142y postawione w stan najwy\u017cszej gotowo\u015bci&#8221; \u2014 <a rel=\"nofollow\" href=\"https:\/\/t.me\/a_beglov\/13276\" id=\"48c89961-ae92-4d86-857c-dd38518991dd\">napisa\u0142<\/a> gubernator Petersburga Aleksandr Bieg\u0142ow.<\/p>\n<\/blockquote>\n<p>Czytelnicy lokalnego portalu Fontanka donosz\u0105, \u017ce w r\u00f3\u017cnych dzielnicach Petersburga i na przedmie\u015bciach s\u0142ycha\u0107 by\u0142o odg\u0142osy eksplozji.<\/p>\n<blockquote class=\"ods-o-quote\">\n<p class=\"ods-o-quote__paragraph\">\u2014 Kanonada. Kilka razy co\u015b bardzo mocno wybuch\u0142o, przera\u017cone ptaki krzycz\u0105, wyj\u0105 te\u017c alarmy samochodowe, a dom za ka\u017cdym razem si\u0119 trz\u0119sie. Ci\u0105gle huczy \u2014 napisa\u0142 rano mieszkaniec dzielnicy po\u0142o\u017conej w pobli\u017cu Wielkiego Portu.<\/p>\n<\/blockquote>\n<p>O wybuchach s\u0142yszanych oko\u0142o 5.00 informowali r\u00f3wnie\u017c portal Bumaga mieszka\u0144cy centralnych dzielnic miasta. Mog\u0142y to by\u0107 odg\u0142osy system\u00f3w obrony powietrznej. Jak twierdz\u0105 dziennikarze Bumagi, dym po\u017caru w porcie jest widoczny z centrum miasta.<\/p>\n<p>Gubernator obwodu leningradzkiego (kt\u00f3rego stolic\u0105 jest Petersburg) Aleksandr Drozdenkopoinformowa\u0142 oko\u0142o godziny 7.00, \u017ce obrona przeciwlotnicza unieszkodliwi\u0142a nad obwodem 50 dron\u00f3w. Oko\u0142o godziny 3.00, wed\u0142ug Federalnej Agencji Transportu Lotniczego, ograniczono dzia\u0142alno\u015b\u0107 lotniska Pu\u0142kowo, w zwi\u0105zku z czym ponad 30 lot\u00f3w by\u0142o op\u00f3\u017anionych.<\/p>\n<p>W mie\u015bcie ograniczono r\u00f3wnie\u017c dost\u0119p do mobilnego internetu. Czytelnicy informowali Bumag\u0119, \u017ce \u200b\u200bnie mogli po\u0142\u0105czy\u0107 si\u0119 nawet ze stronami znajduj\u0105cymi si\u0119 na &#8222;bia\u0142ej li\u015bcie&#8221;, kt\u00f3re teoretycznie powinny by\u0107 dost\u0119pne zawsze.<\/p>\n<p>Po\u017car w terminalu naftowym<\/p>\n<p>Ukrai\u0144ski projekt OSINT Exilenova+ oraz kana\u0142 Telegram ASTRA poinformowa\u0142y o po\u017carze w petersburskim terminalu naftowym. Znajduje to potwierdzenie w nagraniach naocznych \u015bwiadk\u00f3w. W\u0142adze jeszcze nie skomentowa\u0142y ataku na jeden z najwi\u0119kszych tego typu rosyjskich obiekt\u00f3w w regionie Ba\u0142tyku.<\/p>\n<p>Jak pisze Kommiersant, terminal JSC o powierzchni 37 ha obejmuje 21 zbiornik\u00f3w magazynowych produkt\u00f3w naftowych. Ma przepustowo\u015b\u0107 12,5 mln t rocznie.<\/p>\n","protected":false},"excerpt":{"rendered":"Nad ranem Petersburg zosta\u0142 zaatakowany przez dziesi\u0105tki bezza\u0142ogowc\u00f3w. &#8222;Kilka obiekt\u00f3w zosta\u0142o uszkodzonych. Trwa usuwanie nast\u0119pstw. Kilka os\u00f3b zosta\u0142o&hellip;\n","protected":false},"author":2,"featured_media":471372,"comment_status":"","ping_status":"","sticky":false,"template":"","format":"standard","meta":{"footnotes":"","_share_on_mastodon":"0"},"categories":[14],"tags":[27365,61195,32,33,27,399,34,35,28,31,48,25,46,55,40,41,47,80,29,30,26,82,83,84],"class_list":["post-471371","post","type-post","status-publish","format-standard","has-post-thumbnail","category-swiat","tag-belsatpl","tag-bottomfeed_styl","tag-breaking-news","tag-breakingnews","tag-headlines","tag-informacje","tag-latest-news","tag-latestnews","tag-naglowki","tag-najwazniejsze-artykuly","tag-nat_styl","tag-news","tag-omp","tag-phx","tag-polish","tag-polski","tag-screening_general","tag-swiat","tag-top-stories","tag-topstories","tag-wiadomosci","tag-world","tag-world-news","tag-worldnews"],"share_on_mastodon":{"url":"https:\/\/pubeurope.com\/@pl\/116685771050298490","error":""},"_links":{"self":[{"href":"https:\/\/www.europesays.com\/pl\/wp-json\/wp\/v2\/posts\/471371","targetHints":{"allow":["GET"]}}],"collection":[{"href":"https:\/\/www.europesays.com\/pl\/wp-json\/wp\/v2\/posts"}],"about":[{"href":"https:\/\/www.europesays.com\/pl\/wp-json\/wp\/v2\/types\/post"}],"author":[{"embeddable":true,"href":"https:\/\/www.europesays.com\/pl\/wp-json\/wp\/v2\/users\/2"}],"replies":[{"embeddable":true,"href":"https:\/\/www.europesays.com\/pl\/wp-json\/wp\/v2\/comments?post=471371"}],"version-history":[{"count":0,"href":"https:\/\/www.europesays.com\/pl\/wp-json\/wp\/v2\/posts\/471371\/revisions"}],"wp:featuredmedia":[{"embeddable":true,"href":"https:\/\/www.europesays.com\/pl\/wp-json\/wp\/v2\/media\/471372"}],"wp:attachment":[{"href":"https:\/\/www.europesays.com\/pl\/wp-json\/wp\/v2\/media?parent=471371"}],"wp:term":[{"taxonomy":"category","embeddable":true,"href":"https:\/\/www.europesays.com\/pl\/wp-json\/wp\/v2\/categories?post=471371"},{"taxonomy":"post_tag","embeddable":true,"href":"https:\/\/www.europesays.com\/pl\/wp-json\/wp\/v2\/tags?post=471371"}],"curies":[{"name":"wp","href":"https:\/\/api.w.org\/{rel}","templated":true}]}}