{"id":471635,"date":"2026-06-03T13:19:14","date_gmt":"2026-06-03T13:19:14","guid":{"rendered":"https:\/\/www.europesays.com\/pl\/471635\/"},"modified":"2026-06-03T13:19:14","modified_gmt":"2026-06-03T13:19:14","slug":"wiceprezydenci-wroclawia-odwolani-sa-juz-w-zarzadach-spolek-miejskich-kpina","status":"publish","type":"post","link":"https:\/\/www.europesays.com\/pl\/471635\/","title":{"rendered":"Wiceprezydenci Wroc\u0142awia odwo\u0142ani. S\u0105 ju\u017c w zarz\u0105dach sp\u00f3\u0142ek miejskich. \u201eKpina&#8221;"},"content":{"rendered":"<p>Dlaczego Sutryk odwo\u0142a\u0142 wiceprezydent\u00f3w Granowsk\u0105 i M\u0142y\u0144czaka.<\/p>\n<p>Jakie funkcje obj\u0119li Granowska i M\u0142y\u0144czak po zmianie stanowisk.<\/p>\n<p>Jakie kompetencje maj\u0105 Granowska i M\u0142y\u0144czak w nowych rolach.<\/p>\n<p>18 maja prezydent Wroc\u0142awia Jacek Sutryk odwo\u0142a\u0142 Renat\u0119 Granowsk\u0105 i Micha\u0142a M\u0142y\u0144czaka z funkcji wiceprezydent\u00f3w miasta. Tych zmian spodziewano si\u0119 ju\u017c wcze\u015bniej, dok\u0142adnie pod koniec kwietnia. W\u00f3wczas Sutryk \u2013 dzi\u0119ki g\u0142osom radnym z klubu KO \u2013 otrzyma\u0142 absolutorium. Poparcie\u00a0by\u0142o efektem porozumienia Sutryka z liderem Koalicji Obywatelskiej na Dolnym \u015al\u0105sku Micha\u0142em Jarosem. Media lokalne donosi\u0142y, \u017ce\u00a0w zamian za poparcie prezydent Wroc\u0142awia zgodzi\u0142 si\u0119 na wymian\u0119 swoich dw\u00f3ch wiceprezydent\u00f3w. Obj\u0119li ju\u017c nowe funkcje w sp\u00f3\u0142kach miejskich.<\/p>\n<p><a name=\"eztoc41886750_0_7\" id=\"eztoc41886750_0_7\"\/>Renata Granowska w zarz\u0105dzie MPK Wroc\u0142aw<\/p>\n<p>Renata Granowska \u2013 do 18 maja I wiceprezydent<br \/>\n<a href=\"https:\/\/wiadomosci.radiozet.pl\/tag\/kategoria\/wroclaw\" target=\"_self\" rel=\"dofollow noopener\">Wroc\u0142awia<\/a> \u2013 by\u0142a wcze\u015bniej w radzie nadzorczej\u00a0Miejskiego Przedsi\u0119biorstwa Komunikacyjnego we Wroc\u0142awiu. Teraz trafi\u0142a do zarz\u0105du. \u201eInformujemy, \u017ce Rada Nadzorcza sp\u00f3\u0142ki MPK Wroc\u0142aw podj\u0119\u0142a uchwa\u0142\u0119 o rozszerzeniu sk\u0142adu Zarz\u0105du Sp\u00f3\u0142ki. Nowym cz\u0142onkiem Zarz\u0105du zosta\u0142a Renata Granowska&#8221; \u2013 czytamy w o\u015bwiadczeniu z 1 czerwca. Decyzja ta, jak wyja\u015bni\u0142a sp\u00f3\u0142ka, jest odpowiedzi\u0105 na \u201erosn\u0105cy zakres zada\u0144 i odpowiedzialno\u015bci, jakie MPK Wroc\u0142aw realizuje na rzecz miasta i jego mieszka\u0144c\u00f3w&#8221;.\u00a0<\/p>\n<p>Jakie kompetencje ma Granowska, je\u015bli chodzi o zarz\u0105dzanie sp\u00f3\u0142k\u0105 zajmuj\u0105c\u0105 si\u0119 transportem? Jest absolwentk\u0105\u00a0Wydzia\u0142u Prawa i Administracji Uniwersytetu Wroc\u0142awskiego. W mie\u015bcie zajmowa\u0142a si\u0119 g\u0142\u00f3wnie<br \/>\n<a href=\"https:\/\/wiadomosci.radiozet.pl\/tag\/kategoria\/edukacja\" target=\"_self\" rel=\"dofollow noopener\">edukacj\u0105<\/a>, podlega\u0142 jej\u00a0Departament Edukacji. Nadzorowa\u0142a m.in.\u00a0Wroc\u0142awskie Centrum Doskonalenia Nauczycieli. Wiceprezydentem miasta by\u0142a od 2018 roku. MPK Wroc\u0142aw w o\u015bwiadczeniu t\u0142umaczy jednak, \u017ce najwi\u0119kszym wsparciem dla sp\u00f3\u0142ki ma by\u0107 jej \u201eznajomo\u015b\u0107 specyfiki sektora publicznego oraz do\u015bwiadczenie w pozyskiwaniu i rozliczaniu \u015brodk\u00f3w zewn\u0119trznych&#8221;\u00a0w kontek\u015bcie prowadzonych i planowanych projekt\u00f3w inwestycyjnych. Zapytali\u015bmy biuro prasowe UM Wroc\u0142awia m.in. o to, dlaczego nie by\u0142o otwartego konkursu na cz\u0142onka zarz\u0105du sp\u00f3\u0142ki miejskiej. Na razie czekamy na odpowied\u017a.<\/p>\n<p>W stolicy Dolnego \u015al\u0105ska rozpocz\u0119\u0142a si\u0119 dyskusja na temat zasadno\u015bci takich \u201emigracji&#8221; z ratusza do sp\u00f3\u0142ek miejskich.\u00a0\u2013 Jak zawsze \u201emi\u0119kkie l\u0105dowanie&#8221;.\u00a0Kpina z mieszka\u0144c\u00f3w, ale przecie\u017c to \u017cadna nowo\u015b\u0107, tak jest w mie\u015bcie od lat. Wcze\u015bniej by\u0142 tzw. samorz\u0105dowy erasmus. Kolesiostwo i uk\u0142adziki zosta\u0142y nietkni\u0119te. Szkoda, bo Wroc\u0142aw jest pi\u0119knym miejscem, ale m\u00f3g\u0142by by\u0107 jeszcze pi\u0119kniejszy \u2013 s\u0142yszymy od jednego z mieszka\u0144c\u00f3w, kt\u00f3ry woli pozosta\u0107 anonimowy. Sporo komentarzy na ten temat jest r\u00f3wnie\u017c w mediach spo\u0142eczno\u015bciowych.\u00a0\u201eMam nadziej\u0119 \u017ce kto\u015b zrobi tu porz\u0105dki \u2013 i nie chodzi tylko o Sutryka, ale ca\u0142e to towarzystwo wzajemnej adoracji&#8221;, \u201eKolesiostwo zawsze by\u0142o, jest i b\u0119dzie&#8221;, \u201eNie maj\u0105 wstydu&#8221; \u2013 pisz\u0105 internauci.<\/p>\n<p><a name=\"eztoc41886750_0_8\" id=\"eztoc41886750_0_8\"\/>Micha\u0142 M\u0142y\u0144czak nowym prezesem Ekosystemu<\/p>\n<p>18 maja stanowisko wiceprezydenta Wroc\u0142awia straci\u0142 r\u00f3wnie\u017c Micha\u0142 M\u0142y\u0144czak. Z kolei 30 maja sp\u00f3\u0142ka miejska Ekosystem poinformowa\u0142a o podj\u0119ciu uchwa\u0142y w prawie zmiany\u00a0struktur zarz\u0105dzania. \u201eNowym Prezesem Ekosystemu zosta\u0142 Micha\u0142 M\u0142y\u0144czak \u2013 by\u0142y wiceprezydent Wroc\u0142awia, ceniony prawnik prowadz\u0105cy w\u0142asn\u0105 kancelari\u0119 oraz do\u015bwiadczony samorz\u0105dowiec&#8221; \u2013 przekazano. Wzmocnieniem dla sp\u00f3\u0142ki zajmuj\u0105cej si\u0119 zagospodarowaniem odpad\u00f3w ma by\u0107 \u201ejego\u00a0wiedza z zakresu prawa administracyjnego i gospodarczego oraz znajomo\u015b\u0107 specyfiki sektora publicznego&#8221;. Dotychczasowy prezes \u2013 Pawe\u0142 Karpi\u0144ski \u2013 zosta\u0142 wiceprezesem.\u00a0<\/p>\n<p>\u201ePo\u0142\u0105czenie wieloletniej praktyki bran\u017cowej Paw\u0142a Karpi\u0144skiego z prawno-samorz\u0105dowym do\u015bwiadczeniem Micha\u0142a M\u0142y\u0144czaka oznacza istotne wzmocnienie Ekosystemu. Dwuosobowy uk\u0142ad si\u0142 gwarantuje bezpieczn\u0105 i dynamiczn\u0105 realizacj\u0119 ambitnych wyzwa\u0144, jakie stoj\u0105 przed sp\u00f3\u0142k\u0105&#8221; \u2013 zapewnia Ekosystem. Przypomnijmy, \u017ce Wroc\u0142awska sp\u00f3\u0142ka Ekosystem odpowiada m.in. za prowadzenie PSZOK\u2011\u00f3w oraz za wyw\u00f3z \u015bmieci.<br \/>\n<a href=\"https:\/\/wiadomosci.radiozet.pl\/wroclaw\/afera-we-wroclawiu-wyciekly-poufne-informacje-zglosilismy-sprawe\" target=\"_self\" rel=\"dofollow noopener\">Kilka miesi\u0119cy temu w stolicy Dolnego \u015al\u0105ska wybuch\u0142a tzw. afera \u015bmieciowa<\/a>.<\/p>\n<p>Od marca 2025 roku przetarg na odbi\u00f3r odpad\u00f3w pozostawa\u0142 nierozstrzygni\u0119ty, od lipca wykonawca tej us\u0142ugi wybierany by\u0142 \u201ez wolnej r\u0119ki&#8221;. Pod koniec grudnia 2025 roku to w\u0142a\u015bnie Micha\u0142 M\u0142y\u0144czak poinformowa\u0142 o uniewa\u017cnieniu przetargu\u00a0na odbi\u00f3r odpad\u00f3w we Wroc\u0142awiu. G\u0142\u00f3wnym powodem mia\u0142 by\u0107 \u201ewyciek informacji z post\u0119powania przetargowego&#8221;.\u00a05 marca 2026 roku agenci Centralnego Biura Antykorupcyjnego weszli do miejskiej sp\u00f3\u0142ki Ekosystem i Urz\u0119du Miejskiego we Wroc\u0142awiu. CBA wyst\u0105pi\u0142o do sp\u00f3\u0142ki o udost\u0119pnienie dokumentacji dotycz\u0105cej post\u0119powa\u0144 przetargowych prowadzonych w latach 2019-2025.<\/p>\n<p><a name=\"eztoc41886750_0_9\" id=\"eztoc41886750_0_9\"\/>\u201eKaruzela stanowisk&#8221; we Wroc\u0142awiu?<\/p>\n<p>Podobnych przypadk\u00f3w \u201emigracji\u201d z ratusza do sp\u00f3\u0142ek miejskich jest we Wroc\u0142awiu wi\u0119cej.\u00a0W 2024 roku Przemys\u0142aw Ga\u0142ecki z funkcji dyrektora Wydzia\u0142u Komunikacji UM we Wroc\u0142awiu zosta\u0142 przesuni\u0119ty na stanowisko wiceprezesa Miejskiego Przedsi\u0119biorstwa Wodoci\u0105g\u00f3w i Kanalizacji. Sta\u0142o si\u0119 to nied\u0142ugo po aferze ujawnionej przez \u201eGazet\u0119 Wyborcz\u0105&#8221;. Wroc\u0142awski magistrat mia\u0142 za\u017c\u0105da\u0107, by z program\u00f3w telewizji Echo24 znikn\u0105\u0142 Marcin Torz, dziennikarz krytykuj\u0105cy prezydenta Jacka Sutryka. W zamian zaoferowano stacji publiczne pieni\u0105dze. Wed\u0142ug informacji \u201eGW&#8221; ofert\u0119 \u201epieni\u0105dze za zwolnienie Torza&#8221; mia\u0142 z\u0142o\u017cy\u0107 w\u0142a\u015bnie Ga\u0142ecki.\u00a0\u00a0<\/p>\n<p>Warto r\u00f3wnie\u017c doda\u0107, \u017ce przewodnicz\u0105cym Rady Nadzorczej w sp\u00f3\u0142ce MPK Wroc\u0142aw jest Marcin Urban \u2013 skarbnik miasta. Podlega mu Departament Finans\u00f3w Publicznych. Jest zwi\u0105zany z Urz\u0119dem Miejskim Wroc\u0142awia od 2000 roku. Z kolei Renata Granowska jest r\u00f3wnie\u017c cz\u0142onkiem Rady Nadzorczej w Porcie Lotniczym Wroc\u0142aw, w kt\u00f3rym gmina Wroc\u0142aw ma 49,24 proc. akcji. W tej samej radzie zasiada Jaros\u0142aw Char\u0142ampowicz, radny Rady Miejskiej Wroc\u0142awia w latach 2018-2024 (klub PO). Ponadto w radzie sp\u00f3\u0142ki MPWiK jest W\u0142odzimierz Patalas \u2013 wieloletni urz\u0119dnik wroc\u0142awskiego ratusza, sekretarz miasta \u2013 a tak\u017ce\u00a0Adrian Zawisza,\u00a0dyrektor Biura Nadzoru W\u0142a\u015bcicielskiego.<\/p>\n<p>\u0179r\u00f3d\u0142o: Radio ZET<\/p>\n<p>By\u0142e\u015b \u015bwiadkiem czego\u015b niespodziewanego? Masz temat, kt\u00f3rym powinni\u015bmy si\u0119 zaj\u0105\u0107?<\/p>\n<p>Zg\u0142o\u015b spraw\u0119 przez <a href=\"https:\/\/wiadomosci.radiozet.pl\/czerwony-telefon\" target=\"_blank\" title=\"Czerwony telefon Radia Zet\" rel=\"nofollow noopener\">Czerwony telefon Radia ZET<\/a><\/p>\n","protected":false},"excerpt":{"rendered":"Dlaczego Sutryk odwo\u0142a\u0142 wiceprezydent\u00f3w Granowsk\u0105 i M\u0142y\u0144czaka. Jakie funkcje obj\u0119li Granowska i M\u0142y\u0144czak po zmianie stanowisk. Jakie kompetencje&hellip;\n","protected":false},"author":2,"featured_media":471636,"comment_status":"","ping_status":"","sticky":false,"template":"","format":"standard","meta":{"footnotes":"","_share_on_mastodon":"0"},"categories":[51607],"tags":[17214,26261,2464,42,38,40,907,39,41,1853],"class_list":["post-471635","post","type-post","status-publish","format-standard","has-post-thumbnail","category-wroclaw","tag-dolnoslaskie","tag-jacek-sutryk","tag-koalicja-obywatelska","tag-pl","tag-poland","tag-polish","tag-polityka","tag-polska","tag-polski","tag-wroclaw"],"share_on_mastodon":{"url":"https:\/\/pubeurope.com\/@pl\/116686380445802170","error":""},"_links":{"self":[{"href":"https:\/\/www.europesays.com\/pl\/wp-json\/wp\/v2\/posts\/471635","targetHints":{"allow":["GET"]}}],"collection":[{"href":"https:\/\/www.europesays.com\/pl\/wp-json\/wp\/v2\/posts"}],"about":[{"href":"https:\/\/www.europesays.com\/pl\/wp-json\/wp\/v2\/types\/post"}],"author":[{"embeddable":true,"href":"https:\/\/www.europesays.com\/pl\/wp-json\/wp\/v2\/users\/2"}],"replies":[{"embeddable":true,"href":"https:\/\/www.europesays.com\/pl\/wp-json\/wp\/v2\/comments?post=471635"}],"version-history":[{"count":0,"href":"https:\/\/www.europesays.com\/pl\/wp-json\/wp\/v2\/posts\/471635\/revisions"}],"wp:featuredmedia":[{"embeddable":true,"href":"https:\/\/www.europesays.com\/pl\/wp-json\/wp\/v2\/media\/471636"}],"wp:attachment":[{"href":"https:\/\/www.europesays.com\/pl\/wp-json\/wp\/v2\/media?parent=471635"}],"wp:term":[{"taxonomy":"category","embeddable":true,"href":"https:\/\/www.europesays.com\/pl\/wp-json\/wp\/v2\/categories?post=471635"},{"taxonomy":"post_tag","embeddable":true,"href":"https:\/\/www.europesays.com\/pl\/wp-json\/wp\/v2\/tags?post=471635"}],"curies":[{"name":"wp","href":"https:\/\/api.w.org\/{rel}","templated":true}]}}