{"id":471714,"date":"2026-06-03T14:08:08","date_gmt":"2026-06-03T14:08:08","guid":{"rendered":"https:\/\/www.europesays.com\/pl\/471714\/"},"modified":"2026-06-03T14:08:08","modified_gmt":"2026-06-03T14:08:08","slug":"zuzel-polonia-bez-transferow-po-awansie-jeden-zawodnik-juz-odmowil","status":"publish","type":"post","link":"https:\/\/www.europesays.com\/pl\/471714\/","title":{"rendered":"\u017bu\u017cel. Polonia bez transfer\u00f3w po awansie?! Jeden zawodnik ju\u017c odm\u00f3wi\u0142"},"content":{"rendered":"\n<p class=\"contentpart contentpart--default contentpart--text\" data-position=\"0\"><a href=\"https:\/\/sportowefakty.wp.pl\/zuzel\/polonia-bydgoszcz\" rel=\"nofollow noopener\" target=\"_blank\">Abramczyk Polonia<\/a>\u00a0na razie dominuje w <a href=\"https:\/\/sportowefakty.wp.pl\/zuzel\/i-liga\" rel=\"nofollow noopener\" target=\"_blank\">Metalkas 2. Ekstralidze<\/a>. Bydgoszczanie wygrali siedem mecz\u00f3w z rz\u0119du i maj\u0105 na swoim koncie 14 punkt\u00f3w. Ich przewaga nad drugim w tabeli zespo\u0142em wynosi a\u017c siedem &#8222;oczek&#8221;, wi\u0119c na ten moment nikt nie wyobra\u017ca sobie innego scenariusza ni\u017c awans dru\u017cyny Dariusza \u015aledzia.<\/p>\n<p class=\"contentpart contentpart--default contentpart--text\" data-position=\"1\">Z tego te\u017c powodu coraz cz\u0119\u015bciej padaj\u0105 pytania o ewentualne transfery. Okazuje si\u0119 jednak, \u017ce w Bydgoszczy w og\u00f3le nie musi do nich doj\u015b\u0107. &#8211; Przede wszystkim na wst\u0119pie chc\u0119 podkre\u015bli\u0107, \u017ce najpierw trzeba awansowa\u0107, a droga jest jeszcze bardzo daleka &#8211; m\u00f3wi nam prezes <a href=\"https:\/\/sportowefakty.wp.pl\/zuzel\/jerzy-kanclerz\" rel=\"nofollow noopener\" target=\"_blank\">Jerzy Kanclerz<\/a>.<\/p>\n<p>  <img decoding=\"async\" src=\"https:\/\/v.wpimg.pl\/X3dwLnN2d1IFFTpdYUl6R0ZNbgcnEHQREVV2TGEGbUtRT2MdOlZ2RBQUKABgQjQcDRotCStBd1IAAWMeIlM7VgwYIAorQAdEFFk_GCkQJQ\" alt=\"\" width=\"45\" height=\"58\" loading=\"lazy\"\/>  <\/p>\n<p class=\"contentpart contentpart--default contentpart--text\" data-position=\"2\">ZOBACZ WIDEO: &#8222;Nie chcia\u0142em by\u0107 tak traktowany&#8221;. Nagel t\u0142umaczy powody zmiany klubu<\/p>\n<p class=\"contentpart contentpart--default contentpart--text\" data-position=\"4\">&#8211; Poza tym na ten moment nie prowadz\u0119 \u017cadnych negocjacji z zawodnikami z zewn\u0105trz. Mog\u0119 zdradzi\u0107, \u017ce w ostatnim czasie odby\u0142em tylko jedn\u0105 rozmow\u0119 z polskim \u017cu\u017clowcem. Wydarzy\u0142o si\u0119 to przy okazji turnieju IMP. Tak naprawd\u0119 temat si\u0119 sko\u0144czy\u0142, zanim si\u0119 zacz\u0105\u0142, bo us\u0142ysza\u0142em, \u017ce ma ju\u017c klub na sezon 2027. Nazwiska jednak nie chc\u0119 zdradza\u0107. M\u00f3wi\u0119 o tym, bo to dobrze obrazuje, \u017ce tak naprawd\u0119 nie ma z mojej strony dzia\u0142a\u0144 na rynku &#8211; zaznacza szef Polonii.<\/p>\n<p class=\"contentpart contentpart--default contentpart--text\" data-position=\"5\">Nieoficjalnie wiadomo, \u017ce Kanclerz sondowa\u0142 transfer <a href=\"https:\/\/sportowefakty.wp.pl\/zuzel\/piotr-pawlicki-jr\" rel=\"nofollow noopener\" target=\"_blank\">Piotra Pawlickiego<\/a>. To w\u0142a\u015bnie ten zawodnik mia\u0142 szybko uci\u0105\u0107 temat ze wzgl\u0119du na to, \u017ce ma ju\u017c porozumienie z <a href=\"https:\/\/sportowefakty.wp.pl\/zuzel\/fogo-unia-leszno\" rel=\"nofollow noopener\" target=\"_blank\">Fogo Uni\u0105 Leszno<\/a>.<\/p>\n<p class=\"contentpart contentpart--default contentpart--text\" data-position=\"6\">Warto r\u00f3wnie\u017c podkre\u015bli\u0107, \u017ce cho\u0107 na dzi\u015b Bydgoszczanie nie s\u0105 aktywni na rynku, to z czasem ich taktyka mo\u017ce si\u0119 zmieni\u0107. &#8211; Znawcy tego sportu m\u00f3wi\u0105, \u017ce potrzeba nam dw\u00f3ch, trzech transfer\u00f3w. Ja nie do ko\u0144ca si\u0119 z tym zgadzam, bo nazwiska nie je\u017cd\u017c\u0105, czego przyk\u0142adem jest mi\u0119dzy innymi dru\u017cyna z Ostrowa. By\u0107 mo\u017ce co\u015b b\u0119dzie trzeba zrobi\u0107, ale na dzi\u015b wszyscy maj\u0105 szanse na pozostanie w naszym klubie. Je\u015bli forma kt\u00f3rego\u015b z \u017cu\u017clowc\u00f3w nie b\u0119dzie odpowiednia, to dopiero wtedy b\u0119d\u0119 aktywny na rynku transferowym. Mo\u017cna zatem powiedzie\u0107, \u017ce to zawodnicy zdecyduj\u0105, czy w Polonii dojdzie do transfer\u00f3w. Jeszcze raz jednak powt\u00f3rz\u0119, \u017ce najpierw jednak musimy wywalczy\u0107 ten awans &#8211; podkre\u015bla szef Polonii.<\/p>\n<p>  <img decoding=\"async\" src=\"https:\/\/v.wpimg.pl\/X3dwLnN2d1IFFTpdYUl6R0ZNbgcnEHQREVV2TGEGbUtRT2MdOlZ2RBQUKABgQjQcDRotCStBd1IAAWMeIlM7VgwYIAorQAdEFFk_GCkQJQ\" alt=\"\" width=\"45\" height=\"58\" loading=\"lazy\"\/>  <\/p>\n<p class=\"contentpart contentpart--default contentpart--text\" data-position=\"7\">Kanclerz zwr\u00f3ci\u0142 r\u00f3wnie\u017c uwag\u0119, \u017ce przyczyn\u0105 braku transfer\u00f3w mo\u017ce by\u0107 niewielki wyb\u00f3r  zawodnik\u00f3w na rynku. Wielu z nich ma podpisane d\u0142ugoletnie kontrakty. Poza tym cz\u0119\u015b\u0107 \u017cu\u017clowc\u00f3w mo\u017ce nie by\u0107 zainteresowana czekaniem na awans Polonii.<\/p>\n<p class=\"contentpart contentpart--default contentpart--text\" data-position=\"8\">Teoretycznie w zasi\u0119gu Polonii mog\u0142oby by\u0107 transfery\u00a0<a href=\"https:\/\/sportowefakty.wp.pl\/zuzel\/jason-doyle\" rel=\"nofollow noopener\" target=\"_blank\">Jasona Doyle&#8217;a<\/a>\u00a0lub <a href=\"https:\/\/sportowefakty.wp.pl\/zuzel\/ryan-douglas\" rel=\"nofollow noopener\" target=\"_blank\">Ryana Douglasa<\/a>. Kanclerz przyzna\u0142, \u017ce bierze te ruchy pod uwag\u0119, ale tylko w sytuacji, gdyby w najbli\u017cszych tygodniach kt\u00f3ry\u015b z obcokrajowc\u00f3w mocno obni\u017cy\u0142 loty.<\/p>\n<p class=\"contentpart contentpart--default contentpart--text\" data-position=\"9\">&#8211; Jasona znam bardzo dobrze i go szanuj\u0119. To zawodnik wielkiego formatu, ale na dzi\u015b trudno mi go oceni\u0107, bo jeste\u015bmy na pocz\u0105tku czerwca. Jest za wcze\u015bnie. Poza tym nie patrz\u0119 na nazwiska, ale na aktualn\u0105 dyspozycj\u0119. Mo\u017cna jednak powiedzie\u0107, \u017ce Australijczyk gdzie\u015b si\u0119 w moich my\u015blach przewija. Ryan Douglas? Na pewno jest wart uwagi, bo ma potencja\u0142. Ca\u0142y czas mam w pami\u0119ci jego wyst\u0119p na bydgoskim torze, kiedy by\u0142 jeszcze mniej znanym zawodnikiem. Od tamtej chwili wykona\u0142 ogromny post\u0119p. Teraz jest na fali. Mo\u017cna powiedzie\u0107, \u017ce jego nazwisko te\u017c si\u0119 przewija. Jest w kr\u0119gu zainteresowa\u0144 &#8211; podsumowuje prezes Abramczyk Polonii.<\/p>\n","protected":false},"excerpt":{"rendered":"Abramczyk Polonia\u00a0na razie dominuje w Metalkas 2. Ekstralidze. Bydgoszczanie wygrali siedem mecz\u00f3w z rz\u0119du i maj\u0105 na swoim&hellip;\n","protected":false},"author":2,"featured_media":471715,"comment_status":"","ping_status":"","sticky":false,"template":"","format":"standard","meta":{"footnotes":"","_share_on_mastodon":"0"},"categories":[51613],"tags":[883,7132,1629,10063,11179,979,1334,980,42,38,40,39,41,34248,174],"class_list":["post-471714","post","type-post","status-publish","format-standard","has-post-thumbnail","category-bydgoszcz","tag-abramczyk-polonia-bydgoszcz","tag-bydgoszcz","tag-fogo-unia-leszno","tag-jason-doyle","tag-jerzy-kanclerz","tag-metalkas-2-ekstraliga","tag-pge-ekstraliga","tag-piotr-pawlicki","tag-pl","tag-poland","tag-polish","tag-polska","tag-polski","tag-ryan-douglas","tag-zuzel"],"share_on_mastodon":{"url":"https:\/\/pubeurope.com\/@pl\/116686573776483985","error":""},"_links":{"self":[{"href":"https:\/\/www.europesays.com\/pl\/wp-json\/wp\/v2\/posts\/471714","targetHints":{"allow":["GET"]}}],"collection":[{"href":"https:\/\/www.europesays.com\/pl\/wp-json\/wp\/v2\/posts"}],"about":[{"href":"https:\/\/www.europesays.com\/pl\/wp-json\/wp\/v2\/types\/post"}],"author":[{"embeddable":true,"href":"https:\/\/www.europesays.com\/pl\/wp-json\/wp\/v2\/users\/2"}],"replies":[{"embeddable":true,"href":"https:\/\/www.europesays.com\/pl\/wp-json\/wp\/v2\/comments?post=471714"}],"version-history":[{"count":0,"href":"https:\/\/www.europesays.com\/pl\/wp-json\/wp\/v2\/posts\/471714\/revisions"}],"wp:featuredmedia":[{"embeddable":true,"href":"https:\/\/www.europesays.com\/pl\/wp-json\/wp\/v2\/media\/471715"}],"wp:attachment":[{"href":"https:\/\/www.europesays.com\/pl\/wp-json\/wp\/v2\/media?parent=471714"}],"wp:term":[{"taxonomy":"category","embeddable":true,"href":"https:\/\/www.europesays.com\/pl\/wp-json\/wp\/v2\/categories?post=471714"},{"taxonomy":"post_tag","embeddable":true,"href":"https:\/\/www.europesays.com\/pl\/wp-json\/wp\/v2\/tags?post=471714"}],"curies":[{"name":"wp","href":"https:\/\/api.w.org\/{rel}","templated":true}]}}