{"id":471739,"date":"2026-06-03T14:21:10","date_gmt":"2026-06-03T14:21:10","guid":{"rendered":"https:\/\/www.europesays.com\/pl\/471739\/"},"modified":"2026-06-03T14:21:10","modified_gmt":"2026-06-03T14:21:10","slug":"magdalena-abakanowicz-ustanowila-rekord-bambini-sprzedane-za-fortune","status":"publish","type":"post","link":"https:\/\/www.europesays.com\/pl\/471739\/","title":{"rendered":"Magdalena Abakanowicz ustanowi\u0142a rekord. &#8222;Bambini&#8221; sprzedane za fortun\u0119"},"content":{"rendered":"<p>Licytacja rozpocz\u0119\u0142a si\u0119 od kwoty 10 mln z\u0142, a ostateczna cena m\u0142otkowa wynios\u0142a 13,4 mln z\u0142. Po doliczeniu op\u0142at aukcyjnych suma transakcji si\u0119gn\u0119\u0142a 16,13 mln z\u0142. Tym samym ustanowiono kilka rekord\u00f3w: to najdro\u017cej sprzedane dzie\u0142o wsp\u00f3\u0142czesnego artysty w Polsce, a tak\u017ce najdro\u017csza praca polskiej artystki sprzedana na aukcji.<\/p>\n<p> Dalszy ci\u0105g artyku\u0142u pod materia\u0142em wideo <\/p>\n<p>Dodatkowo, jest to \u015bwiatowy rekord cenowy dla tw\u00f3rczo\u015bci Magdaleny Abakanowicz. Monumentalne &#8222;Bambini&#8221; trafi\u0142y do prywatnej kolekcji w Polsce, co podkre\u015bla rosn\u0105ce zainteresowanie rodzim\u0105 sztuk\u0105 wsp\u00f3\u0142czesn\u0105 na krajowym rynku.<\/p>\n<p>&#8222;W tym rekordzie najwa\u017cniejszy jest sam obiekt. Monumentalny, o mocnym przekazie. O wielkiej warto\u015bci artystycznej i kulturowej dla nas wszystkich. To jeden z najwi\u0119kszych, ale te\u017c jeden z naprawd\u0119 niewielu zachowanych \u00bbt\u0142um\u00f3w\u00ab \u2014 jej ikonicznych realizacji. Wiele z nich uleg\u0142o rozdzieleniu i rozproszeniu&#8221; \u2014 powiedzia\u0142a Marzena Karpi\u0144ska Dom Aukcyjny Polswiss Art.<\/p>\n<p>Dzie\u0142o &#8222;Bambini&#8221; powsta\u0142o w latach 1998-1999 i przedstawia grup\u0119 83 dzieci\u0119cych postaci. Praca ta jest uznawana za jedn\u0105 z najwa\u017cniejszych w dorobku artystki, a jej sprzeda\u017c na aukcji wzbudzi\u0142a du\u017ce zainteresowanie zar\u00f3wno w\u015br\u00f3d kolekcjoner\u00f3w, jak i mi\u0142o\u015bnik\u00f3w sztuki wsp\u00f3\u0142czesnej.<\/p>\n<p>Czytaj tak\u017ce:     <\/p>\n","protected":false},"excerpt":{"rendered":"Licytacja rozpocz\u0119\u0142a si\u0119 od kwoty 10 mln z\u0142, a ostateczna cena m\u0142otkowa wynios\u0142a 13,4 mln z\u0142. Po doliczeniu&hellip;\n","protected":false},"author":2,"featured_media":471740,"comment_status":"","ping_status":"","sticky":false,"template":"","format":"standard","meta":{"footnotes":"","_share_on_mastodon":"0"},"categories":[22],"tags":[23180,61195,122,90239,39701,48,46,55,42,38,40,39,41,6061,123,47,8767,90240],"class_list":["post-471739","post","type-post","status-publish","format-standard","has-post-thumbnail","category-rozrywka","tag-aukcja","tag-bottomfeed_styl","tag-entertainment","tag-magdalena_abakanowicz","tag-najnowsze_wiadomosci","tag-nat_styl","tag-omp","tag-phx","tag-pl","tag-poland","tag-polish","tag-polska","tag-polski","tag-rekord","tag-rozrywka","tag-screening_general","tag-sztuka","tag-sztuka_wspolczesna"],"share_on_mastodon":{"url":"https:\/\/pubeurope.com\/@pl\/116686624479066148","error":""},"_links":{"self":[{"href":"https:\/\/www.europesays.com\/pl\/wp-json\/wp\/v2\/posts\/471739","targetHints":{"allow":["GET"]}}],"collection":[{"href":"https:\/\/www.europesays.com\/pl\/wp-json\/wp\/v2\/posts"}],"about":[{"href":"https:\/\/www.europesays.com\/pl\/wp-json\/wp\/v2\/types\/post"}],"author":[{"embeddable":true,"href":"https:\/\/www.europesays.com\/pl\/wp-json\/wp\/v2\/users\/2"}],"replies":[{"embeddable":true,"href":"https:\/\/www.europesays.com\/pl\/wp-json\/wp\/v2\/comments?post=471739"}],"version-history":[{"count":0,"href":"https:\/\/www.europesays.com\/pl\/wp-json\/wp\/v2\/posts\/471739\/revisions"}],"wp:featuredmedia":[{"embeddable":true,"href":"https:\/\/www.europesays.com\/pl\/wp-json\/wp\/v2\/media\/471740"}],"wp:attachment":[{"href":"https:\/\/www.europesays.com\/pl\/wp-json\/wp\/v2\/media?parent=471739"}],"wp:term":[{"taxonomy":"category","embeddable":true,"href":"https:\/\/www.europesays.com\/pl\/wp-json\/wp\/v2\/categories?post=471739"},{"taxonomy":"post_tag","embeddable":true,"href":"https:\/\/www.europesays.com\/pl\/wp-json\/wp\/v2\/tags?post=471739"}],"curies":[{"name":"wp","href":"https:\/\/api.w.org\/{rel}","templated":true}]}}