{"id":472100,"date":"2026-06-03T17:59:14","date_gmt":"2026-06-03T17:59:14","guid":{"rendered":"https:\/\/www.europesays.com\/pl\/472100\/"},"modified":"2026-06-03T17:59:14","modified_gmt":"2026-06-03T17:59:14","slug":"procesja-przejdzie-przez-centrum-wroclawia-mozliwe-korki-i-objazdy","status":"publish","type":"post","link":"https:\/\/www.europesays.com\/pl\/472100\/","title":{"rendered":"Procesja przejdzie przez centrum Wroc\u0142awia. Mo\u017cliwe korki i objazdy"},"content":{"rendered":"<p>Bo\u017ce Cia\u0142o we Wroc\u0142awiu. Procesja w centrum i utrudnienia w ruchu<\/p>\n<p>fot. RW<\/p>\n<p>W czwartek, 4 czerwca we Wroc\u0142awiu odb\u0119dzie si\u0119 centralna procesja Bo\u017cego Cia\u0142a, kt\u00f3ra przejdzie z Katedry Wroc\u0142awskiej do Ko\u015bcio\u0142a Garnizonowego \u015bw. El\u017cbiety. W godzinach 9:00\u201312:00 kierowcy i piesi musz\u0105 liczy\u0107 si\u0119 z czasowymi utrudnieniami w ruchu w centrum miasta.<\/p>\n<p style=\"text-align: justify;\">W czwartek w godz. 9:00\u201312:00 we Wroc\u0142awiu odb\u0119dzie si\u0119 centralna procesja Bo\u017cego Cia\u0142a, kt\u00f3ra przejdzie z Katedry Wroc\u0142awskiej do Ko\u015bcio\u0142a Garnizonowego \u015bw. El\u017cbiety na Rynku.<\/p>\n<p style=\"text-align: justify;\">Uczestnicy wyrusz\u0105 z Ostrowa Tumskiego i przejd\u0105 przez Most Tumski, ul. Naj\u015bwi\u0119tszej Maryi Panny, ul. \u015bw. Jadwigi oraz Most Piaskowy. Nast\u0119pnie trasa poprowadzi przez ul. Piaskow\u0105, pl. Nowy Targ, ul. \u015aw. Katarzyny i ul. Wita Stwosza a\u017c do Rynku. W zwi\u0105zku z wydarzeniem w centrum miasta wyst\u0105pi\u0105 czasowe utrudnienia w ruchu drogowym oraz mo\u017cliwe chwilowe wstrzymania przejazdu.<\/p>\n<p style=\"text-align: justify;\">Policja i s\u0142u\u017cby porz\u0105dkowe b\u0119d\u0105 zabezpiecza\u0107 tras\u0119 procesji oraz kierowa\u0107 ruchem w newralgicznych punktach. Dodatkowo w r\u00f3\u017cnych dzielnicach Wroc\u0142awia odb\u0119d\u0105 si\u0119 lokalne procesje o mniejszej skali. W tych miejscach r\u00f3wnie\u017c mog\u0105 wyst\u0105pi\u0107 kr\u00f3tkotrwa\u0142e utrudnienia w ruchu.<\/p>\n<p style=\"text-align: justify;\">Szczeg\u00f3\u0142owe trasy i godziny przej\u015b\u0107 lokalnych procesji dost\u0119pne b\u0119d\u0105 w komunikatach poszczeg\u00f3lnych jednostek.<\/p>\n","protected":false},"excerpt":{"rendered":"Bo\u017ce Cia\u0142o we Wroc\u0142awiu. Procesja w centrum i utrudnienia w ruchu fot. RW W czwartek, 4 czerwca we&hellip;\n","protected":false},"author":2,"featured_media":472101,"comment_status":"","ping_status":"","sticky":false,"template":"","format":"standard","meta":{"footnotes":"","_share_on_mastodon":"0"},"categories":[51607],"tags":[15599,51726,8971,90298,64179,42,38,40,39,41,58782,88319,53719,1853,31602],"class_list":["post-472100","post","type-post","status-publish","format-standard","has-post-thumbnail","category-wroclaw","tag-centrum","tag-i","tag-korki","tag-mozliwe","tag-objazdy","tag-pl","tag-poland","tag-polish","tag-polska","tag-polski","tag-procesja","tag-przejdzie","tag-przez","tag-wroclaw","tag-wroclawia"],"share_on_mastodon":{"url":"https:\/\/pubeurope.com\/@pl\/116687481359221610","error":""},"_links":{"self":[{"href":"https:\/\/www.europesays.com\/pl\/wp-json\/wp\/v2\/posts\/472100","targetHints":{"allow":["GET"]}}],"collection":[{"href":"https:\/\/www.europesays.com\/pl\/wp-json\/wp\/v2\/posts"}],"about":[{"href":"https:\/\/www.europesays.com\/pl\/wp-json\/wp\/v2\/types\/post"}],"author":[{"embeddable":true,"href":"https:\/\/www.europesays.com\/pl\/wp-json\/wp\/v2\/users\/2"}],"replies":[{"embeddable":true,"href":"https:\/\/www.europesays.com\/pl\/wp-json\/wp\/v2\/comments?post=472100"}],"version-history":[{"count":0,"href":"https:\/\/www.europesays.com\/pl\/wp-json\/wp\/v2\/posts\/472100\/revisions"}],"wp:featuredmedia":[{"embeddable":true,"href":"https:\/\/www.europesays.com\/pl\/wp-json\/wp\/v2\/media\/472101"}],"wp:attachment":[{"href":"https:\/\/www.europesays.com\/pl\/wp-json\/wp\/v2\/media?parent=472100"}],"wp:term":[{"taxonomy":"category","embeddable":true,"href":"https:\/\/www.europesays.com\/pl\/wp-json\/wp\/v2\/categories?post=472100"},{"taxonomy":"post_tag","embeddable":true,"href":"https:\/\/www.europesays.com\/pl\/wp-json\/wp\/v2\/tags?post=472100"}],"curies":[{"name":"wp","href":"https:\/\/api.w.org\/{rel}","templated":true}]}}