{"id":473113,"date":"2026-06-04T05:44:11","date_gmt":"2026-06-04T05:44:11","guid":{"rendered":"https:\/\/www.europesays.com\/pl\/473113\/"},"modified":"2026-06-04T05:44:11","modified_gmt":"2026-06-04T05:44:11","slug":"lodz-nowe-podejscie-do-elektronicznej-informacji-pasazerskiej-na-przystankach","status":"publish","type":"post","link":"https:\/\/www.europesays.com\/pl\/473113\/","title":{"rendered":"\u0141\u00f3d\u017a. Nowe podej\u015bcie do elektronicznej informacji pasa\u017cerskiej na przystankach"},"content":{"rendered":"<p>Nowy format wy\u015bwietlaczy Systemu Informacji Pasa\u017cerskiej (SIP) od niedawna mo\u017cna zobaczy\u0107 na jednej z uko\u0144czonych ulic w \u0141odzi. Magistrat traktuje to jako pilota\u017c, ale jednocze\u015bnie planuje kolejne urz\u0105dzenia przy du\u017cych inwestycjach dla komunikacji miejskiej.   <\/p>\n<p>Do tej pory w \u0141odzi stosowane by\u0142y wy\u015bwietlacze Systemu Informacji Pasa\u017cerskie jako urz\u0105dzenia dwustronne, sze\u015bciowierszowe tablice z diodami koloru bursztynowego oraz z trybem g\u0142osowym uruchamianym za pomoc\u0105 przycisku. To mo\u017ce si\u0119 jednak wkr\u00f3tce zmieni\u0107. <\/p>\n<p>Nowy format informacji pasa\u017cerskiej na przystankach w \u0141odzi <\/p>\n<p>W ostatnim czasie nowy format wy\u015bwietlaczy Systemu Informacji Pasa\u017cerskiej mo\u017cna ogl\u0105da\u0107 na jednym z przystank\u00f3w przy ul. Szczeci\u0144skiej. Tam Miejskie Centrum Inwestycji (d. Zarz\u0105d Inwestycji Miejskich), w ramach prowadzonej inwestycji, umie\u015bci\u0142 trzywierszowy wy\u015bwietlacz we wiacie przystankowej. <\/p>\n<p>\u2013 Z jednej strony jest to wi\u0119ksza dost\u0119pno\u015b\u0107 dla pasa\u017cer\u00f3w. Bo wy\u015bwietlacz widzimy stoj\u0105c pod wiat\u0105 i jest to wygodniejsze. Jest na ni\u017cszym poziomie i bardziej dost\u0119pny dla pasa\u017cer\u00f3w. Po drugie to te\u017c pewne oszcz\u0119dno\u015bci, bo nie mamy osobnego wysi\u0119gnika, a od razu montujemy to w to wiat\u0119 \u2013 t\u0142umaczy Tomasz Andrzejewski z \u0141\u00f3dzkich Inwestycji, kt\u00f3ry cz\u0119\u015bciowo odpowiada tak\u017ce za komunikacj\u0119 ZDiT w zakresie inwestycji dla komunikacji miejskiej.<\/p>\n<p>Jak s\u0142yszymy jest to na razie bardziej pilota\u017c rozwi\u0105zania, kt\u00f3re widzia\u0142by Zarz\u0105d Dr\u00f3g i Transportu. Zar\u00f3wno po stronie samego urz\u0119du, jak od pasa\u017cer\u00f3w b\u0119d\u0105 zbierane informacje zwrotne. To ma pom\u00f3c w decyzji o uszczeg\u00f3\u0142owieniu kierunku, w kt\u00f3rym ma nast\u0119powa\u0107 rozw\u00f3j przystankowego SIP.<\/p>\n<p><img decoding=\"async\" src=\"https:\/\/www.europesays.com\/pl\/wp-content\/uploads\/2026\/06\/2026060323153620260604SIPWeWiatachLodzSzczecinska2fotDSiwak.jpg\"\/><\/p>\n<p>Fot. Daniel Siwak | Ul. Szczeci\u0144ska i nowy format przystankowego SIP &#8211; we wiatach przystankowych<\/p>\n<p> \u2013 Tutaj mo\u017cemy sobie oceni\u0107 funkcjonalno\u015bci takiego technicznego rozwi\u0105zania. W t\u0119 stron\u0119 z informacj\u0105 pasa\u017cersk\u0105 we wiacie chcia\u0142by te\u017c i\u015b\u0107 Wydzia\u0142 Transportu Zbiorowego [ZDiT], bo tam w \u015brodku mamy te\u017c rozk\u0142ady jazdy i inne informacje dla pasa\u017cer\u00f3w \u2013 dodaje Andrzejewski. <\/p>\n<p>Co ciekawe, magistrat nie daje sobie jakiego\u015b sztywnego okresu na testowanie wy\u015bwietlaczy SIP we wiatach. Nie przeszkadza to tak\u017ce we wskazywaniu takiego rozwi\u0105zania przy nowych inwestycjach dla komunikacji miejskiej. I tutaj warto wspomnie\u0107, \u017ce zapisy co do ewentualnego zaprojektowania wiat z takimi urz\u0105dzeniami znalaz\u0142y si\u0119 m.in. w przetargach na <a href=\"https:\/\/www.rynekinfrastruktury.pl\/wiadomosci\/miasto\/lodz-piec-zblizonych-ofert-w-przetargu-na-tramwaj-99221.html\" target=\"_blank\" rel=\"nofollow noopener\">ul. Rzgowsk\u0105<\/a> (odcinek od ul. Korzeniowskiego do skrzy\u017cowania ulic Stra\u017cacka\/Kurczaki) czy na <a href=\"https:\/\/www.rynekinfrastruktury.pl\/wiadomosci\/miasto\/lodz-przebudowa-trasy-tramwajowej-w-aleksandrowskiej-99062.html\" target=\"_blank\" rel=\"nofollow noopener\">ul. Aleksandrowsk\u0105 <\/a>(odcinek od ul. Szczeci\u0144skiej do ul. Bielicowej). <\/p>\n<p>Co z e-papierem na przystankach w \u0141odzi?  <\/p>\n<p>\u2013 Nie jest to kluczowa kwestia, na kt\u00f3r\u0105 si\u0119 teraz mocno zastanawiamy. Mo\u017cna zrobi\u0107 wszystko, tylko musimy okre\u015bli\u0107 sobie jakie\u015b priorytety. Przebudowy i remonty infrastruktury s\u0105 tym priorytetem, a na reszt\u0119 przyjdzie czas \u2013 wskazuje Agnieszka Kowalewska-W\u00f3jcik, dyrektor Departamentu Inwestycji i Zarz\u0105dzania Drogami Urz\u0119du Miasta \u0141odzi.   <\/p>\n<p><\/p>\n","protected":false},"excerpt":{"rendered":"Nowy format wy\u015bwietlaczy Systemu Informacji Pasa\u017cerskiej (SIP) od niedawna mo\u017cna zobaczy\u0107 na jednej z uko\u0144czonych ulic w \u0141odzi.&hellip;\n","protected":false},"author":2,"featured_media":473114,"comment_status":"","ping_status":"","sticky":false,"template":"","format":"standard","meta":{"footnotes":"","_share_on_mastodon":"0"},"categories":[51608],"tags":[7648,7650,90483,2624,90481,54135,54137,54134,7651,2995,3652,56325,7649,7653,10798,2801,42,38,40,39,41,6228,7647,7646,90482,7652,60074],"class_list":["post-473113","post","type-post","status-publish","format-standard","has-post-thumbnail","category-lodz","tag-autostrada","tag-cieplownictwo","tag-e-papier","tag-energetyka","tag-informacja-pasazerska","tag-inwestycje-miejskie","tag-komunikacja-miejska-w-lodzi","tag-komunikacja-w-lodzi","tag-linie-kolejowe","tag-lotnisko","tag-lodz","tag-miejskie-centrum-inwestycji-w-lodzi","tag-obwodnica","tag-operatorzy","tag-pasazerowie","tag-pkp-plk","tag-pl","tag-poland","tag-polish","tag-polska","tag-polski","tag-porty","tag-porty-lotnicze","tag-stocznie","tag-system-informacji-pasazerskiej","tag-telekomunikacja","tag-zarzad-drog-i-transportu-w-lodzi"],"share_on_mastodon":{"url":"https:\/\/pubeurope.com\/@pl\/116690253456921914","error":""},"_links":{"self":[{"href":"https:\/\/www.europesays.com\/pl\/wp-json\/wp\/v2\/posts\/473113","targetHints":{"allow":["GET"]}}],"collection":[{"href":"https:\/\/www.europesays.com\/pl\/wp-json\/wp\/v2\/posts"}],"about":[{"href":"https:\/\/www.europesays.com\/pl\/wp-json\/wp\/v2\/types\/post"}],"author":[{"embeddable":true,"href":"https:\/\/www.europesays.com\/pl\/wp-json\/wp\/v2\/users\/2"}],"replies":[{"embeddable":true,"href":"https:\/\/www.europesays.com\/pl\/wp-json\/wp\/v2\/comments?post=473113"}],"version-history":[{"count":0,"href":"https:\/\/www.europesays.com\/pl\/wp-json\/wp\/v2\/posts\/473113\/revisions"}],"wp:featuredmedia":[{"embeddable":true,"href":"https:\/\/www.europesays.com\/pl\/wp-json\/wp\/v2\/media\/473114"}],"wp:attachment":[{"href":"https:\/\/www.europesays.com\/pl\/wp-json\/wp\/v2\/media?parent=473113"}],"wp:term":[{"taxonomy":"category","embeddable":true,"href":"https:\/\/www.europesays.com\/pl\/wp-json\/wp\/v2\/categories?post=473113"},{"taxonomy":"post_tag","embeddable":true,"href":"https:\/\/www.europesays.com\/pl\/wp-json\/wp\/v2\/tags?post=473113"}],"curies":[{"name":"wp","href":"https:\/\/api.w.org\/{rel}","templated":true}]}}