{"id":473827,"date":"2026-06-04T14:23:07","date_gmt":"2026-06-04T14:23:07","guid":{"rendered":"https:\/\/www.europesays.com\/pl\/473827\/"},"modified":"2026-06-04T14:23:07","modified_gmt":"2026-06-04T14:23:07","slug":"zostawili-kilkulatke-w-aucie-i-poszli-pic-alkohol-akcja-policji-w-poznaniu","status":"publish","type":"post","link":"https:\/\/www.europesays.com\/pl\/473827\/","title":{"rendered":"Zostawili kilkulatk\u0119 w aucie i poszli pi\u0107 alkohol. Akcja policji w Poznaniu"},"content":{"rendered":"<p>Zdarzenie mia\u0142o miejsce w sobot\u0119, 30 maja, oko\u0142o godz. 16. Operator monitoringu miejskiego zauwa\u017cy\u0142, \u017ce w jednym z zaparkowanych na ul. Czartoria w centrum Poznania samochod\u00f3w samotnie przebywa kilkuletnia dziewczynka.<\/p>\n<p> Dalszy ci\u0105g artyku\u0142u pod materia\u0142em wideo <\/p>\n<p>Jak relacjonuje w komunikacie pozna\u0144ska stra\u017c miejska, dziecko chwil\u0119 p\u00f3\u017aniej opu\u015bci\u0142o pojazd i uda\u0142o si\u0119 do swoich opiekun\u00f3w, kt\u00f3rzy spo\u017cywali alkohol nad Wart\u0105. P\u00f3\u017aniej ca\u0142a tr\u00f3jka wr\u00f3ci\u0142a do auta, a m\u0119\u017cczyzna wsiad\u0142 za kierownic\u0119. Samoch\u00f3d oddali\u0142 si\u0119 w stron\u0119 Chwaliszewa.<\/p>\n<p>M\u0119\u017cczyzna chcia\u0142 uciec. Policja rozpocz\u0119\u0142a po\u015bcig     <\/p>\n<p>Operator monitoringu powiadomi\u0142 o zdarzeniu s\u0142u\u017cby. Na miejsce wys\u0142ano patrol policji. Kiedy funkcjonariusze zbli\u017cyli si\u0119 do samochodu rodziny, kierowca auta zacz\u0105\u0142 ucieka\u0107. &#8222;Policjanci przeprowadzili po\u015bcig ulicami Ciasn\u0105, Wenecja\u0144sk\u0105, Wielk\u0105 i Garbary. Ca\u0142a akcja by\u0142a monitorowana i policjanci byli w sta\u0142ym kontakcie z Referatem Monitoringu stra\u017cy miejskiej&#8221; \u2014 czytamy w komunikacie stra\u017cy miejskiej.<\/p>\n<p>Ostatecznie akcja s\u0142u\u017cb zako\u0144czy\u0142a si\u0119 sukcesem. M\u0119\u017cczyzna zosta\u0142 zatrzymany u zbiegu ulic Szewskiej i Dominika\u0144skiej. By\u0142 pod wp\u0142ywem alkoholu.<\/p>\n<p>Kierowca zosta\u0142 przetransportowany na komisariat, a jego auto zosta\u0142o odholowane na policyjny parking.<\/p>\n","protected":false},"excerpt":{"rendered":"Zdarzenie mia\u0142o miejsce w sobot\u0119, 30 maja, oko\u0142o godz. 16. Operator monitoringu miejskiego zauwa\u017cy\u0142, \u017ce w jednym z&hellip;\n","protected":false},"author":2,"featured_media":473828,"comment_status":"","ping_status":"","sticky":false,"template":"","format":"standard","meta":{"footnotes":"","_share_on_mastodon":"0"},"categories":[51609],"tags":[906,61195,496,48,46,42,38,414,40,39,41,572,1817,47,2267,14428],"class_list":["post-473827","post","type-post","status-publish","format-standard","has-post-thumbnail","category-poznan","tag-alkohol","tag-bottomfeed_styl","tag-kierowcy","tag-nat_styl","tag-omp","tag-pl","tag-poland","tag-policja","tag-polish","tag-polska","tag-polski","tag-poscig","tag-poznan","tag-screening_general","tag-straz_miejska","tag-zatrzymania"],"share_on_mastodon":{"url":"https:\/\/pubeurope.com\/@pl\/116692294549066679","error":""},"_links":{"self":[{"href":"https:\/\/www.europesays.com\/pl\/wp-json\/wp\/v2\/posts\/473827","targetHints":{"allow":["GET"]}}],"collection":[{"href":"https:\/\/www.europesays.com\/pl\/wp-json\/wp\/v2\/posts"}],"about":[{"href":"https:\/\/www.europesays.com\/pl\/wp-json\/wp\/v2\/types\/post"}],"author":[{"embeddable":true,"href":"https:\/\/www.europesays.com\/pl\/wp-json\/wp\/v2\/users\/2"}],"replies":[{"embeddable":true,"href":"https:\/\/www.europesays.com\/pl\/wp-json\/wp\/v2\/comments?post=473827"}],"version-history":[{"count":0,"href":"https:\/\/www.europesays.com\/pl\/wp-json\/wp\/v2\/posts\/473827\/revisions"}],"wp:featuredmedia":[{"embeddable":true,"href":"https:\/\/www.europesays.com\/pl\/wp-json\/wp\/v2\/media\/473828"}],"wp:attachment":[{"href":"https:\/\/www.europesays.com\/pl\/wp-json\/wp\/v2\/media?parent=473827"}],"wp:term":[{"taxonomy":"category","embeddable":true,"href":"https:\/\/www.europesays.com\/pl\/wp-json\/wp\/v2\/categories?post=473827"},{"taxonomy":"post_tag","embeddable":true,"href":"https:\/\/www.europesays.com\/pl\/wp-json\/wp\/v2\/tags?post=473827"}],"curies":[{"name":"wp","href":"https:\/\/api.w.org\/{rel}","templated":true}]}}