{"id":473829,"date":"2026-06-04T14:24:10","date_gmt":"2026-06-04T14:24:10","guid":{"rendered":"https:\/\/www.europesays.com\/pl\/473829\/"},"modified":"2026-06-04T14:24:10","modified_gmt":"2026-06-04T14:24:10","slug":"zuzel-wilki-jada-o-przelamanie-oto-sklady-na-spotkanie-w-lodzi","status":"publish","type":"post","link":"https:\/\/www.europesays.com\/pl\/473829\/","title":{"rendered":"\u017bu\u017cel. Wilki jad\u0105 o prze\u0142amanie. Oto sk\u0142ady na spotkanie w \u0141odzi"},"content":{"rendered":"\n<p class=\"contentpart contentpart--default contentpart--text\" data-position=\"0\">Ostatni czas dla Wilk\u00f3w Krosno nie nale\u017cy do udanych. Zesp\u00f3\u0142 z Podkarpacia zanotowa\u0142 dwie pora\u017cki z rz\u0119du &#8211; niespodziewan\u0105 na w\u0142asnym torze z ekip\u0105 z Poznania oraz na wyje\u017adzie w Rybniku. To obecnie przek\u0142ada si\u0119 na a\u017c sz\u00f3ste miejsce w tabeli Metalkas 2. Ekstraligi.<\/p>\n<p class=\"contentpart contentpart--default contentpart--text\" data-position=\"1\">Z kolei Orze\u0142 po blisko dw\u00f3ch miesi\u0105cach przerwy od jazdy na domowym torze w 4 dni odjedzie dwa spotkania na swoim stadionie. Obecnie zesp\u00f3\u0142 prowadzony przez Macieja J\u0105dera zajmuje czwarte miejsce w tabeli zaplecza PGE Ekstraligi.<\/p>\n<p>  <img decoding=\"async\" src=\"https:\/\/v.wpimg.pl\/X3dwLnN2d1IFFTpdYUl6R0ZNbgcnEHQREVV2TGEGbUtRT2MdOlZ2RBQUKABgQjQcDRotCStBd1IAAWMeIlM7VgwYIAorQAdEFFk_GCkQJQ\" alt=\"\" width=\"45\" height=\"58\" loading=\"lazy\"\/>  <\/p>\n<p class=\"contentpart contentpart--default contentpart--text\" data-position=\"2\">ZOBACZ WIDEO: Magazyn PGE Ekstraligi. Go\u015bcie: Kanclerz, Kowalski i Baron<\/p>\n<p class=\"contentpart contentpart--default contentpart--text\" data-position=\"4\">Sztab szkoleniowy Or\u0142a awizowa\u0142 dok\u0142adnie taki sam sk\u0142ad, kt\u00f3ry wyst\u0105pi w czwartkowym spotkaniu z Moonfin Magnus Ostr\u00f3w. Z kolei go\u015bcie postawili na sprawdzone zestawienie swojej dru\u017cyny.<\/p>\n<p class=\"contentpart contentpart--default contentpart--text\" data-position=\"5\">Awizowane sk\u0142ady:\u00a0<\/p>\n<p class=\"contentpart contentpart--default contentpart--text\" data-position=\"6\"><a href=\"https:\/\/sportowefakty.wp.pl\/zuzel\/wilki-krosno\" rel=\"nofollow noopener\" target=\"_blank\">Cellfast Wilki Krosno<\/a>:<br \/>1. Luke Becker<br \/>2. Marcus Birkemose<br \/>3. Jason Doyle<br \/>4. Robert Chmiel<br \/>5. Tobiasz Musielak<br \/>6. Rados\u0142aw Kowalski<br \/>7. Jakub Wieszczak<\/p>\n<p>  <img decoding=\"async\" src=\"https:\/\/v.wpimg.pl\/X3dwLnN2d1IFFTpdYUl6R0ZNbgcnEHQREVV2TGEGbUtRT2MdOlZ2RBQUKABgQjQcDRotCStBd1IAAWMeIlM7VgwYIAorQAdEFFk_GCkQJQ\" alt=\"\" width=\"45\" height=\"58\" loading=\"lazy\"\/>  <\/p>\n<p class=\"contentpart contentpart--default contentpart--text\" data-position=\"7\"><a href=\"https:\/\/sportowefakty.wp.pl\/zuzel\/hskrzydlewska-orzel-lodz\" rel=\"nofollow noopener\" target=\"_blank\">H.Skrzydlewska Orze\u0142 \u0141\u00f3d\u017a<\/a>:<br \/>9. Marcin Nowak<br \/>10. Oliver Berntzon<br \/>11. Szymon Szlauderbach<br \/>12. Zach Cook<br \/>13. Villads Nagel<br \/>14. Kacper Halkiewicz<br \/>15. Krzysztof Lewandowski<\/p>\n<p class=\"contentpart contentpart--default contentpart--text\" data-position=\"8\">Pocz\u0105tek spotkania: 17:00<br \/>S\u0119dzia: Piotr Lis<br \/>Komisarz toru: \u0141ukasz Izak<br \/>Komisarz techniczny: Marcin Bordewicz<\/p>\n","protected":false},"excerpt":{"rendered":"Ostatni czas dla Wilk\u00f3w Krosno nie nale\u017cy do udanych. Zesp\u00f3\u0142 z Podkarpacia zanotowa\u0142 dwie pora\u017cki z rz\u0119du &#8211;&hellip;\n","protected":false},"author":2,"featured_media":473830,"comment_status":"","ping_status":"","sticky":false,"template":"","format":"standard","meta":{"footnotes":"","_share_on_mastodon":"0"},"categories":[51608],"tags":[1331,22718,2969,3652,979,42,38,40,39,41,174],"class_list":["post-473829","post","type-post","status-publish","format-standard","has-post-thumbnail","category-lodz","tag-cellfast-wilki-krosno","tag-h-skrzydlewska-orzel-lodz","tag-krosno","tag-lodz","tag-metalkas-2-ekstraliga","tag-pl","tag-poland","tag-polish","tag-polska","tag-polski","tag-zuzel"],"share_on_mastodon":{"url":"https:\/\/pubeurope.com\/@pl\/116692301190425655","error":""},"_links":{"self":[{"href":"https:\/\/www.europesays.com\/pl\/wp-json\/wp\/v2\/posts\/473829","targetHints":{"allow":["GET"]}}],"collection":[{"href":"https:\/\/www.europesays.com\/pl\/wp-json\/wp\/v2\/posts"}],"about":[{"href":"https:\/\/www.europesays.com\/pl\/wp-json\/wp\/v2\/types\/post"}],"author":[{"embeddable":true,"href":"https:\/\/www.europesays.com\/pl\/wp-json\/wp\/v2\/users\/2"}],"replies":[{"embeddable":true,"href":"https:\/\/www.europesays.com\/pl\/wp-json\/wp\/v2\/comments?post=473829"}],"version-history":[{"count":0,"href":"https:\/\/www.europesays.com\/pl\/wp-json\/wp\/v2\/posts\/473829\/revisions"}],"wp:featuredmedia":[{"embeddable":true,"href":"https:\/\/www.europesays.com\/pl\/wp-json\/wp\/v2\/media\/473830"}],"wp:attachment":[{"href":"https:\/\/www.europesays.com\/pl\/wp-json\/wp\/v2\/media?parent=473829"}],"wp:term":[{"taxonomy":"category","embeddable":true,"href":"https:\/\/www.europesays.com\/pl\/wp-json\/wp\/v2\/categories?post=473829"},{"taxonomy":"post_tag","embeddable":true,"href":"https:\/\/www.europesays.com\/pl\/wp-json\/wp\/v2\/tags?post=473829"}],"curies":[{"name":"wp","href":"https:\/\/api.w.org\/{rel}","templated":true}]}}