{"id":474029,"date":"2026-06-04T17:05:10","date_gmt":"2026-06-04T17:05:10","guid":{"rendered":"https:\/\/www.europesays.com\/pl\/474029\/"},"modified":"2026-06-04T17:05:10","modified_gmt":"2026-06-04T17:05:10","slug":"sondaz-polacy-nie-maja-litosci-dla-izraela-miazdzaca-ocena-dzialan-tego-kraju","status":"publish","type":"post","link":"https:\/\/www.europesays.com\/pl\/474029\/","title":{"rendered":"Sonda\u017c: Polacy nie maj\u0105 lito\u015bci dla Izraela. Mia\u017cd\u017c\u0105ca ocena dzia\u0142a\u0144 tego kraju"},"content":{"rendered":"\n<p>&#13;<br \/>\nSytuacja na\u00a0Bliskim Wschodzie wci\u0105\u017c jest mocno niestabilna. Nadal nie\u00a0ma\u00a0porozumienia pokojowego w\u00a0wojnie USA i\u00a0Izraela z\u00a0Iranem, a\u00a0ponadto premier Benjamin Netanjahu nie\u00a0rezygnuje z\u00a0dzia\u0142a\u0144 zmierzaj\u0105cych do\u00a0dalszego zr\u00f3wnywania z\u00a0ziemi\u0105 Strefy Gazy. &#13;\n<\/p>\n<p>&#13;<br \/>\nPracownia United Surveys przeprowadzi\u0142a dla\u00a0Wirtualnej Polski sonda\u017c nt. oceny Polak\u00f3w. Respondentom postawiono pytanie: &#8222;Jak Pan\/i ocenia dzia\u0142ania Izraela na\u00a0Bliskim Wschodzie (wojna w\u00a0Strefie Gazy, operacje w\u00a0Libanie, Syrii, Iranie)?&#8221;. &#13;\n<\/p>\n<p>&#13;<br \/>\nZdecydowana wi\u0119kszo\u015b\u0107, a\u017c\u00a084,2 proc. respondent\u00f3w. odpowiedzia\u0142o negatywnie. W\u00a0tej grupie dominuj\u0105 oceny &#8222;zdecydowanie negatywne&#8221;. Tak wskaza\u0142o a\u017c\u00a067,1 proc. badanych. Kolejne 17,1 proc. ocenia te\u00a0dzia\u0142ania &#8222;raczej negatywnie&#8221;. &#13;\n<\/p>\n<p>&#13;<br \/>\nTylko 0,9 proc. ankietowanych wystawi\u0142o Izraelowi ocen\u0119 pozytywn\u0105 (0,3 proc. \u2013\u00a0zdecydowanie pozytywnie; 0,6 proc. \u2013\u00a0raczej pozytywnie). Odpowied\u017a &#8222;ani pozytywnie, ani negatywnie&#8221; wybra\u0142o 12,8 proc. os\u00f3b, a\u00a0tylko 2,1 proc. nie\u00a0mia\u0142o w\u00a0tej sprawie zdania. &#13;\n<\/p>\n<p>Negatywna ocena ponad podzia\u0142ami politycznymi <\/p>\n<p>&#13;<br \/>\n&#8222;Co ciekawe, krytyka dzia\u0142a\u0144 Izraela jest niemal identyczna niezale\u017cnie od\u00a0preferencji politycznych respondent\u00f3w w\u00a0Polsce: Jak na\u00a0spraw\u0119 patrz\u0105 wyborcy koalicji rz\u0105dz\u0105cej? \u0141\u0105cznie 85 proc. tej grupy ocenia dzia\u0142ania Izraela negatywnie (w tym 72 proc. zdecydowanie negatywnie). Je\u015bli chodzi o\u00a0wyborc\u00f3w opozycji, to\u00a0krytyka jest jeszcze silniejsza i\u00a0wynosi \u0142\u0105cznie 88 proc. (74 proc. ocenia dzia\u0142ania zdecydowanie negatywnie). Co\u00a0z\u00a0pozosta\u0142ymi wyborcami? Tutaj negatywn\u0105 ocen\u0119 wystawi\u0142o 71 proc. badanych. Tak wysoki stopie\u0144 zgodno\u015bci mi\u0119dzy wyborcami zwalczaj\u0105cych si\u0119 na\u00a0co dzie\u0144 oboz\u00f3w politycznych jest w\u00a0polskiej przestrzeni publicznej rzadko\u015bci\u0105 i\u00a0\u015bwiadczy o\u00a0silnym poczuciu dezaprobaty wobec eskalacji konfliktu na\u00a0Bliskim Wschodzie&#8221; \u2013\u00a0opisuje WP. &#13;\n<\/p>\n<p>&#13;<br \/>\nSonda\u017c United Surveys by\u00a0IBRiS dla\u00a0Wirtualnej Polski zosta\u0142 przeprowadzony w\u00a0dniach 22-24 maja 2026 roku. Badanie zrealizowano metod\u0105 mieszan\u0105 CATI (wywiady telefoniczne wspomagane komputerowo) oraz\u00a0CAWI (wywiady online) na\u00a0reprezentatywnej grupie 1000 doros\u0142ych Polak\u00f3w. &#13;\n<\/p>\n<p>&#13;<br \/>\nCzytaj te\u017c:<br \/><a href=\"https:\/\/dorzeczy.pl\/opinie\/896599\/skandal-w-niemczech-hotel-odmowil-zydom-rezerwacji.html\" rel=\"follow nofollow noopener\" data-schema=\"DORZECZY\" data-image=\"https:\/\/img.dorzeczy.pl\/_thumb\/06\/33\/12a198373e94a4679dcd28afae11.jpeg\" target=\"_blank\">Skandal w\u00a0Niemczech. Hotel odm\u00f3wi\u0142 pobytu Izraelczykom: \u017bydzi nie\u00a0s\u0105 mile widziani<\/a>&#13;<\/p>\n","protected":false},"excerpt":{"rendered":"&#13; Sytuacja na\u00a0Bliskim Wschodzie wci\u0105\u017c jest mocno niestabilna. Nadal nie\u00a0ma\u00a0porozumienia pokojowego w\u00a0wojnie USA i\u00a0Izraela z\u00a0Iranem, a\u00a0ponadto premier Benjamin&hellip;\n","protected":false},"author":2,"featured_media":474030,"comment_status":"","ping_status":"","sticky":false,"template":"","format":"standard","meta":{"footnotes":"","_share_on_mastodon":"0"},"categories":[14],"tags":[32,33,98,27,91,49,34,35,28,31,888,25,40,41,366,891,80,29,30,26,82,83,84],"class_list":["post-474029","post","type-post","status-publish","format-standard","has-post-thumbnail","category-swiat","tag-breaking-news","tag-breakingnews","tag-dorzeczy","tag-headlines","tag-izrael","tag-kraj","tag-latest-news","tag-latestnews","tag-naglowki","tag-najwazniejsze-artykuly","tag-netanjahu","tag-news","tag-polish","tag-polski","tag-sondaz","tag-strefa-gazy","tag-swiat","tag-top-stories","tag-topstories","tag-wiadomosci","tag-world","tag-world-news","tag-worldnews"],"share_on_mastodon":{"url":"https:\/\/pubeurope.com\/@pl\/116692931532838426","error":""},"_links":{"self":[{"href":"https:\/\/www.europesays.com\/pl\/wp-json\/wp\/v2\/posts\/474029","targetHints":{"allow":["GET"]}}],"collection":[{"href":"https:\/\/www.europesays.com\/pl\/wp-json\/wp\/v2\/posts"}],"about":[{"href":"https:\/\/www.europesays.com\/pl\/wp-json\/wp\/v2\/types\/post"}],"author":[{"embeddable":true,"href":"https:\/\/www.europesays.com\/pl\/wp-json\/wp\/v2\/users\/2"}],"replies":[{"embeddable":true,"href":"https:\/\/www.europesays.com\/pl\/wp-json\/wp\/v2\/comments?post=474029"}],"version-history":[{"count":0,"href":"https:\/\/www.europesays.com\/pl\/wp-json\/wp\/v2\/posts\/474029\/revisions"}],"wp:featuredmedia":[{"embeddable":true,"href":"https:\/\/www.europesays.com\/pl\/wp-json\/wp\/v2\/media\/474030"}],"wp:attachment":[{"href":"https:\/\/www.europesays.com\/pl\/wp-json\/wp\/v2\/media?parent=474029"}],"wp:term":[{"taxonomy":"category","embeddable":true,"href":"https:\/\/www.europesays.com\/pl\/wp-json\/wp\/v2\/categories?post=474029"},{"taxonomy":"post_tag","embeddable":true,"href":"https:\/\/www.europesays.com\/pl\/wp-json\/wp\/v2\/tags?post=474029"}],"curies":[{"name":"wp","href":"https:\/\/api.w.org\/{rel}","templated":true}]}}