{"id":474157,"date":"2026-06-04T18:52:11","date_gmt":"2026-06-04T18:52:11","guid":{"rendered":"https:\/\/www.europesays.com\/pl\/474157\/"},"modified":"2026-06-04T18:52:11","modified_gmt":"2026-06-04T18:52:11","slug":"polska-pedzi-a-sasiedzi-zostaja-z-tylu-tak-wyglada-gospodarczy-rozjazd-w-regionie","status":"publish","type":"post","link":"https:\/\/www.europesays.com\/pl\/474157\/","title":{"rendered":"Polska p\u0119dzi, a s\u0105siedzi zostaj\u0105 z ty\u0142u. Tak wygl\u0105da gospodarczy rozjazd w regionie"},"content":{"rendered":"<p data-start=\"0\" data-end=\"652\">Polska gospodarka po 2019 roku uros\u0142a znacznie szybciej ni\u017c wi\u0119kszo\u015b\u0107 pa\u0144stw Europy \u015arodkowo-Wschodniej. Wed\u0142ug danych realny PKB Polski w 2025 roku by\u0142 ju\u017c o 17,6% wy\u017cszy ni\u017c przed pandemi\u0105, a do 2027 roku przewaga mo\u017ce wzrosn\u0105\u0107 do oko\u0142o 25%. To oznacza, \u017ce Polska coraz wyra\u017aniej odje\u017cd\u017ca Czechom, W\u0119grom, S\u0142owacji czy \u0141otwie, a Estonia szoruje po dnie. Jeszcze kilka lat temu cz\u0119\u015b\u0107 tych pa\u0144stw cz\u0119sto stawiano nam za wz\u00f3r. Dzi\u015b to Polska ma jeden z najmocniejszych miks\u00f3w wzrostu w regionie: odporn\u0105 konsumpcj\u0119, inwestycje, \u015brodki unijne i relatywnie du\u017c\u0105 elastyczno\u015b\u0107 gospodarki.<\/p>\n<p>Polska gospodarka w 2025 roku by\u0142a realnie o 17,6% wi\u0119ksza ni\u017c w 2019 roku. To jeden z najlepszych wynik\u00f3w w regionie po serii szok\u00f3w: pandemii, inflacji, wojnie i kryzysie energetycznym.Wed\u0142ug prognoz Komisji Europejskiej do 2027 roku polski PKB ma by\u0107 a\u017c o 25% wy\u017cszy ni\u017c przed pandemi\u0105. To wynik, kt\u00f3ry stawia Polsk\u0119 przed wi\u0119kszo\u015bci\u0105 pa\u0144stw Europy \u015arodkowo-Wschodniej.Rok 2022 pokaza\u0142 wyra\u017any rozjazd w regionie. Polska by\u0142a ju\u017c o 10,2% powy\u017cej poziomu sprzed pandemii, podczas gdy Czechy osi\u0105gn\u0119\u0142y jedynie 1,2%.Najwi\u0119kszymi liderami wzrostu do 2027 roku maj\u0105 by\u0107 Polska, Bu\u0142garia i Litwa. Wed\u0142ug prognoz ich gospodarki b\u0119d\u0105 odpowiednio o 25%, 23,5% i 22% wi\u0119ksze ni\u017c w 2019 roku.Czechy, S\u0142owacja, W\u0119gry, \u0141otwa i Rumunia maj\u0105 odbudowywa\u0107 si\u0119 wolniej. Ich wyniki pokazuj\u0105, jak du\u017ce znaczenie ma struktura gospodarki i zale\u017cno\u015b\u0107 od przemys\u0142u oraz niemieckiej koniunktury.Polska wygrywa w regionie dzi\u0119ki po\u0142\u0105czeniu kilku czynnik\u00f3w: odpornej konsumpcji, inwestycji, \u015brodk\u00f3w unijnych, p\u0142ynnego kursu walutowego i mniejszej zale\u017cno\u015bci od jednego sektora przemys\u0142owego.Estonia jest przyk\u0142adem gospodarki, kt\u00f3ra po dobrym odbiciu mocno wyhamowa\u0142a. W 2025 roku jej PKB by\u0142 tylko o 1,6% wy\u017cszy ni\u017c w 2019 roku.Dane pokazuj\u0105, \u017ce po 2019 roku w regionie najlepiej poradzi\u0142y sobie gospodarki, kt\u00f3re mia\u0142y silny popyt krajowy, zdolno\u015b\u0107 do inwestowania i wi\u0119ksz\u0105 odporno\u015b\u0107 na szoki energetyczne.Polska liderem d\u0142ugotrwa\u0142ego wzrostu gospodarczego w regionie<\/p>\n<p data-start=\"0\" data-end=\"652\">Analizuj\u0105c wzrost realnego PKB po 2019 roku mo\u017cemy dostrze\u0107, ze Polska jest wyra\u017anym liderem tego wska\u017anika. Po pandemii rozjazd \u015bcie\u017cek wzrostu jest bardzo wyra\u017any i cz\u0119sto pa\u0144stwa, kt\u00f3re by\u0142y stawiane Polsce za wz\u00f3r znajduj\u0105 si\u0119 wyra\u017anie w dolnej cz\u0119\u015bci stawki. Jak wiemy lata po 2019 roku nie by\u0142y lekkie dla Europy, a tak\u017ce dla \u015bwiata. 2020 roku przyni\u00f3s\u0142 pandemi\u0119, spowolnienie gospodarcze, a nast\u0119pne lata szok poda\u017cowy podnosz\u0105cy inflacj\u0119. Nast\u0119pnie wojna na Ukrainie w 2022 roku ponownie wi\u0105za\u0142a si\u0119 z niestabilno\u015bci\u0105 geopolityczn\u0105, a tak\u017ce kryzysem energetycznym. Wszystkie te zmienne z r\u00f3\u017cn\u0105 si\u0142\u0105 oddzia\u0142owywa\u0142y na pa\u0144stwa regionu.<\/p>\n<p data-start=\"0\" data-end=\"652\">Poni\u017cszy wykres pokazuje jak zmienia\u0142 si\u0119 realny PKB poszczeg\u00f3lnych pa\u0144stw w odniesieniu do 2019 roku. Dla zobrazowania, PKB Polski w 2025 roku by\u0142 o 17,6% wy\u017cszy ni\u017c w 2019 roku. Takie uj\u0119cie wzrostu jest dobre do por\u00f3wnania\u00a0odporno\u015bci gospodarek na szoki (COVID-19, kryzys energetyczny, zacie\u015bnienie polityki pieni\u0119\u017cnej), poniewa\u017c\u00a0 pokazuje, kto odrabia strat\u0119 szybko i trwale, a kto wchodzi w okres stagnacji b\u0105d\u017a powolnego wzrostu. Rok 2020 by\u0142 dla wszystkich pa\u0144stw najgorszy. Najg\u0142\u0119bszy spadek wida\u0107 w Czechach (-5,3% PKB), dalej na W\u0119grzech (-4,3% PKB) i w Rumunii (-3,6% PKB). Polska spad\u0142a relatywnie p\u0142ytko (-2% PKB), a Litwa utrzyma\u0142a sw\u00f3j PKB na tym samym poziomie.<\/p>\n<p data-start=\"0\" data-end=\"652\">Zobacz tak\u017ce: <a href=\"https:\/\/obserwatorgospodarczy.pl\/2026\/06\/04\/epidemia-samotnosci-ma-rachunek-kto-za-nia-placi-my-czy-panstwo\/\" rel=\"nofollow noopener\" target=\"_blank\">Epidemia samotno\u015bci ma rachunek. Kto za ni\u0105 p\u0142aci: my czy pa\u0144stwo?<\/a><\/p>\n<p data-start=\"0\" data-end=\"652\"><img decoding=\"async\" class=\"aligncenter wp-image-128093 size-full\" loading=\"lazy\" src=\"https:\/\/www.europesays.com\/pl\/wp-content\/uploads\/2026\/06\/zmiana-realnego-PKB-po-2019-roku-w-panstwach-Europy-Srodkowo-Wschodniej-scaled.png\" alt=\"zmiana realnego PKB po 2019 roku w pa\u0144stwach Europy \u015arodkowo-Wschodniej\" width=\"2560\" height=\"1463\"\/><\/p>\n<p data-start=\"1278\" data-end=\"1795\">Cz\u0119\u015b\u0107 gospodarek regionu wesz\u0142a w kolejne lata z du\u017co g\u0142\u0119bsz\u0105 dziur\u0105 do odkopania, co zwykle oznacza wi\u0119cej presji na finanse publiczne, wi\u0119cej koszt\u00f3w na rynku pracy i wi\u0119ksze ryzyko trwa\u0142ej utraty potencja\u0142u. R\u00f3\u017cnic\u0119 robi te\u017c struktura gospodarki, chodzi o udzia\u0142 us\u0142ug, udzia\u0142 przemys\u0142u nastawionego na eksport, pozycja w \u0142a\u0144cuchach dostaw oraz to, jak mocno gospodarka jest wpisane w cykle koniunkturalne.\u00a0Czechy i S\u0142owacja, kt\u00f3re s\u0105 mocno oparte o przemys\u0142 i powi\u0105zania z niemieck\u0105 motoryzacj\u0105, cz\u0119sto dostaj\u0105 mocniej w okresach globalnych przestoj\u00f3w i zaburze\u0144 logistycznych ni\u017c gospodarki z wi\u0119kszym udzia\u0142em us\u0142ug rynkowych i silniejsz\u0105 konsumpcj\u0105 wewn\u0119trzn\u0105.<\/p>\n<p>Pandemia by\u0142a pierwszym testem odporno\u015bci<\/p>\n<p data-start=\"1278\" data-end=\"1795\">Jednak ju\u017c w 2021 roku wi\u0119kszo\u015b\u0107 pa\u0144stw regionu zalicza mocne odreagowanie. Polska gospodarka nie tylko si\u0119 odbudowa\u0142a, ale by\u0142a o prawie 5% wi\u0119ksza ni\u017c w 2019 roku. Litwa odnotowa\u0142a podskoczy\u0142a do 6,4%, w czym pomocny by\u0142 brak recesji. Nad Polsk\u0105 w tamtym okresie znalaz\u0142a si\u0119 r\u00f3wnie\u017c Estonia, kt\u00f3ra odbudowa\u0142a swoj\u0105 gospodark\u0119 na poziomie 5,2%. Bu\u0142garia z wynikiem 4,5% wzgl\u0119dem 2019 roku tak\u017ce znalaz\u0142a si\u0119 w czele stawki. Jedynym pa\u0144stwem z tej grupy, kt\u00f3re nie zdo\u0142a\u0142o odbudowa\u0107 si\u0119 wtedy po pandemii, by\u0142y Czechy. Ich poziom PKB wci\u0105\u017c by\u0142 o 1,5% ni\u017cszy. Druga od ko\u0144ca Rumunia by\u0142a 1,8% nad kresk\u0105, a nad ni\u0105 W\u0119gry ju\u017c z wynikiem 2,5%.<\/p>\n<p data-start=\"1278\" data-end=\"1795\">Zobacz tak\u017ce: <a href=\"https:\/\/obserwatorgospodarczy.pl\/2026\/06\/02\/polacy-zarabiaja-wiecej-niz-czesi-drugi-rok-z-rzedu-do-tego-mamy-nizsze-ceny\/\" rel=\"nofollow noopener\" target=\"_blank\">Polacy zarabiaj\u0105 wi\u0119cej ni\u017c Czesi drugi rok z rz\u0119du. Do tego mamy ni\u017csze ceny<\/a><\/p>\n<p data-start=\"1278\" data-end=\"1795\">W 2022 roku wida\u0107, \u017ce dla niekt\u00f3rych gospodarek szok wywo\u0142any wojn\u0105 na Ukrainie by\u0142 zbyt du\u017cy. Wtedy Polska wybi\u0142a si\u0119 na zdecydowanego lidera z gospodark\u0105 wi\u0119ksz\u0105 o 10,2%, a po pi\u0119tach depta\u0142a nas Litwa (9,1%) i Bu\u0142garia (8,7%). Czwarte W\u0119gry osi\u0105gn\u0119\u0142y zauwa\u017calnie ni\u017cszy wynik na poziomie 6,9%. Jednak ciekawa sytuacja wydarzy\u0142a si\u0119 w Estonii. W 2021 roku jej PKB by\u0142 realnie o 5,1% wy\u017cszy ni\u017c w 2019 roku, jednak w 2022 roku wynik spad\u0142 do 3,9%. Gorsze wyniki odnotowa\u0142a jedynie S\u0142owacja (3,4%) i Czechy (1,2%) kt\u00f3re wci\u0105\u017c wyra\u017anie zamyka\u0142y stawk\u0119. 2022 rok to moment, w kt\u00f3rym cz\u0119\u015b\u0107 pa\u0144stw regionu zaczyna p\u0142aci\u0107 wy\u017csz\u0105 cen\u0119 za kombinacj\u0119 drogiej energii, sch\u0142adzania popytu przez stopy procentowe, s\u0142abszej koniunktury u partner\u00f3w handlowych oraz ogranicze\u0144 po stronie poda\u017cy.<\/p>\n<p data-start=\"1278\" data-end=\"1795\">Od 2023 roku widzimy wyra\u017any rozjazd mi\u0119dzy grupami pa\u0144stw o wy\u017cszej i ni\u017cszej dynamice wzrostu. Najwi\u0119kszym przegranym okazuje si\u0119 Estonia, kt\u00f3rej wynik z poziomu 3,9% spad\u0142 do 1,1% w 2023 roku i okaza\u0142 si\u0119 gorszy, o 0,15 p.p., od czeskiego. Po kolejny, delikatnym tym razem spadku w 2024 roku (0,9% wi\u0119cej ni\u017c w 2019 roku), Estonia zaczyna si\u0119 odbudowywa\u0107: 1,6% w 2025. A prognozy Komisji Europejskiej wskazuj\u0105, \u017ce trend w najbli\u017cszych latach ma si\u0119 utrzyma\u0107: 3,2% w 2026 roku i 5% w 2027 roku wzgl\u0119dem 2019 roku. Jednak na wykresie widzimy, \u017ce Estonia wyra\u017anie odstaje od pozosta\u0142ych pa\u0144stw.<\/p>\n<p>Wojna i kryzys energetyczny podzieli\u0142y region<\/p>\n<p data-start=\"1278\" data-end=\"1795\">Kolejn\u0105 grup\u0105 s\u0105 pa\u0144stwa, kt\u00f3re id\u0105 wzgl\u0119dnie podobn\u0105 \u015bcie\u017ck\u0105 i jest ich najwi\u0119cej. Chodzi o Rumunie, W\u0119gry i S\u0142owacj\u0119, a tak\u017ce s\u0142abszych w tym zestawieniu \u0141otw\u0119 i Czechy. Po 2022 roku ich wzrost mie\u015bci\u0142 si\u0119 w granicach oko\u0142o od 2,5 do 10% wzgl\u0119dem 2019 roku, jednak wed\u0142ug prognoz w tym i przysz\u0142ym roku poziom odbudowy ma si\u0119ga\u0107 od 9,6% na \u0141otwie do 12,9% w Rumunii. Dok\u0142adnie maj\u0105 to by\u0107 nast\u0119puj\u0105ce wyniki dla pozosta\u0142ych pa\u0144stw: S\u0142owacja (11%), W\u0119gry (11,5%), i Czechy (9,7%). Warto zauwa\u017cy\u0107, \u017ce Czechy wed\u0142ug za\u0142o\u017ce\u0144 maj\u0105 odbudowywa\u0107 swoj\u0105 pozycj\u0119 wzgl\u0119dem poprzednich bardzo z\u0142ych lat, jednak wci\u0105\u017c odstawa\u0107. Wzrost ma by\u0107 tak\u017ce ni\u017cszy w przypadku \u0141otwy.<\/p>\n<p data-start=\"1278\" data-end=\"1795\">Zobacz tak\u017ce: <a href=\"https:\/\/obserwatorlogistyczny.pl\/2026\/06\/04\/pekin-opoznia-dostawy-airbusow-najmniej-samolotow-od-17-lat\/\" rel=\"nofollow noopener\" target=\"_blank\">Pekin op\u00f3\u017ania dostawy Airbus\u00f3w. Najmniej samolot\u00f3w od 17 lat<\/a><\/p>\n<p data-start=\"2953\" data-end=\"3470\">W perspektywie prognoz na 2026 i 2027 roku warto przytoczy\u0107 uwagi Komisji Europejskiej. Wed\u0142ug ekspert\u00f3w w ocenach koniunktury na kluczowe s\u0105 dwa kana\u0142y: inwestycje oraz odporno\u015b\u0107 konsumpcji w warunkach wy\u017cszych cen energii i niepewno\u015bci oraz stopniowe wygaszanie inflacji, przy jednoczesnym utrzymaniu relatywnie solidnej dynamiki PKB. Oczywi\u015bcie predykcje mog\u0105 jeszcze ulec zmianie w zale\u017cno\u015bci od sytuacji globalnej oraz kondycji poszczeg\u00f3lnych gospodarek. Mo\u017ce si\u0119 okaza\u0107, \u017ce odbicie z 2027 roku nie b\u0119dzie takie du\u017ce, albo prognozy dla poszczeg\u00f3lnych pa\u0144stw zostan\u0105 obni\u017cone.<\/p>\n<p data-start=\"3551\" data-end=\"4121\">Ostatni\u0105 grup\u0105 s\u0105 pa\u0144stwa regionu, kt\u00f3re znacz\u0105co odstawi\u0142y swoich konkurent\u00f3w. Chodzi o Litw\u0119 (22%), Bu\u0142gari\u0119 (23,5%) oraz oczywi\u015bcie Polsk\u0119 (25%). Bu\u0142garia korzysta oczywi\u015bcie z wi\u0119kszego efektu nadganiania ni\u017c Polska i Litwa, jednak jej wynik wci\u0105\u017c jest imponuj\u0105cy. Na Litwie dzia\u0142a efekt mno\u017cnikowy podniesionych podatk\u00f3w i wydatk\u00f3w na armi\u0119 i zbrojenia. Jednak to wci\u0105\u017c nie jest ca\u0142e wyt\u0142umaczenie dobrych wynik\u00f3w gospodarczych dla naszych lider\u00f3w wzrostu.<\/p>\n<p>To dlatego Polska ro\u015bnie szybciej od s\u0105siad\u00f3w<\/p>\n<p data-start=\"4688\" data-end=\"5144\">Po 2019 roku w regionie premiowane by\u0142y trzy cechy strukturalne. Po pierwsze, zdolno\u015b\u0107 do utrzymania wzrostu inwestycji w warunkach niepewno\u015bci. To obejmuje zar\u00f3wno inwestycje prywatne, jak i publiczne, szczeg\u00f3lnie te finansowane lub wsp\u00f3\u0142finansowane ze \u015brodk\u00f3w UE (co w Polsce Komisja wyra\u017anie wskazuje jako jeden z motor\u00f3w \u015bcie\u017cki wzrostu). Po drugie, mniejsza wra\u017cliwo\u015b\u0107 na szoki kosztowe energii, nie tylko w sensie miksu energetycznego, ale te\u017c energoch\u0142onno\u015bci przemys\u0142u i zdolno\u015bci firm do przerzucania koszt\u00f3w lub ich absorpcji w mar\u017cach. I po trzecie, odporno\u015b\u0107 popytu krajowego.<\/p>\n<p data-start=\"4688\" data-end=\"5144\">Zobacz tak\u017ce: <a href=\"https:\/\/obserwatorgospodarczy.pl\/2026\/06\/01\/kolejny-cios-w-niemiecka-gospodarke-to-zla-wiadomosc-takze-dla-polski\/\" rel=\"nofollow noopener\" target=\"_blank\">Kolejny cios w niemieck\u0105 gospodark\u0119. To z\u0142a wiadomo\u015b\u0107 tak\u017ce dla Polski<\/a><\/p>\n<p data-start=\"6576\" data-end=\"6899\">Na tym tle kluczowa r\u00f3\u017cnica mi\u0119dzy Polsk\u0105 a Czechami czy Estoni\u0105 jest taka, \u017ce Polska w projekcji Komisji wci\u0105\u017c ma relatywnie mocny miks wzrostu (inwestycje + konsumpcja + absorpcja \u015brodk\u00f3w UE), podczas gdy cz\u0119\u015b\u0107 pa\u0144stw jest bardziej wystawiona na cykl niemiecki i wahania przemys\u0142u. U nas najwi\u0119kszym problemem s\u0105 ceny energii, kt\u00f3re jednak wci\u0105\u017c s\u0105 troch\u0119 rekompensowane relatywnie ni\u017cszymi p\u0142acami, ale tak\u017ce p\u0142ynnym kursem walutowym, kt\u00f3ry pozwala zwi\u0119kszy\u0107 nasz\u0105 konkurencyjno\u015b\u0107 i zachowa\u0107 stabilno\u015b\u0107 w okresach zawacha\u0144. Og\u00f3lnie Polska jest w\u015br\u00f3d lider\u00f3w regionu dlatego, \u017ce szybciej ni\u017c inni odbudowa\u0142a poziom aktywno\u015bci po pandemii i ma relatywnie mocny drugi silnik w inwestycjach.<\/p>\n<p data-start=\"6972\" data-end=\"7561\">Warto te\u017c pami\u0119ta\u0107, \u017ce projekcje na 2026-2027 s\u0105 robione w \u015brodowisku podwy\u017cszonej niepewno\u015bci. Komisja Europejska w swoich ocenach zwraca uwag\u0119 na ryzyka geopolityczne, ceny energii oraz niepewno\u015b\u0107 w handlu i finansach jako czynniki, kt\u00f3re mog\u0105 zmienia\u0107 \u015bcie\u017cki wzrostu w d\u00f3\u0142 lub w g\u00f3r\u0119. Ma\u0142e, otwarte gospodarki mog\u0105 przesuwa\u0107 si\u0119 mi\u0119dzy grupami szybciej ni\u017c du\u017ce pa\u0144stwa, je\u015bli dostan\u0105 wstrz\u0105s w eksporcie, inwestycjach lub kosztach energii.<\/p>\n<p>Wszelkie prawa do tre\u015bci zastrze\u017cone.<\/p>\n<p>\n Post Views: 0<\/p>\n","protected":false},"excerpt":{"rendered":"Polska gospodarka po 2019 roku uros\u0142a znacznie szybciej ni\u017c wi\u0119kszo\u015b\u0107 pa\u0144stw Europy \u015arodkowo-Wschodniej. Wed\u0142ug danych realny PKB Polski&hellip;\n","protected":false},"author":2,"featured_media":474158,"comment_status":"","ping_status":"","sticky":false,"template":"","format":"standard","meta":{"footnotes":"","_share_on_mastodon":"0"},"categories":[12],"tags":[305,779,2364,843,75,5417,42,38,40,39,41,19005,542,596,2670,79132],"class_list":["post-474157","post","type-post","status-publish","format-standard","has-post-thumbnail","category-polska","tag-bulgaria","tag-czechy","tag-estonia","tag-litwa","tag-lotwa","tag-pkb","tag-pl","tag-poland","tag-polish","tag-polska","tag-polski","tag-rozwoj","tag-rumunia","tag-slowacja","tag-wegry","tag-wzrost-pkb"],"share_on_mastodon":{"url":"https:\/\/pubeurope.com\/@pl\/116693352887795428","error":""},"_links":{"self":[{"href":"https:\/\/www.europesays.com\/pl\/wp-json\/wp\/v2\/posts\/474157","targetHints":{"allow":["GET"]}}],"collection":[{"href":"https:\/\/www.europesays.com\/pl\/wp-json\/wp\/v2\/posts"}],"about":[{"href":"https:\/\/www.europesays.com\/pl\/wp-json\/wp\/v2\/types\/post"}],"author":[{"embeddable":true,"href":"https:\/\/www.europesays.com\/pl\/wp-json\/wp\/v2\/users\/2"}],"replies":[{"embeddable":true,"href":"https:\/\/www.europesays.com\/pl\/wp-json\/wp\/v2\/comments?post=474157"}],"version-history":[{"count":0,"href":"https:\/\/www.europesays.com\/pl\/wp-json\/wp\/v2\/posts\/474157\/revisions"}],"wp:featuredmedia":[{"embeddable":true,"href":"https:\/\/www.europesays.com\/pl\/wp-json\/wp\/v2\/media\/474158"}],"wp:attachment":[{"href":"https:\/\/www.europesays.com\/pl\/wp-json\/wp\/v2\/media?parent=474157"}],"wp:term":[{"taxonomy":"category","embeddable":true,"href":"https:\/\/www.europesays.com\/pl\/wp-json\/wp\/v2\/categories?post=474157"},{"taxonomy":"post_tag","embeddable":true,"href":"https:\/\/www.europesays.com\/pl\/wp-json\/wp\/v2\/tags?post=474157"}],"curies":[{"name":"wp","href":"https:\/\/api.w.org\/{rel}","templated":true}]}}