{"id":474159,"date":"2026-06-04T18:53:11","date_gmt":"2026-06-04T18:53:11","guid":{"rendered":"https:\/\/www.europesays.com\/pl\/474159\/"},"modified":"2026-06-04T18:53:11","modified_gmt":"2026-06-04T18:53:11","slug":"maja-chwalinska-w-finale-french-open-ile-zarobi-polska-tenisistka","status":"publish","type":"post","link":"https:\/\/www.europesays.com\/pl\/474159\/","title":{"rendered":"Maja Chwali\u0144ska w finale French Open. Ile zarobi polska tenisistka?"},"content":{"rendered":"<p>Maja Chwali\u0144ska zakwalifikowa\u0142a si\u0119 do fina\u0142u French Open, co oznacza gwarancj\u0119 premii w wysoko\u015bci 1,4 mln euro brutto.<\/p>\n<p>Mecz fina\u0142owy zostanie rozegrany w sobot\u0119, 6 czerwca. Zwyci\u0119\u017cczyni Roland Garros otrzyma\u00a0 2,8 mln euro.<\/p>\n<p>W grze podw\u00f3jnej triumfatorzy debla kobiet i m\u0119\u017cczyzn otrzymaj\u0105 po 600 tys. euro na par\u0119, natomiast zwyci\u0119zcy miksta &#8211; 122 tys. euro.<\/p>\n<p>        <a href=\"https:\/\/www.pulshr.pl\/wynagrodzenia\/rekrutacja-it-wchodzi-w-nowa-faze-widelki-to-dopiero-poczatek-zmian,119527.html\" class=\"read-more-box-img-cnt\" rel=\"nofollow noopener\" target=\"_blank\"><br \/>\n        \t            <img decoding=\"async\" src=\"https:\/\/www.europesays.com\/pl\/wp-content\/uploads\/2026\/06\/136622_r0_300.jpg\" class=\"read-more-box-img\" loading=\"lazy\" alt=\"Rekrutacja IT wchodzi w now\u0105 faz\u0119. Wide\u0142ki to dopiero pocz\u0105tek zmian\" width=\"300\" height=\"200\"\/><br \/>\n                    <\/a><\/p>\n<p>Og\u00f3lna pula\u00a0premii w tegorocznym turnieju\u00a0wzros\u0142a w stosunku do poprzedniej edycji o ponad pi\u0119\u0107 milion\u00f3w.<\/p>\n<p>Premie w turniejach singla Roland Garros 2026:<\/p>\n<p>&#13;<br \/>\nmistrzowie &#8211; 2,8 mln euro,&#13;<br \/>\nfinali\u015bci &#8211; 1,4 mln euro,&#13;<br \/>\n1\/2 fina\u0142u &#8211; 750 tys. euro,&#13;<br \/>\n1\/4 fina\u0142u &#8211; 470 tys. euro,&#13;<br \/>\n4. runda &#8211; 285 tys. euro,&#13;<br \/>\n3. runda &#8211; 187 tys. euro,&#13;<br \/>\n2. runda &#8211; 130 tys. euro,&#13;<br \/>\n1. runda &#8211; 87 tys. euro.&#13;<\/p>\n<p>Nale\u017cy jednak pami\u0119ta\u0107, \u017ce\u00a0Francji obowi\u0105zuj\u0105 stosunkowo wysokie podatki z tego typu dochod\u00f3w. Jak wynika z szacunk\u00f3w oko\u0142o 45 proc. nagrody mo\u017ce trafi\u0107 do tamtejszego fiskusa.\u00a0<\/p>\n<p>        <a href=\"https:\/\/www.pulshr.pl\/bpo\/t-mobile-usa-otworzyl-w-indiach-centrum-technologiczne-zatrudni-ponad-1-tys-pracownikow,119559.html\" class=\"read-more-box-img-cnt\" rel=\"nofollow noopener\" target=\"_blank\"><br \/>\n        \t            <img decoding=\"async\" src=\"https:\/\/www.europesays.com\/pl\/wp-content\/uploads\/2026\/06\/136658_r0_300.jpg\" class=\"read-more-box-img\" loading=\"lazy\" alt=\"T-Mobile USA otworzy\u0142 w Indiach centrum technologiczne, zatrudni ponad 1 tys. pracownik\u00f3w\" width=\"300\" height=\"200\"\/><br \/>\n                    <\/a><\/p>\n<p>W tle trwa walka gwiazd tenisa o wi\u0119kszy udzia\u0142 w zyskach. Czo\u0142owi zawodnicy zwracaj\u0105 uwag\u0119 na fakt, \u017ce do zawodnik\u00f3w trafia tylko oko\u0142o 15 proc. przychod\u00f3w generowanych przez cztery turnieje Wielkiego Szlema. Chc\u0105 zwi\u0119kszenia udzia\u0142\u00f3w do co najmniej 22 proc. oraz dodatkowych \u015bwiadcze\u0144. Do protestu przy\u0142\u0105czy\u0142a si\u0119 mi\u0119dzy innymi Iga \u015awi\u0105tek.<\/p>\n<p>Konflikt zawodnik\u00f3w z organizatorami turniej\u00f3w Wielkiego Szlema (Australian Open, Roland Garros, Wimbledon i US Open) rozpocz\u0105\u0142 si\u0119 wiosn\u0105 ubieg\u0142ego roku. Wtedy w\u0142a\u015bnie grupa czo\u0142owych tenisist\u00f3w wystosowa\u0142a apel do zarz\u0105dzaj\u0105cych imprezami o bardziej sprawiedliwy podzia\u0142 dochod\u00f3w.<\/p>\n<p>&#8211; To my tworzymy show. Bez nas nie by\u0142oby turniej\u00f3w, bez nas nie by\u0142oby rozrywki. Zas\u0142ugujemy na lepsze wynagrodzenie &#8211;\u00a0m\u00f3wi\u0142a na\u00a0pocz\u0105tku maja\u00a0tenisistka Aryna Sabalenka.<\/p>\n<p>        <a href=\"https:\/\/www.pulshr.pl\/zarzadzanie\/emerytury-do-zmiany-komisja-europejska-wydala-rekomendacje-dla-polski,119560.html\" class=\"read-more-box-img-cnt\" rel=\"nofollow noopener\" target=\"_blank\"><br \/>\n        \t            <img decoding=\"async\" src=\"https:\/\/www.europesays.com\/pl\/wp-content\/uploads\/2026\/06\/136659_r0_300.jpg\" class=\"read-more-box-img\" loading=\"lazy\" alt=\"Emerytury do zmiany. Komisja Europejska wyda\u0142a rekomendacje dla Polski\" width=\"300\" height=\"200\"\/><br \/>\n                    <\/a><\/p>\n","protected":false},"excerpt":{"rendered":"Maja Chwali\u0144ska zakwalifikowa\u0142a si\u0119 do fina\u0142u French Open, co oznacza gwarancj\u0119 premii w wysoko\u015bci 1,4 mln euro brutto.&hellip;\n","protected":false},"author":2,"featured_media":474160,"comment_status":"","ping_status":"","sticky":false,"template":"","format":"standard","meta":{"footnotes":"","_share_on_mastodon":"0"},"categories":[12],"tags":[664,11832,835,90716,90719,90722,90720,90714,11830,90717,833,42,38,40,39,41,90721,11831,90715,90718,834],"class_list":["post-474159","post","type-post","status-publish","format-standard","has-post-thumbnail","category-polska","tag-typedefinedterm","tag-12898-html","tag-20970-html","tag-48824-html","tag-49947-html","tag-60228-html","tag-namemaja-chwaliu0144ska","tag-namepremia","tag-namepu0142ace","tag-nametenis","tag-namewynagrodzenia","tag-pl","tag-poland","tag-polish","tag-polska","tag-polski","tag-urlhttps-www-pulshr-pl-lista-maja-chwalinska","tag-urlhttps-www-pulshr-pl-lista-place","tag-urlhttps-www-pulshr-pl-lista-premia","tag-urlhttps-www-pulshr-pl-lista-tenis","tag-urlhttps-www-pulshr-pl-lista-wynagrodzenia"],"share_on_mastodon":{"url":"https:\/\/pubeurope.com\/@pl\/116693356615436029","error":""},"_links":{"self":[{"href":"https:\/\/www.europesays.com\/pl\/wp-json\/wp\/v2\/posts\/474159","targetHints":{"allow":["GET"]}}],"collection":[{"href":"https:\/\/www.europesays.com\/pl\/wp-json\/wp\/v2\/posts"}],"about":[{"href":"https:\/\/www.europesays.com\/pl\/wp-json\/wp\/v2\/types\/post"}],"author":[{"embeddable":true,"href":"https:\/\/www.europesays.com\/pl\/wp-json\/wp\/v2\/users\/2"}],"replies":[{"embeddable":true,"href":"https:\/\/www.europesays.com\/pl\/wp-json\/wp\/v2\/comments?post=474159"}],"version-history":[{"count":0,"href":"https:\/\/www.europesays.com\/pl\/wp-json\/wp\/v2\/posts\/474159\/revisions"}],"wp:featuredmedia":[{"embeddable":true,"href":"https:\/\/www.europesays.com\/pl\/wp-json\/wp\/v2\/media\/474160"}],"wp:attachment":[{"href":"https:\/\/www.europesays.com\/pl\/wp-json\/wp\/v2\/media?parent=474159"}],"wp:term":[{"taxonomy":"category","embeddable":true,"href":"https:\/\/www.europesays.com\/pl\/wp-json\/wp\/v2\/categories?post=474159"},{"taxonomy":"post_tag","embeddable":true,"href":"https:\/\/www.europesays.com\/pl\/wp-json\/wp\/v2\/tags?post=474159"}],"curies":[{"name":"wp","href":"https:\/\/api.w.org\/{rel}","templated":true}]}}