{"id":474652,"date":"2026-06-05T02:06:11","date_gmt":"2026-06-05T02:06:11","guid":{"rendered":"https:\/\/www.europesays.com\/pl\/474652\/"},"modified":"2026-06-05T02:06:11","modified_gmt":"2026-06-05T02:06:11","slug":"przedstawicielka-aleksandra-lukaszenki-wystapila-w-onz-mowila-o-polsce","status":"publish","type":"post","link":"https:\/\/www.europesays.com\/pl\/474652\/","title":{"rendered":"Przedstawicielka Aleksandra \u0141ukaszenki wyst\u0105pi\u0142a w ONZ. M\u00f3wi\u0142a o Polsce"},"content":{"rendered":"<p>W propagandowym wyst\u0105pieniu przedstawiaj\u0105cym punkt widzenia re\u017cimu Aleksandra \u0141ukaszenki podkre\u015bli\u0142a, \u017ce jej zdaniem &#8222;wojskowe wydatki kraj\u00f3w cz\u0142onkowskich NATO d\u0105\u017c\u0105 do poziomu 5 proc. PKB&#8221;, co uzna\u0142a za dow\u00f3d eskalacji. Zwr\u00f3ci\u0142a uwag\u0119, \u017ce Unia Europejska planuje zwi\u0119kszy\u0107 wydatki obronne do 800 mld euro do 2030 r., co jest &#8222;trzykrotnym wzrostem inwestycji w ofensywne zdolno\u015bci militarne&#8221;. <\/p>\n<p> Dalszy ci\u0105g artyku\u0142u pod materia\u0142em wideo <\/p>\n<p>Bielska wskaza\u0142a, \u017ce Polska, Litwa i \u0141otwa wyda\u0142y w 2025 r. \u0142\u0105cznie ponad 52 mld euro na obronno\u015b\u0107, co \u2014 jak powiedzia\u0142a \u2014 &#8222;jest 25 razy wi\u0119cej ni\u017c wydatki Bia\u0142orusi&#8221;. Jej zdaniem pa\u0144stwa te rozmieszczaj\u0105 systemy zdolne do u\u017cycia rakiet manewruj\u0105cych Tomahawk. Okre\u015bli\u0142a te dzia\u0142ania jako &#8222;bezpo\u015brednie zagro\u017cenie&#8221;. <\/p>\n<p>     &#8222;Ryzyko potencjalnej konfrontacji nuklearnej w Europie&#8221;<\/p>\n<p>Dyplomatka stwierdzi\u0142a r\u00f3wnie\u017c, \u017ce cz\u0119\u015b\u0107 pa\u0144stw europejskich deklaruje gotowo\u015b\u0107 do rozmieszczenia broni j\u0105drowej sojusznik\u00f3w na swoim terytorium. W jej ocenie prowadzi to do &#8222;rosn\u0105cego ryzyka potencjalnej konfrontacji nuklearnej w Europie&#8221;. Bielska zaznaczy\u0142a, \u017ce w Europie trwa dyskusja o &#8222;rozszerzonym odstraszaniu&#8221; opartym na francuskich si\u0142ach nuklearnych. Podkre\u015bli\u0142a, \u017ce Bia\u0142oru\u015b &#8222;w miar\u0119 swoich mo\u017cliwo\u015bci jest gotowa dzia\u0142a\u0107, by temu zapobiec&#8221;. <\/p>\n<p>Popar\u0142a tak\u017ce pomys\u0142 stworzenia prawnie wi\u0105\u017c\u0105cych gwarancji bezpiecze\u0144stwa dla pa\u0144stw nieposiadaj\u0105cych broni j\u0105drowej. Jej zdaniem takie gwarancje musz\u0105 &#8222;uwzgl\u0119dnia\u0107 wsp\u00f3\u0142czesne realia i eliminowa\u0107 kluczowe czynniki ryzyka&#8221;. Wezwa\u0142a do dialogu mi\u0119dzy pa\u0144stwami nuklearnymi oraz mi\u0119dzy nimi a krajami bez takiej broni. Zaznaczy\u0142a, \u017ce Mi\u0144sk pozostaje &#8222;przywi\u0105zany do skutecznych mechanizm\u00f3w bezpiecze\u0144stwa&#8221; i got\u00f3w wsp\u00f3\u0142pracowa\u0107 ze wszystkimi zainteresowanymi stronami. W jej ocenie obecne dzia\u0142ania Zachodu prowadz\u0105 do destabilizacji i zwi\u0119kszaj\u0105 prawdopodobie\u0144stwo konfliktu. <\/p>\n","protected":false},"excerpt":{"rendered":"W propagandowym wyst\u0105pieniu przedstawiaj\u0105cym punkt widzenia re\u017cimu Aleksandra \u0141ukaszenki podkre\u015bli\u0142a, \u017ce jej zdaniem &#8222;wojskowe wydatki kraj\u00f3w cz\u0142onkowskich NATO&hellip;\n","protected":false},"author":2,"featured_media":474653,"comment_status":"","ping_status":"","sticky":false,"template":"","format":"standard","meta":{"footnotes":"","_share_on_mastodon":"0"},"categories":[14],"tags":[986,61195,32,33,27,34,35,28,31,48,160,25,46,1191,40,39,41,47,80,29,30,26,892,82,83,84],"class_list":["post-474652","post","type-post","status-publish","format-standard","has-post-thumbnail","category-swiat","tag-aleksander_lukaszenko","tag-bottomfeed_styl","tag-breaking-news","tag-breakingnews","tag-headlines","tag-latest-news","tag-latestnews","tag-naglowki","tag-najwazniejsze-artykuly","tag-nat_styl","tag-nato","tag-news","tag-omp","tag-onz","tag-polish","tag-polska","tag-polski","tag-screening_general","tag-swiat","tag-top-stories","tag-topstories","tag-wiadomosci","tag-wojna","tag-world","tag-world-news","tag-worldnews"],"share_on_mastodon":{"url":"https:\/\/pubeurope.com\/@pl\/116695058745239106","error":""},"_links":{"self":[{"href":"https:\/\/www.europesays.com\/pl\/wp-json\/wp\/v2\/posts\/474652","targetHints":{"allow":["GET"]}}],"collection":[{"href":"https:\/\/www.europesays.com\/pl\/wp-json\/wp\/v2\/posts"}],"about":[{"href":"https:\/\/www.europesays.com\/pl\/wp-json\/wp\/v2\/types\/post"}],"author":[{"embeddable":true,"href":"https:\/\/www.europesays.com\/pl\/wp-json\/wp\/v2\/users\/2"}],"replies":[{"embeddable":true,"href":"https:\/\/www.europesays.com\/pl\/wp-json\/wp\/v2\/comments?post=474652"}],"version-history":[{"count":0,"href":"https:\/\/www.europesays.com\/pl\/wp-json\/wp\/v2\/posts\/474652\/revisions"}],"wp:featuredmedia":[{"embeddable":true,"href":"https:\/\/www.europesays.com\/pl\/wp-json\/wp\/v2\/media\/474653"}],"wp:attachment":[{"href":"https:\/\/www.europesays.com\/pl\/wp-json\/wp\/v2\/media?parent=474652"}],"wp:term":[{"taxonomy":"category","embeddable":true,"href":"https:\/\/www.europesays.com\/pl\/wp-json\/wp\/v2\/categories?post=474652"},{"taxonomy":"post_tag","embeddable":true,"href":"https:\/\/www.europesays.com\/pl\/wp-json\/wp\/v2\/tags?post=474652"}],"curies":[{"name":"wp","href":"https:\/\/api.w.org\/{rel}","templated":true}]}}