{"id":474685,"date":"2026-06-05T02:36:07","date_gmt":"2026-06-05T02:36:07","guid":{"rendered":"https:\/\/www.europesays.com\/pl\/474685\/"},"modified":"2026-06-05T02:36:07","modified_gmt":"2026-06-05T02:36:07","slug":"wrze-w-tiranie-albanczycy-chca-dymisji-premiera-edi-rama-zlodzieju","status":"publish","type":"post","link":"https:\/\/www.europesays.com\/pl\/474685\/","title":{"rendered":"Wrze w Tiranie. Alba\u0144czycy chc\u0105 dymisji premiera. &#8222;Edi Rama, z\u0142odzieju&#8221;"},"content":{"rendered":"<p>Tysi\u0105ce protestuj\u0105cych domaga\u0142o si\u0119 w czwartek w Tiranie dymisji premiera Albanii Ediego Ramy \u2014 poinformowa\u0142 portal CNA. Zorganizowana pi\u0105ty dzie\u0144 z rz\u0119du demonstracja <a href=\"https:\/\/www.onet.pl\/informacje\/onetwiadomosci\/luksusowy-kurort-rodziny-trumpa-w-albanii-pod-lupa-prokuratury-obiekt-zazdrosci\/cx14ppy,79cfc278\" id=\"d8c920e4-0c31-40f2-b896-7b2ada01fbc8\" rel=\"nofollow noopener\" target=\"_blank\">jest odpowiedzi\u0105 na planowany projekt budowy luksusowego kurortu przez firm\u0119 zwi\u0105zan\u0105 z zi\u0119ciem prezydenta USA Donalda Trumpa, Jaredem Kushnerem.<\/a> Dalszy ci\u0105g artyku\u0142u pod materia\u0142em wideo <\/p>\n<p>Protestuj\u0105cy domagaj\u0105 si\u0119 wycofania projektu oraz dymisji premiera. Podczas demonstracji wykrzykiwano has\u0142a &#8222;Zdrajco, tch\u00f3rzu, zrezygnuj jak najszybciej&#8221;, &#8222;Edi Rama, ty z\u0142odzieju&#8221; oraz niesiono transparenty &#8222;Ojczyzna nie jest na sprzeda\u017c&#8221; i &#8222;Albania nie jest na sprzeda\u017c&#8221; \u2014 przekaza\u0142y alba\u0144skie media.<\/p>\n<p>Alba\u0144czycy protestuj\u0105 w sto\u0142ecznej Tiranie przeciwko planowanej przez firm\u0119 powi\u0105zan\u0105 z Kushnerem budowie nadmorskiego kompleksu turystycznego.<\/p>\n<p>Projekt obejmuje budow\u0119 hoteli na bezludnej wyspie Sazan oraz w chronionym obszarze przybrze\u017cnym Vjosa-Narta, mokrad\u0142ach w po\u0142udniowej gminie Zvernec, na kt\u00f3rych \u017cyj\u0105 flamingi, foki i \u017c\u00f3\u0142wie morskie.<\/p>\n<p>     Premier Edi Rama odpiera zarzutyPremier Rama zaproponowa\u0142 we wtorek spotkanie z protestuj\u0105cymi, aby spr\u00f3bowa\u0107 prze\u0142ama\u0107 impas. Szef rz\u0105du podkre\u015bli\u0142 jednak, \u017ce &#8222;nie ma absolutnie \u017cadnych szans na wstrzymanie inwestycji, dop\u00f3ki piastuje swoje stanowisko&#8221;. <a href=\"https:\/\/www.onet.pl\/informacje\/onetwiadomosci\/rewolucja-flamingow-w-albanii-megaprojekt-ziecia-donalda-trumpa-zagrozony\/8g39k7t,79cfc278\" id=\"b19b1503-2e2d-43a8-8060-bf09b0592c5e\" rel=\"nofollow noopener\" target=\"_blank\">Wcze\u015bniej poinformowa\u0142 alba\u0144ski parlament, \u017ce negocjacje w sprawie projektu trwaj\u0105, a ostateczna propozycja nie zosta\u0142a jeszcze uzgodniona.<\/a>     <\/p>\n<p>W o\u015bwiadczeniu wydanym w \u015brod\u0119 stwierdzi\u0142, \u017ce &#8222;bardzo wa\u017cne jest, aby Albania pozosta\u0142a go\u015bcinna, uczciwa i \u017ceby unikn\u0119\u0142a pi\u0119tna kraju, w kt\u00f3rym inwestorzy spotykaj\u0105 si\u0119 z wrogo\u015bci\u0105&#8221;.<\/p>\n<p>Utrzymuj\u0105ce si\u0119 pi\u0105ty dzie\u0144 z rz\u0119du protesty w Tiranie s\u0105 kontynuacj\u0105 sobotniej demonstracji w Zvernecu, gdzie dziesi\u0105tki ludzi protestowa\u0142o przed odgrodzonym terenem pla\u017cy. Prywatni ochroniarze zaatakowali i zranili kilku protestuj\u0105cych, co doprowadzi\u0142o do zawieszenia w obowi\u0105zkach kilku funkcjonariuszy policji i cofni\u0119cia licencji dw\u00f3m prywatnym firmom ochroniarskim.<\/p>\n<p>Kushner ujawni\u0142 plan budowy luksusowego kurortu w 2024 roku, a na pocz\u0105tku bie\u017c\u0105cego odwiedzi\u0142 region wraz z \u017con\u0105 Ivank\u0105 Trump. Firma inwestycyjna powi\u0105zana z Kushnerem otrzyma\u0142a od w\u0142adz Albanii specjalny status inwestora.<\/p>\n","protected":false},"excerpt":{"rendered":"Tysi\u0105ce protestuj\u0105cych domaga\u0142o si\u0119 w czwartek w Tiranie dymisji premiera Albanii Ediego Ramy \u2014 poinformowa\u0142 portal CNA. Zorganizowana&hellip;\n","protected":false},"author":2,"featured_media":474686,"comment_status":"","ping_status":"","sticky":false,"template":"","format":"standard","meta":{"footnotes":"","_share_on_mastodon":"0"},"categories":[14],"tags":[7521,61195,32,33,44,45076,27,34,35,28,31,48,25,46,55,40,41,47,9070,80,29,30,26,82,83,84],"class_list":["post-474685","post","type-post","status-publish","format-standard","has-post-thumbnail","category-swiat","tag-albania","tag-bottomfeed_styl","tag-breaking-news","tag-breakingnews","tag-donald_trump","tag-edi_rama","tag-headlines","tag-latest-news","tag-latestnews","tag-naglowki","tag-najwazniejsze-artykuly","tag-nat_styl","tag-news","tag-omp","tag-phx","tag-polish","tag-polski","tag-screening_general","tag-strajk","tag-swiat","tag-top-stories","tag-topstories","tag-wiadomosci","tag-world","tag-world-news","tag-worldnews"],"share_on_mastodon":{"url":"","error":""},"_links":{"self":[{"href":"https:\/\/www.europesays.com\/pl\/wp-json\/wp\/v2\/posts\/474685","targetHints":{"allow":["GET"]}}],"collection":[{"href":"https:\/\/www.europesays.com\/pl\/wp-json\/wp\/v2\/posts"}],"about":[{"href":"https:\/\/www.europesays.com\/pl\/wp-json\/wp\/v2\/types\/post"}],"author":[{"embeddable":true,"href":"https:\/\/www.europesays.com\/pl\/wp-json\/wp\/v2\/users\/2"}],"replies":[{"embeddable":true,"href":"https:\/\/www.europesays.com\/pl\/wp-json\/wp\/v2\/comments?post=474685"}],"version-history":[{"count":0,"href":"https:\/\/www.europesays.com\/pl\/wp-json\/wp\/v2\/posts\/474685\/revisions"}],"wp:featuredmedia":[{"embeddable":true,"href":"https:\/\/www.europesays.com\/pl\/wp-json\/wp\/v2\/media\/474686"}],"wp:attachment":[{"href":"https:\/\/www.europesays.com\/pl\/wp-json\/wp\/v2\/media?parent=474685"}],"wp:term":[{"taxonomy":"category","embeddable":true,"href":"https:\/\/www.europesays.com\/pl\/wp-json\/wp\/v2\/categories?post=474685"},{"taxonomy":"post_tag","embeddable":true,"href":"https:\/\/www.europesays.com\/pl\/wp-json\/wp\/v2\/tags?post=474685"}],"curies":[{"name":"wp","href":"https:\/\/api.w.org\/{rel}","templated":true}]}}