{"id":474781,"date":"2026-06-05T04:00:18","date_gmt":"2026-06-05T04:00:18","guid":{"rendered":"https:\/\/www.europesays.com\/pl\/474781\/"},"modified":"2026-06-05T04:00:18","modified_gmt":"2026-06-05T04:00:18","slug":"europa-w-koncu-ma-odpowiedz-na-microsoft-office-euro-office-rusza-juz-9-czerwca","status":"publish","type":"post","link":"https:\/\/www.europesays.com\/pl\/474781\/","title":{"rendered":"Europa w ko\u0144cu ma odpowied\u017a na Microsoft Office. Euro-Office rusza ju\u017c 9 czerwca"},"content":{"rendered":"<p style=\"text-align:justify\">Europejski sektor technologiczny przygotowuje si\u0119 do premiery projektu, kt\u00f3ry mo\u017ce sta\u0107 si\u0119 jedn\u0105 z najg\u0142o\u015bniejszych inicjatyw cyfrowych ostatnich lat. Ju\u017c 9 czerwca u\u017cytkownicy otrzymaj\u0105 dost\u0119p do Euro-Office, nowego rozwi\u0105zania do pracy z dokumentami online, rozwijanego przez konsorcjum europejskich firm technologicznych. Tw\u00f3rcy przedstawiaj\u0105 je jako alternatyw\u0119 dla pakiet\u00f3w Microsoft Office oraz Google Docs, stawiaj\u0105c na niezale\u017cno\u015b\u0107 technologiczn\u0105, ochron\u0119 danych i otwarte standardy.<\/p>\n<p style=\"text-align:justify\">Euro-Office nie b\u0119dzie klasycznym programem instalowanym na komputerze. Projekt startuje jako internetowy edytor dokument\u00f3w zintegrowany z us\u0142ugami firm uczestnicz\u0105cych w przedsi\u0119wzi\u0119ciu. Za inicjatyw\u0105 stoj\u0105 mi\u0119dzy innymi IONOS, Nextcloud, XWiki, OpenProject, Soverin, Abilian oraz kilka innych organizacji skupionych wok\u00f3\u0142 projektu EuroStack.<\/p>\n<p style=\"text-align:justify\">Nowe narz\u0119dzie ma umo\u017cliwia\u0107 jednoczesn\u0105 prac\u0119 wielu u\u017cytkownik\u00f3w nad dokumentami tekstowymi, arkuszami kalkulacyjnymi i prezentacjami. Obs\u0142ugiwane b\u0119d\u0105 najpopularniejsze formaty wykorzystywane obecnie w biznesie, w tym DOCX, PPTX, PDF oraz TXT. Pierwsi klienci korzystaj\u0105cy z us\u0142ug Nextcloud i IONOS b\u0119d\u0105 mogli wdro\u017cy\u0107 Euro-Office niemal natychmiast po premierze. Kolejne integracje zaplanowano na nast\u0119pne miesi\u0105ce.<\/p>\n<p>Ambicje s\u0105 ogromne<\/p>\n<p style=\"text-align:justify\">Tw\u00f3rcy projektu nie ukrywaj\u0105, \u017ce ich celem jest stworzenie kompletnego europejskiego ekosystemu produktywno\u015bci. W planach znajduj\u0105 si\u0119 aplikacje desktopowe, mobilne oraz rozw\u00f3j funkcji wsp\u00f3\u0142pracy w czasie rzeczywistym. Szczeg\u00f3lny nacisk ma zosta\u0107 po\u0142o\u017cony na otwarte formaty dokument\u00f3w. Wed\u0142ug przedstawicieli projektu pe\u0142ne wsparcie dla standardu ODF b\u0119dzie jednym z najwa\u017cniejszych kierunk\u00f3w rozwoju kolejnych wersji platformy.<\/p>\n<p style=\"text-align:justify\">Dla wielu europejskich instytucji to niezwykle istotna kwestia. Otwarty standard pozwala unikn\u0105\u0107 uzale\u017cnienia od jednego dostawcy i u\u0142atwia migracj\u0119 danych pomi\u0119dzy r\u00f3\u017cnymi systemami.<\/p>\n<p>Kontrowersje jeszcze przed premier\u0105<\/p>\n<p style=\"text-align:justify\">Cho\u0107 Euro-Office wzbudza du\u017ce zainteresowanie, projekt od pocz\u0105tku nie unikn\u0105\u0142 spor\u00f3w.\u00a0Najwi\u0119cej emocji wywo\u0142a\u0142 fakt, \u017ce rozwi\u0105zanie bazuje na technologii OnlyOffice, popularnym pakiecie biurowym typu open source. Tw\u00f3rcy OnlyOffice oskar\u017cyli autor\u00f3w Euro-Office o naruszenie warunk\u00f3w licencyjnych i niew\u0142a\u015bciwe wykorzystanie kodu \u017ar\u00f3d\u0142owego.<\/p>\n<p style=\"text-align:justify\">Przedstawiciele Euro-Office odpowiedzieli, \u017ce wsp\u00f3\u0142praca z OnlyOffice okaza\u0142a si\u0119 niemo\u017cliwa z kilku powod\u00f3w. W\u015br\u00f3d nich wymieniono kwestie zwi\u0105zane z przejrzysto\u015bci\u0105 projektu, kierunkiem rozwoju produktu oraz wieloletnimi kontrowersjami dotycz\u0105cymi historycznych powi\u0105za\u0144 biznesowych firmy z Rosj\u0105. Sam OnlyOffice podkre\u015bla, \u017ce od kilku lat dzia\u0142a niezale\u017cnie od rosyjskiego rynku, a jego w\u0142a\u015bcicielem pozostaje \u0142otewska sp\u00f3\u0142ka Ascensio System SIA.<\/p>\n<p>Coraz wi\u0119cej Europy w europejskiej administracji<\/p>\n<p style=\"text-align:justify\">Debiut Euro-Office nie jest odosobnionym wydarzeniem. W ostatnich miesi\u0105cach wiele europejskich administracji rozpocz\u0119\u0142o analiz\u0119 mo\u017cliwo\u015bci zast\u0105pienia ameryka\u0144skich us\u0142ug w\u0142asnymi rozwi\u0105zaniami. W Niemczech, Francji i Austrii pojawi\u0142y si\u0119 projekty ograniczaj\u0105ce wykorzystanie produkt\u00f3w Microsoftu w administracji publicznej. Coraz cz\u0119\u015bciej powraca r\u00f3wnie\u017c temat ameryka\u0144skiej ustawy Cloud Act, kt\u00f3ra pozwala ameryka\u0144skim organom \u017c\u0105da\u0107 dost\u0119pu do danych przechowywanych przez firmy ze Stan\u00f3w Zjednoczonych, nawet je\u015bli serwery znajduj\u0105 si\u0119 poza USA.<\/p>\n<blockquote><p>&#13;<\/p>\n<p style=\"text-align:justify\">To w\u0142a\u015bnie kwestie zwi\u0105zane z przechowywaniem informacji i kontrol\u0105 nad danymi sta\u0142y si\u0119 jednym z g\u0142\u00f3wnych argument\u00f3w zwolennik\u00f3w budowy europejskich alternatyw.<\/p>\n<p>&#13;\n<\/p><\/blockquote>\n<p style=\"text-align:justify\">Euro-Office ma by\u0107 odpowiedzi\u0105 na te oczekiwania, cho\u0107 przed projektem stoi ogromne wyzwanie. Microsoft 365 przez lata rozbudowa\u0142 ekosystem obejmuj\u0105cy poczt\u0119 elektroniczn\u0105, komunikacj\u0119 zespo\u0142ow\u0105, wsp\u00f3\u0142dzielenie plik\u00f3w, kalendarze, sztuczn\u0105 inteligencj\u0119 i zaawansowane narz\u0119dzia administracyjne.<\/p>\n<p>Czy Euro-Office ma szans\u0119 zagrozi\u0107 Microsoftowi?<\/p>\n<p style=\"text-align:justify\">Eksperci studz\u0105 emocje i przypominaj\u0105, \u017ce stworzenie funkcjonalnego edytora dokument\u00f3w to dopiero pocz\u0105tek drogi. Niedawne testy innych europejskich projekt\u00f3w open source pokaza\u0142y, \u017ce wiele z nich nadal nie oferuje pe\u0142nego odpowiednika mo\u017cliwo\u015bci dost\u0119pnych w Microsoft 365. Problemy dotycz\u0105 najcz\u0119\u015bciej integracji us\u0142ug, zarz\u0105dzania u\u017cytkownikami, aplikacji mobilnych oraz wsp\u00f3\u0142pracy pomi\u0119dzy r\u00f3\u017cnymi modu\u0142ami.<\/p>\n<p style=\"text-align:justify\">Mimo to zainteresowanie alternatywami stale ro\u015bnie. Dla cz\u0119\u015bci firm i instytucji najwa\u017cniejszym argumentem pozostaje wi\u0119ksza kontrola nad danymi oraz mo\u017cliwo\u015b\u0107 korzystania z rozwi\u0105za\u0144 rozwijanych na terenie Europy.<\/p>\n<p style=\"text-align:justify\">Premiera zaplanowana na 9 czerwca poka\u017ce, czy Euro-Office b\u0119dzie jedynie ciekawostk\u0105 dla zwolennik\u00f3w open source, czy pocz\u0105tkiem znacznie wi\u0119kszej zmiany na rynku oprogramowania biurowego.<\/p>\n<p class=\"m-0\">Spodoba\u0142o Ci si\u0119? Podziel si\u0119 ze znajomymi!<\/p>\n","protected":false},"excerpt":{"rendered":"Europejski sektor technologiczny przygotowuje si\u0119 do premiery projektu, kt\u00f3ry mo\u017ce sta\u0107 si\u0119 jedn\u0105 z najg\u0142o\u015bniejszych inicjatyw cyfrowych ostatnich&hellip;\n","protected":false},"author":2,"featured_media":474782,"comment_status":"","ping_status":"","sticky":false,"template":"","format":"standard","meta":{"footnotes":"","_share_on_mastodon":"0"},"categories":[20],"tags":[210,23824,12460,3171,1972,120,118,119,42,38,40,39,41,10340,2747,116,114,115,121,117,3355],"class_list":["post-474781","post","type-post","status-publish","format-standard","has-post-thumbnail","category-nauka-i-technika","tag-aktualnosci","tag-informacje-prasowe","tag-komputery","tag-konsole","tag-laptopy","tag-nauka","tag-nauka-i-technika","tag-naukatechnika","tag-pl","tag-poland","tag-polish","tag-polska","tag-polski","tag-poradniki","tag-recenzje","tag-science","tag-science-and-technology","tag-sciencetechnology","tag-technika","tag-technology","tag-testy"],"share_on_mastodon":{"url":"https:\/\/pubeurope.com\/@pl\/116695507010604708","error":""},"_links":{"self":[{"href":"https:\/\/www.europesays.com\/pl\/wp-json\/wp\/v2\/posts\/474781","targetHints":{"allow":["GET"]}}],"collection":[{"href":"https:\/\/www.europesays.com\/pl\/wp-json\/wp\/v2\/posts"}],"about":[{"href":"https:\/\/www.europesays.com\/pl\/wp-json\/wp\/v2\/types\/post"}],"author":[{"embeddable":true,"href":"https:\/\/www.europesays.com\/pl\/wp-json\/wp\/v2\/users\/2"}],"replies":[{"embeddable":true,"href":"https:\/\/www.europesays.com\/pl\/wp-json\/wp\/v2\/comments?post=474781"}],"version-history":[{"count":0,"href":"https:\/\/www.europesays.com\/pl\/wp-json\/wp\/v2\/posts\/474781\/revisions"}],"wp:featuredmedia":[{"embeddable":true,"href":"https:\/\/www.europesays.com\/pl\/wp-json\/wp\/v2\/media\/474782"}],"wp:attachment":[{"href":"https:\/\/www.europesays.com\/pl\/wp-json\/wp\/v2\/media?parent=474781"}],"wp:term":[{"taxonomy":"category","embeddable":true,"href":"https:\/\/www.europesays.com\/pl\/wp-json\/wp\/v2\/categories?post=474781"},{"taxonomy":"post_tag","embeddable":true,"href":"https:\/\/www.europesays.com\/pl\/wp-json\/wp\/v2\/tags?post=474781"}],"curies":[{"name":"wp","href":"https:\/\/api.w.org\/{rel}","templated":true}]}}