{"id":475066,"date":"2026-06-05T07:27:09","date_gmt":"2026-06-05T07:27:09","guid":{"rendered":"https:\/\/www.europesays.com\/pl\/475066\/"},"modified":"2026-06-05T07:27:09","modified_gmt":"2026-06-05T07:27:09","slug":"ustawa-o-statusie-osoby-najblizszej-jakiej-decyzji-chca-polacy","status":"publish","type":"post","link":"https:\/\/www.europesays.com\/pl\/475066\/","title":{"rendered":"Ustawa o statusie osoby najbli\u017cszej. Jakiej decyzji chc\u0105 Polacy?"},"content":{"rendered":"\n<p>&#13;<br \/>\nTak wynika z\u00a0najnowszego sonda\u017cu IBRiS dla\u00a0Polsat News. Poparcie dla\u00a0nowych przepis\u00f3w deklaruje 53 proc. badanych, przeciwnych jest 37,4 proc. Wyniki pokazuj\u0105 tak\u017ce bardzo wyra\u017ane podzia\u0142y polityczne. Szczeg\u00f3lnie mocno wida\u0107 je\u00a0w\u015br\u00f3d elektorat\u00f3w poszczeg\u00f3lnych partii. &#13;\n<\/p>\n<p>Lewica i\u00a0PiS po\u00a0dw\u00f3ch stronach barykady<\/p>\n<p>&#13;<br \/>\nNajwi\u0119ksze poparcie dla\u00a0podpisania ustawy odnotowano w\u015br\u00f3d wyborc\u00f3w Nowej Lewicy. A\u017c\u00a091,8 proc. respondent\u00f3w z\u00a0tej grupy uwa\u017ca, \u017ce\u00a0prezydent powinien z\u0142o\u017cy\u0107 podpis pod\u00a0ustaw\u0105. Co\u00a0znamienne, a\u017c\u00a085,4 proc. wskaza\u0142o odpowied\u017a &#8222;zdecydowanie podpisa\u0107&#8221;. &#13;\n<\/p>\n<p>&#13;<br \/>\nW elektoracie Prawa i\u00a0Sprawiedliwo\u015bci sytuacja wygl\u0105da odwrotnie. Za\u00a0podpisaniem ustawy opowiada si\u0119 jedynie 20,7 proc. badanych, podczas gdy 66,9 proc. uwa\u017ca, \u017ce\u00a0prezydent nie\u00a0powinien jej podpisywa\u0107. Blisko po\u0142owa wyborc\u00f3w PiS \u2013\u00a049,4 proc. \u2013\u00a0oczekuje wr\u0119cz zdecydowanego weta. Jeszcze wi\u0119kszy sceptycyzm wida\u0107 w\u015br\u00f3d os\u00f3b, kt\u00f3re g\u0142osowa\u0142y na\u00a0Karola Nawrockiego. W\u00a0tej grupie za\u00a0podpisem jest 19,5 proc. respondent\u00f3w, natomiast przeciwko \u2013\u00a069,9 proc. &#13;\n<\/p>\n<p>Du\u017ce miasta m\u00f3wi\u0105 &#8222;tak&#8221;<\/p>\n<p>&#13;<br \/>\nNajwi\u0119ksze poparcie dla\u00a0nowych przepis\u00f3w odnotowano w\u00a0najwi\u0119kszych miastach. W\u00a0miastach licz\u0105cych ponad 250 tys. mieszka\u0144c\u00f3w za\u00a0podpisaniem ustawy opowiada si\u0119 70,5 proc. respondent\u00f3w. Ponad po\u0142owa badanych z\u00a0tej grupy uwa\u017ca, \u017ce\u00a0prezydent powinien j\u0105 &#8222;zdecydowanie podpisa\u0107&#8221;. &#13;\n<\/p>\n<p>&#13;<br \/>\nZnacznie bardziej podzieleni s\u0105 mieszka\u0144cy wsi. Za\u00a0podpisem jest 43,9 proc. respondent\u00f3w, przeciwko 38,1 proc., a\u00a0niemal co\u00a0pi\u0105ty badany nie\u00a0ma\u00a0zdania. Najwi\u0119cej przeciwnik\u00f3w ustawy mieszka w\u00a0miastach \u015bredniej wielko\u015bci. W\u00a0tej grupie 47 proc. badanych uwa\u017ca, \u017ce\u00a0prezydent nie\u00a0powinien sk\u0142ada\u0107 podpisu pod\u00a0nowymi przepisami. &#13;\n<\/p>\n<p>\u017bukowska: To\u00a0jest ustawa, kt\u00f3ra chroni rodziny<\/p>\n<p>&#13;<br \/>\nProjekt przewiduje mo\u017cliwo\u015b\u0107 zawarcia przez dwie osoby pe\u0142noletnie umowy przed notariuszem. Po\u00a0rejestracji w\u00a0Urz\u0119dzie Stanu Cywilnego strony mog\u0142yby m.in. ustali\u0107 ustr\u00f3j maj\u0105tkowy, ustanowi\u0107 obowi\u0105zek alimentacyjny, korzysta\u0107 ze\u00a0wsp\u00f3lnego mieszkania czy\u00a0uzyska\u0107 dost\u0119p do\u00a0informacji medycznych dotycz\u0105cych partnera. &#13;\n<\/p>\n<p>&#13;<br \/>\nPodczas debaty w\u00a0Sejmie przewodnicz\u0105ca klubu Lewicy <a href=\"https:\/\/dorzeczy.pl\/opinie\/893131\/dyskusja-o-ustawie-ws-osoby-najblizszej-zukowska-chroni-rodziny-jednoplciowe.html\" rel=\"nofollow noopener\" target=\"_blank\">Anna Maria \u017bukowska nie\u00a0ukrywa\u0142a<\/a>, \u017ce\u00a0projekt ma\u00a0znaczenie r\u00f3wnie\u017c dla\u00a0par jednop\u0142ciowych. \u2013\u00a0To\u00a0jest ustawa, kt\u00f3ra chroni rodziny, bo\u00a0takie rodziny w\u00a0Polsce, rodziny jednop\u0142ciowe, istniej\u0105. A\u00a0prawo jest po\u00a0to, \u017ceby rozpoznawa\u0107 potrzeby spo\u0142eczne, zjawiska spo\u0142eczne, a\u00a0nie udawa\u0107, \u017ce\u00a0one nie\u00a0istniej\u0105 \u2013\u00a0m\u00f3wi\u0142a. Pos\u0142anka przekonywa\u0142a r\u00f3wnie\u017c, \u017ce\u00a0ustawa zwi\u0119kszy bezpiecze\u0144stwo dzieci wychowuj\u0105cych si\u0119 w\u00a0takich rodzinach. &#13;\n<\/p>\n<p>&#13;<br \/>\nJednocze\u015bnie zaznaczy\u0142a, \u017ce\u00a0proponowane rozwi\u0105zania nie\u00a0wyczerpuj\u0105 postulat\u00f3w \u015brodowisk LGBT. \u2013\u00a0Nie\u00a0jest to\u00a0na pewno rozwi\u0105zanie, kt\u00f3re jest rozwi\u0105zaniem marze\u0144 spo\u0142eczno\u015bci LGBT+. Niemniej jednak jest pierwszym historycznym rozwi\u0105zaniem, du\u017cym krokiem naprz\u00f3d \u2013\u00a0stwierdzi\u0142a. &#13;\n<\/p>\n<p>&#13;<br \/>\nCzytaj te\u017c:<br \/><a href=\"https:\/\/dorzeczy.pl\/opinie\/893794\/co-z-ustawa-o-statusie-osoby-najblizszej-nawrocki-odpowiada.html\" rel=\"follow nofollow noopener\" data-schema=\"DORZECZY\" data-image=\"https:\/\/img.dorzeczy.pl\/_thumb\/a1\/74\/4fe74ce59ba1fe8cc230e239f5da.jpeg\" target=\"_blank\">Co z\u00a0ustaw\u0105 o\u00a0statusie osoby najbli\u017cszej? Jednoznaczna odpowied\u017a Nawrockiego<\/a>&#13;<\/p>\n","protected":false},"excerpt":{"rendered":"&#13; Tak wynika z\u00a0najnowszego sonda\u017cu IBRiS dla\u00a0Polsat News. Poparcie dla\u00a0nowych przepis\u00f3w deklaruje 53 proc. badanych, przeciwnych jest 37,4&hellip;\n","protected":false},"author":2,"featured_media":475067,"comment_status":"","ping_status":"","sticky":false,"template":"","format":"standard","meta":{"footnotes":"","_share_on_mastodon":"0"},"categories":[62712],"tags":[6334,98,6333,690,49,4463,555,102,13837,529,22272,1005,366,14309,87386,6158],"class_list":["post-475066","post","type-post","status-publish","format-standard","has-post-thumbnail","category-karol-nawrocki","tag-adopcja","tag-dorzeczy","tag-homoseksualizm","tag-karol-nawrocki","tag-kraj","tag-lewica","tag-malzenstwo","tag-opinie","tag-osoba-najblizsza","tag-pis","tag-poparcie","tag-prezydent","tag-sondaz","tag-sprzeciw","tag-status-osoby-najblizszej","tag-ustawa"],"share_on_mastodon":{"url":"https:\/\/pubeurope.com\/@pl\/116696320934456919","error":""},"_links":{"self":[{"href":"https:\/\/www.europesays.com\/pl\/wp-json\/wp\/v2\/posts\/475066","targetHints":{"allow":["GET"]}}],"collection":[{"href":"https:\/\/www.europesays.com\/pl\/wp-json\/wp\/v2\/posts"}],"about":[{"href":"https:\/\/www.europesays.com\/pl\/wp-json\/wp\/v2\/types\/post"}],"author":[{"embeddable":true,"href":"https:\/\/www.europesays.com\/pl\/wp-json\/wp\/v2\/users\/2"}],"replies":[{"embeddable":true,"href":"https:\/\/www.europesays.com\/pl\/wp-json\/wp\/v2\/comments?post=475066"}],"version-history":[{"count":0,"href":"https:\/\/www.europesays.com\/pl\/wp-json\/wp\/v2\/posts\/475066\/revisions"}],"wp:featuredmedia":[{"embeddable":true,"href":"https:\/\/www.europesays.com\/pl\/wp-json\/wp\/v2\/media\/475067"}],"wp:attachment":[{"href":"https:\/\/www.europesays.com\/pl\/wp-json\/wp\/v2\/media?parent=475066"}],"wp:term":[{"taxonomy":"category","embeddable":true,"href":"https:\/\/www.europesays.com\/pl\/wp-json\/wp\/v2\/categories?post=475066"},{"taxonomy":"post_tag","embeddable":true,"href":"https:\/\/www.europesays.com\/pl\/wp-json\/wp\/v2\/tags?post=475066"}],"curies":[{"name":"wp","href":"https:\/\/api.w.org\/{rel}","templated":true}]}}