{"id":475528,"date":"2026-06-05T12:03:11","date_gmt":"2026-06-05T12:03:11","guid":{"rendered":"https:\/\/www.europesays.com\/pl\/475528\/"},"modified":"2026-06-05T12:03:11","modified_gmt":"2026-06-05T12:03:11","slug":"w-rumunii-eksplodowal-dron-czy-polska-jest-zagrozona-niepokojace-slowa-tuska","status":"publish","type":"post","link":"https:\/\/www.europesays.com\/pl\/475528\/","title":{"rendered":"W Rumunii eksplodowa\u0142 dron. Czy Polska jest zagro\u017cona? Niepokoj\u0105ce s\u0142owa Tuska"},"content":{"rendered":"<p>Premier Donald Tusk odni\u00f3s\u0142 si\u0119 do pi\u0105tkowej eksplozji morskiego drona w pobli\u017cu rumu\u0144skiego portu w Konstancy nad Morzem Czarnym. Szef rz\u0105du podkre\u015bli\u0142, \u017ce tego typu incydenty wpisuj\u0105 si\u0119 w rosn\u0105ce napi\u0119cia w regionie i nie s\u0105 dla Polski zaskoczeniem.<\/p>\n<p>\u2013 Dla rumu\u0144skiego prezydenta to b\u0119dzie numer jeden, kt\u00f3ry b\u0119dzie siedzia\u0142 w jego g\u0142owie z oczywistych wzgl\u0119d\u00f3w \u2013 powiedzia\u0142 Tusk w rozmowie z dziennikarzami. Premier zaznaczy\u0142, \u017ce ju\u017c wcze\u015bniej ostrzega\u0142 europejskich partner\u00f3w przed mo\u017cliwo\u015bci\u0105 wyst\u0105pienia podobnych zdarze\u0144. Jego zdaniem sytuacja bezpiecze\u0144stwa w regionie Morza Czarnego i na wschodniej flance NATO staje si\u0119 coraz bardziej napi\u0119ta.<\/p>\n<p>\u2013 Dla nas to nie jest zaskoczenie. Jak wiecie, jeste\u015bmy przygotowani. Ostrzega\u0142em tak\u017ce naszych europejskich partner\u00f3w ju\u017c wiele tygodni temu, \u017ce mo\u017cna si\u0119 spodziewa\u0107 r\u00f3\u017cnych zdarze\u0144, eskalacji czasami intencjonalnych, a czasami nie \u2013 stwierdzi\u0142 szef rz\u0105du. \u2013 Generalnie sytuacja idzie w stron\u0119 eskalacji wi\u0119kszych napi\u0119\u0107, wi\u0119c musimy by\u0107 na to przygotowani. Polska stara si\u0119 by\u0107 przygotowana \u2013 doda\u0142 premier.<\/p>\n<p>W pi\u0105tek rumu\u0144skie Ministerstwo Obrony poinformowa\u0142o, \u017ce w rejonie portu w Konstancy dosz\u0142o do eksplozji morskiego drona o nieustalonym pochodzeniu. Wed\u0142ug w\u0142adz bezza\u0142ogowiec zdetonowa\u0142 si\u0119 samoczynnie. Zdarzenie nie spowodowa\u0142o ofiar w\u015br\u00f3d ludzi ani strat materialnych.<\/p>\n<p>Rumu\u0144skie s\u0142u\u017cby prowadz\u0105 obecnie dzia\u0142ania wyja\u015bniaj\u0105ce. W trakcie przeszukiwania terenu odnaleziono tak\u017ce kolejne drony, a cz\u0119\u015b\u0107 portu zosta\u0142a obj\u0119ta dzia\u0142aniami zabezpieczaj\u0105cymi i ewakuacj\u0105 prewencyjn\u0105.<\/p>\n<p>Przeczytaj r\u00f3wnie\u017c:<\/p>\n","protected":false},"excerpt":{"rendered":"Premier Donald Tusk odni\u00f3s\u0142 si\u0119 do pi\u0105tkowej eksplozji morskiego drona w pobli\u017cu rumu\u0144skiego portu w Konstancy nad Morzem&hellip;\n","protected":false},"author":2,"featured_media":405637,"comment_status":"","ping_status":"","sticky":false,"template":"","format":"standard","meta":{"footnotes":"","_share_on_mastodon":"0"},"categories":[62713],"tags":[1345,743,542],"class_list":["post-475528","post","type-post","status-publish","format-standard","has-post-thumbnail","category-donald-tusk","tag-donald-tusk","tag-dron","tag-rumunia"],"share_on_mastodon":{"url":"https:\/\/pubeurope.com\/@pl\/116697406181983864","error":""},"_links":{"self":[{"href":"https:\/\/www.europesays.com\/pl\/wp-json\/wp\/v2\/posts\/475528","targetHints":{"allow":["GET"]}}],"collection":[{"href":"https:\/\/www.europesays.com\/pl\/wp-json\/wp\/v2\/posts"}],"about":[{"href":"https:\/\/www.europesays.com\/pl\/wp-json\/wp\/v2\/types\/post"}],"author":[{"embeddable":true,"href":"https:\/\/www.europesays.com\/pl\/wp-json\/wp\/v2\/users\/2"}],"replies":[{"embeddable":true,"href":"https:\/\/www.europesays.com\/pl\/wp-json\/wp\/v2\/comments?post=475528"}],"version-history":[{"count":0,"href":"https:\/\/www.europesays.com\/pl\/wp-json\/wp\/v2\/posts\/475528\/revisions"}],"wp:featuredmedia":[{"embeddable":true,"href":"https:\/\/www.europesays.com\/pl\/wp-json\/wp\/v2\/media\/405637"}],"wp:attachment":[{"href":"https:\/\/www.europesays.com\/pl\/wp-json\/wp\/v2\/media?parent=475528"}],"wp:term":[{"taxonomy":"category","embeddable":true,"href":"https:\/\/www.europesays.com\/pl\/wp-json\/wp\/v2\/categories?post=475528"},{"taxonomy":"post_tag","embeddable":true,"href":"https:\/\/www.europesays.com\/pl\/wp-json\/wp\/v2\/tags?post=475528"}],"curies":[{"name":"wp","href":"https:\/\/api.w.org\/{rel}","templated":true}]}}