{"id":476171,"date":"2026-06-05T18:50:14","date_gmt":"2026-06-05T18:50:14","guid":{"rendered":"https:\/\/www.europesays.com\/pl\/476171\/"},"modified":"2026-06-05T18:50:14","modified_gmt":"2026-06-05T18:50:14","slug":"ukryta-stawka-finalu-chwalinskiej-w-roland-garros-o-tym-nikt-nie-mowi","status":"publish","type":"post","link":"https:\/\/www.europesays.com\/pl\/476171\/","title":{"rendered":"Ukryta stawka fina\u0142u Chwali\u0144skiej w Roland Garros. O tym nikt nie m\u00f3wi"},"content":{"rendered":"<p>Maja Chwali\u0144ska zaczyna\u0142a Roland Garros jako 114. tenisistka \u015bwiata. Po dziewi\u0119ciu wygranych \u2014 trzech w kwalifikacjach i sze\u015bciu w turnieju g\u0142\u00f3wnym \u2014 jest ju\u017c na 21. miejscu w rankingu &#8222;na \u017cywo&#8221;. Tym samym zaliczy\u0142a awans a\u017c o 93 lokaty. To gigantyczny sukces, kt\u00f3ry zagwarantuje Polce gr\u0119 w najwi\u0119kszych turniejach rangi WTA 1000, a dodatkowo b\u0119dzie w nich rozstawiona, czyli zacznie je od drugiej rundy.<\/p>\n<p> Dalszy ci\u0105g artyku\u0142u pod materia\u0142em wideo <\/p>\n<p>Nie mo\u017cna jednak zapomnie\u0107 o jeszcze jednym wa\u017cnym rankingu. Chodzi o WTA Race, czyli zestawienie uwzgl\u0119dniaj\u0105ce wyst\u0119py tenisistek i zdobyte przez nie punkty jedynie w trwaj\u0105cym sezonie. W nim nasza rodaczka znajduje si\u0119 w tej chwili jeszcze wy\u017cej, bo na 14. pozycji z dorobkiem 1454 pkt. W tym przypadku awans jest jeszcze bardziej imponuj\u0105cy, bo przed startem Roland Garros Chwali\u0144ska by\u0142a&#8230; 130.<\/p>\n<p>     Maja Chwali\u0144ska tu\u017c za plecami Igi \u015awi\u0105tek. Nierealny scenariusz w walce o WTA Finals<\/p>\n<p>Mia\u0142a w\u00f3wczas zaledwie 114 pkt na swoim koncie. Dzi\u0119ki temu, \u017ce w Pary\u017cu zdoby\u0142a ju\u017c 1340 &#8222;oczek&#8221; awansowa\u0142a o 116 miejsc. I wci\u0105\u017c mo\u017ce poprawi\u0107 sw\u00f3j wynik. Je\u015bli w sobotnim finale wygra z Mirr\u0105 Andriejew\u0105 b\u0119dzie mia\u0142a 2154 pkt i znajdzie si\u0119 na 10. lokacie w rankingu WTA Race. W taki spos\u00f3b wyprzedzi\u0142aby nawet Ig\u0119 \u015awi\u0105tek, kt\u00f3ra teraz jest na 11. pozycji z bilansem 1823 &#8222;oczek&#8221;. Chwali\u0144ska jest wi\u0119c tu\u017c za ni\u0105.<\/p>\n<p>Nale\u017cy jednak wyja\u015bni\u0107, \u017ce zestawienie WTA Race niesie za sob\u0105 zgo\u0142a inne korzy\u015bci ni\u017c klasyczny ranking. Nasza rodaczka, pn\u0105c si\u0119 w nim, w\u0142\u0105cza si\u0119 do walki o awans na prawdopodobnie najbardziej presti\u017cow\u0105 tu\u017c po Wielkich Szlemach imprez\u0119, czyli WTA Finals. W tym zawodach zagra osiem zawodniczek, kt\u00f3re w trakcie ca\u0142ego sezonu zgromadz\u0105 najwi\u0119cej punkt\u00f3w, czyli po prostu b\u0119d\u0105 gra\u0107 najlepiej.<\/p>\n<p> Droga na WTA Finals b\u0119dzie d\u0142uga i kr\u0119ta. Obie Polki musz\u0105 powalczy\u0107     <\/p>\n<p>Je\u017celi WTA Finals odby\u0142oby si\u0119 w tym momencie, to zapewniony awans mia\u0142yby kolejno: Aryna Sabalenka, Jelena Rybakina, Mirra Andriejewa, Elina Switolina, Jessica Pegula, Coco Gauff, Marta Kostiuk i Karolina Muchova. Trzeba przyzna\u0107, \u017ce grono i\u015bcie presti\u017cowe. Mo\u017cliwy awans na 10. miejsce w zestawieniu WTA Race jest wi\u0119c ukryt\u0105 stawk\u0105 nadchodz\u0105cego fina\u0142u z Andriejew\u0105.<\/p>\n<p>Pami\u0119tajmy jednak, \u017ce nawet triumf w Roland Garros nie zapewni Chwali\u0144skiej gwarantowanego miejsca na WTA Finals. Po tym sukcesie Polka musia\u0142aby w kilku kolejnych turniejach r\u00f3wnie\u017c dochodzi\u0107 do dalszych faz (chocia\u017cby \u0107wier\u0107fina\u0142\u00f3w, \u017ceby zdobywa\u0107 wi\u0119ksze liczby punkt\u00f3w), aby nie straci\u0107 swojej wysokiej pozycji. A o awans do najlepszej \u00f3semki tego rankingu wci\u0105\u017c walczy\u0107 b\u0119dzie te\u017c Iga \u015awi\u0105tek.<\/p>\n<p>Tak wygl\u0105da sytuacja w rankingu WTA Race<\/p>\n<p>     <img class=\"ods-a-photo ods-a-photo--background\" src=\"https:\/\/www.europesays.com\/pl\/wp-content\/uploads\/2026\/06\/GXdk9lBaHR0cHM6Ly9vY2RuLmV1L3B1bHNjbXMvTURBXy9mNzFmMTZlODA4NDJjNzg2MGZlNzhhZTdkOGRkYmQ1MS5wbmeRkwXNB.jpeg\" height=\"530\" width=\"940\" alt=\"WTA Race\" loading=\"lazy\" fetchpriority=\"auto\" decoding=\"auto\"\/>    <\/p>\n<p>live-tennis.eu<\/p>\n<p>  WTA Race  <\/p>\n","protected":false},"excerpt":{"rendered":"Maja Chwali\u0144ska zaczyna\u0142a Roland Garros jako 114. tenisistka \u015bwiata. Po dziewi\u0119ciu wygranych \u2014 trzech w kwalifikacjach i sze\u015bciu&hellip;\n","protected":false},"author":2,"featured_media":476172,"comment_status":"","ping_status":"","sticky":false,"template":"","format":"standard","meta":{"footnotes":"","_share_on_mastodon":"0"},"categories":[24],"tags":[61195,252,24610,4212,48,46,42,38,40,39,41,91155,23194,47,127,126,156,130,1505],"class_list":["post-476171","post","type-post","status-publish","format-standard","has-post-thumbnail","category-sport","tag-bottomfeed_styl","tag-iga_swiatek","tag-maja_chwalinska","tag-mirra_andriejewa","tag-nat_styl","tag-omp","tag-pl","tag-poland","tag-polish","tag-polska","tag-polski","tag-ranking_wta_race","tag-roland_garros","tag-screening_general","tag-sport","tag-sports","tag-tenis","tag-wiadomosci_sportowe","tag-wta_finals"],"share_on_mastodon":{"url":"https:\/\/pubeurope.com\/@pl\/116699007228745936","error":""},"_links":{"self":[{"href":"https:\/\/www.europesays.com\/pl\/wp-json\/wp\/v2\/posts\/476171","targetHints":{"allow":["GET"]}}],"collection":[{"href":"https:\/\/www.europesays.com\/pl\/wp-json\/wp\/v2\/posts"}],"about":[{"href":"https:\/\/www.europesays.com\/pl\/wp-json\/wp\/v2\/types\/post"}],"author":[{"embeddable":true,"href":"https:\/\/www.europesays.com\/pl\/wp-json\/wp\/v2\/users\/2"}],"replies":[{"embeddable":true,"href":"https:\/\/www.europesays.com\/pl\/wp-json\/wp\/v2\/comments?post=476171"}],"version-history":[{"count":0,"href":"https:\/\/www.europesays.com\/pl\/wp-json\/wp\/v2\/posts\/476171\/revisions"}],"wp:featuredmedia":[{"embeddable":true,"href":"https:\/\/www.europesays.com\/pl\/wp-json\/wp\/v2\/media\/476172"}],"wp:attachment":[{"href":"https:\/\/www.europesays.com\/pl\/wp-json\/wp\/v2\/media?parent=476171"}],"wp:term":[{"taxonomy":"category","embeddable":true,"href":"https:\/\/www.europesays.com\/pl\/wp-json\/wp\/v2\/categories?post=476171"},{"taxonomy":"post_tag","embeddable":true,"href":"https:\/\/www.europesays.com\/pl\/wp-json\/wp\/v2\/tags?post=476171"}],"curies":[{"name":"wp","href":"https:\/\/api.w.org\/{rel}","templated":true}]}}