{"id":476550,"date":"2026-06-05T23:34:22","date_gmt":"2026-06-05T23:34:22","guid":{"rendered":"https:\/\/www.europesays.com\/pl\/476550\/"},"modified":"2026-06-05T23:34:22","modified_gmt":"2026-06-05T23:34:22","slug":"wylowil-wielkiego-suma-i-wywiozl-go-w-bagazniku-jest-decyzja-o-deportacji","status":"publish","type":"post","link":"https:\/\/www.europesays.com\/pl\/476550\/","title":{"rendered":"Wy\u0142owi\u0142 wielkiego suma i wywi\u00f3z\u0142 go w baga\u017cniku. Jest decyzja o deportacji"},"content":{"rendered":"<p><a href=\"https:\/\/www.onet.pl\/informacje\/onetwarszawa\/wylowili-nielegalnie-ogromnego-suma-z-jeziorka-na-goclawiu-57-latek-zatrzymany\/l9bxl0p,79cfc278\" id=\"0b336045-980e-42c1-aa14-42e5f8a4f7eb\" rel=\"nofollow noopener\" target=\"_blank\">Do zatrzymania dosz\u0142o we wtorek po tym<\/a>, jak w sieci pojawi\u0142y si\u0119 nagrania i zdj\u0119cia dokumentuj\u0105ce incydent nad jeziorkiem Balaton. Materia\u0142y wywo\u0142a\u0142y fal\u0119 krytyki wobec zachowania m\u0119\u017cczyzny. Dalszy ci\u0105g artyku\u0142u pod materia\u0142em wideo <\/p>\n<p>57-letni obywatel Ukrainy us\u0142ysza\u0142 zarzuty pope\u0142nienia dw\u00f3ch przest\u0119pstw. Pierwszy z nich dotyczy naruszenia przepis\u00f3w ustawy o rybactwie \u015br\u00f3dl\u0105dowym, drugi \u2014 ustawy o ochronie zwierz\u0105t. Podinsp. Joanna W\u0119grzyniak z warszawskiej policji przekaza\u0142a, \u017ce m\u0119\u017cczyzna jest podejrzany o przewo\u017cenie ryby wy\u0142owionej w okresie ochronnym oraz o zn\u0119canie si\u0119 nad ni\u0105 poprzez transport bez dost\u0119pu do wody. Za te czyny grozi kara do trzech lat pozbawienia wolno\u015bci.<\/p>\n<p>Po zako\u0144czeniu czynno\u015bci z podejrzanym policjanci przekazali go stra\u017cy granicznej, wnioskuj\u0105c o wydanie tzw. decyzji powrotowej. Jak podkre\u015blili, dalszy pobyt 57-latka na terenie Polski stanowi zagro\u017cenie dla porz\u0105dku publicznego.<\/p>\n<p>Ukrainiec zatrzymany w sprawie wy\u0142owienia suma z jeziorka. S\u0142u\u017cby odstawi\u0142y 57-latka na granic\u0119     <\/p>\n<p>Major Dagmara Bielec, rzeczniczka Nadwi\u015bla\u0144skiego Oddzia\u0142u Stra\u017cy Granicznej, poinformowa\u0142a w komunikacie, \u017ce komendant plac\u00f3wki w Warszawie wyda\u0142 decyzj\u0119 o zobowi\u0105zaniu m\u0119\u017cczyzny do powrotu bez okre\u015blenia terminu dobrowolnego wyjazdu. Jednocze\u015bnie orzeczono zakaz ponownego wjazdu na terytorium Polski oraz innych pa\u0144stw strefy Schengen na pi\u0119\u0107 lat. Decyzja ta, ze wzgl\u0119du na charakter sprawy, mia\u0142a rygor natychmiastowej wykonalno\u015bci, co oznacza, \u017ce jeszcze tego samego dnia m\u0119\u017cczyzna zosta\u0142 przekazany ukrai\u0144skiej s\u0142u\u017cbie granicznej na przej\u015bciu w Dorohusku.<\/p>\n<p>Nagranie z po\u0142owu suma, kt\u00f3re pojawi\u0142o si\u0119 w mediach spo\u0142eczno\u015bciowych 30 maja, pokazuje m\u0119\u017cczyzn na rowerze wodnym, z kt\u00f3rych jeden trzyma w\u0119dk\u0119 z napr\u0119\u017con\u0105 \u017cy\u0142k\u0105. Po d\u0142u\u017cszej walce ryba zostaje wyci\u0105gni\u0119ta z wody r\u0119kami, a nast\u0119pnie przeci\u0105gni\u0119ta po ziemi. W internecie opublikowano tak\u017ce zdj\u0119cia suma le\u017c\u0105cego na chodniku. Wed\u0142ug relacji \u015bwiadk\u00f3w ryba mia\u0142a ponad 170 cm d\u0142ugo\u015bci i wa\u017cy\u0142a oko\u0142o 40 kg. Nast\u0119pnie zosta\u0142a umieszczona w baga\u017cniku samochodu osobowego, kt\u00f3ry szybko odjecha\u0142 z miejsca zdarzenia.<\/p>\n<p>Zgodnie z obowi\u0105zuj\u0105cymi przepisami, w Polsce od 1 stycznia do 31 maja obowi\u0105zuje okres ochronny suma. Dodatkowo regulamin Okr\u0119gu Mazowieckiego Polskiego Zwi\u0105zku W\u0119dkarskiego zabrania po\u0142owu ryb ze sprz\u0119tu p\u0142ywaj\u0105cego.<\/p>\n","protected":false},"excerpt":{"rendered":"Do zatrzymania dosz\u0142o we wtorek po tym, jak w sieci pojawi\u0142y si\u0119 nagrania i zdj\u0119cia dokumentuj\u0105ce incydent nad&hellip;\n","protected":false},"author":2,"featured_media":476551,"comment_status":"","ping_status":"","sticky":false,"template":"","format":"standard","meta":{"footnotes":"","_share_on_mastodon":"0"},"categories":[51605],"tags":[61195,48,46,42,38,40,39,41,13940,47,515,415,435,15645],"class_list":["post-476550","post","type-post","status-publish","format-standard","has-post-thumbnail","category-warszawa","tag-bottomfeed_styl","tag-nat_styl","tag-omp","tag-pl","tag-poland","tag-polish","tag-polska","tag-polski","tag-ryby","tag-screening_general","tag-straz_graniczna","tag-ukraina","tag-warszawa","tag-wedkarstwo_wedkarze"],"share_on_mastodon":{"url":"https:\/\/pubeurope.com\/@pl\/116700123200851174","error":""},"_links":{"self":[{"href":"https:\/\/www.europesays.com\/pl\/wp-json\/wp\/v2\/posts\/476550","targetHints":{"allow":["GET"]}}],"collection":[{"href":"https:\/\/www.europesays.com\/pl\/wp-json\/wp\/v2\/posts"}],"about":[{"href":"https:\/\/www.europesays.com\/pl\/wp-json\/wp\/v2\/types\/post"}],"author":[{"embeddable":true,"href":"https:\/\/www.europesays.com\/pl\/wp-json\/wp\/v2\/users\/2"}],"replies":[{"embeddable":true,"href":"https:\/\/www.europesays.com\/pl\/wp-json\/wp\/v2\/comments?post=476550"}],"version-history":[{"count":0,"href":"https:\/\/www.europesays.com\/pl\/wp-json\/wp\/v2\/posts\/476550\/revisions"}],"wp:featuredmedia":[{"embeddable":true,"href":"https:\/\/www.europesays.com\/pl\/wp-json\/wp\/v2\/media\/476551"}],"wp:attachment":[{"href":"https:\/\/www.europesays.com\/pl\/wp-json\/wp\/v2\/media?parent=476550"}],"wp:term":[{"taxonomy":"category","embeddable":true,"href":"https:\/\/www.europesays.com\/pl\/wp-json\/wp\/v2\/categories?post=476550"},{"taxonomy":"post_tag","embeddable":true,"href":"https:\/\/www.europesays.com\/pl\/wp-json\/wp\/v2\/tags?post=476550"}],"curies":[{"name":"wp","href":"https:\/\/api.w.org\/{rel}","templated":true}]}}