{"id":476559,"date":"2026-06-05T23:39:06","date_gmt":"2026-06-05T23:39:06","guid":{"rendered":"https:\/\/www.europesays.com\/pl\/476559\/"},"modified":"2026-06-05T23:39:06","modified_gmt":"2026-06-05T23:39:06","slug":"byly-kanclerz-niemiec-z-wizyta-w-moskwie-spotkal-sie-z-wladimirem-putinem","status":"publish","type":"post","link":"https:\/\/www.europesays.com\/pl\/476559\/","title":{"rendered":"By\u0142y kanclerz Niemiec z wizyt\u0105 w Moskwie. Spotka\u0142 si\u0119 z W\u0142adimirem Putinem"},"content":{"rendered":"<p>Kilka dni temu korespondent niemieckiej telewizji NTV zauwa\u017cy\u0142 Gerharda Schroedera w luksusowym hotelu Kempinski w Moskwie. Portal tygodnika &#8222;Spiegel&#8221; podkre\u015bli\u0142, \u017ce by\u0142y kanclerz uchodzi za przyjaciela Putina i nawet po rozpocz\u0119ciu przez Rosj\u0119 pe\u0142noskalowej inwazji na Ukrain\u0119 pracowa\u0142 na rzecz rosyjskich koncern\u00f3w energetycznych.<\/p>\n<p> Dalszy ci\u0105g artyku\u0142u pod materia\u0142em wideo <\/p>\n<p>Prezydent Rosji sugerowa\u0142 wcze\u015bniej, \u017ceby Schroeder zosta\u0142 mediatorem w sprawie wojny w Ukrainie. Spotka\u0142o si\u0119 to z ogromnym sprzeciwem w Europie. Kaja Kallas, szefowa unijnej dyplomacji, jasno wyrazi\u0142a swoje stanowisko w Brukseli: \u2014 Gdyby\u015bmy pozwolili Rosji wyznaczy\u0107 w naszym imieniu negocjatora, to by\u0142oby bardzo nierozs\u0105dne.<\/p>\n<p>     Spotkanie na Kremlu<\/p>\n<p>Do tej pory nie by\u0142a znana przyczyna wizyta niemieckiego polityka w Moskwie. W pi\u0105tek Jurij Uszakow potwierdzi\u0142, \u017ce by\u0142y kanclerz spotka\u0142 si\u0119 z W\u0142adimirem Putinem. \u2014 To by\u0142a dobra i przyjazna rozmowa. Odby\u0142a si\u0119 w formacie tete-a-tete [poufna rozmowa w cztery oczy] \u2014 powiedzia\u0142 w rozmowie z rosyjskimi mediami.<\/p>\n<p>Doradca Putina potwierdzi\u0142 r\u00f3wnie\u017c, \u017ce spotkanie odby\u0142o si\u0119 na Kremlu. Przyzna\u0142 jednak, \u017ce nie zna szczeg\u00f3\u0142\u00f3w rozmowy.<\/p>\n","protected":false},"excerpt":{"rendered":"Kilka dni temu korespondent niemieckiej telewizji NTV zauwa\u017cy\u0142 Gerharda Schroedera w luksusowym hotelu Kempinski w Moskwie. Portal tygodnika&hellip;\n","protected":false},"author":2,"featured_media":476560,"comment_status":"","ping_status":"","sticky":false,"template":"","format":"standard","meta":{"footnotes":"","_share_on_mastodon":"0"},"categories":[14],"tags":[61195,32,33,89096,27,76,25220,1709,34,35,812,28,31,48,25,295,46,40,41,87,47,80,29,30,26,408,82,83,84],"class_list":["post-476559","post","type-post","status-publish","format-standard","has-post-thumbnail","category-swiat","tag-bottomfeed_styl","tag-breaking-news","tag-breakingnews","tag-gerhard_schroeder","tag-headlines","tag-inwazja_rosji_na_ukraine","tag-jurij_uszakow","tag-kreml","tag-latest-news","tag-latestnews","tag-moskwa","tag-naglowki","tag-najwazniejsze-artykuly","tag-nat_styl","tag-news","tag-niemcy","tag-omp","tag-polish","tag-polski","tag-rosja","tag-screening_general","tag-swiat","tag-top-stories","tag-topstories","tag-wiadomosci","tag-wladimir_putin","tag-world","tag-world-news","tag-worldnews"],"share_on_mastodon":{"url":"https:\/\/pubeurope.com\/@pl\/116700142887893420","error":""},"_links":{"self":[{"href":"https:\/\/www.europesays.com\/pl\/wp-json\/wp\/v2\/posts\/476559","targetHints":{"allow":["GET"]}}],"collection":[{"href":"https:\/\/www.europesays.com\/pl\/wp-json\/wp\/v2\/posts"}],"about":[{"href":"https:\/\/www.europesays.com\/pl\/wp-json\/wp\/v2\/types\/post"}],"author":[{"embeddable":true,"href":"https:\/\/www.europesays.com\/pl\/wp-json\/wp\/v2\/users\/2"}],"replies":[{"embeddable":true,"href":"https:\/\/www.europesays.com\/pl\/wp-json\/wp\/v2\/comments?post=476559"}],"version-history":[{"count":0,"href":"https:\/\/www.europesays.com\/pl\/wp-json\/wp\/v2\/posts\/476559\/revisions"}],"wp:featuredmedia":[{"embeddable":true,"href":"https:\/\/www.europesays.com\/pl\/wp-json\/wp\/v2\/media\/476560"}],"wp:attachment":[{"href":"https:\/\/www.europesays.com\/pl\/wp-json\/wp\/v2\/media?parent=476559"}],"wp:term":[{"taxonomy":"category","embeddable":true,"href":"https:\/\/www.europesays.com\/pl\/wp-json\/wp\/v2\/categories?post=476559"},{"taxonomy":"post_tag","embeddable":true,"href":"https:\/\/www.europesays.com\/pl\/wp-json\/wp\/v2\/tags?post=476559"}],"curies":[{"name":"wp","href":"https:\/\/api.w.org\/{rel}","templated":true}]}}