{"id":477089,"date":"2026-06-06T07:27:08","date_gmt":"2026-06-06T07:27:08","guid":{"rendered":"https:\/\/www.europesays.com\/pl\/477089\/"},"modified":"2026-06-06T07:27:08","modified_gmt":"2026-06-06T07:27:08","slug":"uczestnik-mistrzostw-swiata-zagra-w-slasku-wroclaw","status":"publish","type":"post","link":"https:\/\/www.europesays.com\/pl\/477089\/","title":{"rendered":"Uczestnik mistrzostw \u015bwiata zagra w \u015al\u0105sku Wroc\u0142aw"},"content":{"rendered":"\n<p>                <a target=\"_blank\" href=\"http:\/\/www.wykop.pl\/dodaj\/link\/?url=https%3A%2F%2Fwww.radiowroclaw.pl%2Farticles%2Fview%2F161227%2FUczestnik-mistrzostw-swiata-zagra-w-Slasku-Wroclaw&amp;title=Uczestnik+mistrzostw+%C5%9Bwiata+zagra+w+%C5%9Al%C4%85sku+Wroc%C5%82aw&amp;desc=Marek+Marciniak+zosta%C5%82+nowym+pi%C5%82karzem+r%C4%99cznym+%C5%9Al%C4%85ska+Wroc%C5%82aw.+To+du%C5%BCe+wzmocnienie+beniaminka+Superligi.\" rel=\"nofollow noopener\"><img decoding=\"async\" alt=\"Dodaj do Wykop.pl\" src=\"http:\/\/www.radiowroclaw.pl\/nlayout\/layout\/wykop-social.svg\"\/><\/a><\/p>\n<p>    <img decoding=\"async\" src=\"https:\/\/www.europesays.com\/pl\/wp-content\/uploads\/2026\/06\/KYvtkL6e87.jpg\" class=\"w-100\" alt=\"Uczestnik mistrzostw \u015bwiata zagra w \u015al\u0105sku Wroc\u0142aw - Marek Marciniak podpisa\u0142 kontrakt ze \u015al\u0105skiem Wroc\u0142aw.\"\/>Marek Marciniak podpisa\u0142 kontrakt ze \u015al\u0105skiem Wroc\u0142aw.<\/p>\n<p>fot. WKS \u015al\u0105sk Wroc\u0142aw &#8211; pi\u0142ka r\u0119czna<\/p>\n<p>Marek Marciniak zosta\u0142 nowym pi\u0142karzem r\u0119cznym \u015al\u0105ska Wroc\u0142aw. To du\u017ce wzmocnienie beniaminka Superligi.<\/p>\n<p style=\"text-align: justify;\">Jeszcze kilka miesi\u0119cy temu rywalizowa\u0142 z najlepszymi zawodnikami \u015bwiata reprezentuj\u0105c nasz kraj. Niedawno si\u0119gn\u0105\u0142 po mistrzostwo Macedonii z HC Vardar Skopje, a wraz ze swoim zespo\u0142em dotar\u0142 do \u0107wier\u0107fina\u0142u Ligi Europejskiej EHF. Dzi\u015b jest ju\u017c zawodnikiem \u015alaska Wroc\u0142aw. Marek Marciniak podpisa\u0142 umow\u0119 z WKS.<\/p>\n<p style=\"text-align: justify;\">30-letni szczypiornista nale\u017cy do grona najlepszych polskich prawoskrzyd\u0142owych. Przez lata udowadnia\u0142 swoj\u0105 warto\u015b\u0107 w Superlidze, by\u0142 jednym z lider\u00f3w Azot\u00f3w Pu\u0142awy, a dobra forma otworzy\u0142a mu drzwi do reprezentacji Polski. Na Mistrzostwach \u015awiata zdoby\u0142 13 bramek dla Bia\u0142o-Czerwonych, pokazuj\u0105c si\u0119 z bardzo dobrej strony.<\/p>\n<p>        <a name=\"Comments\"\/><br \/>\n    \ufeff<\/p>\n<p>\t\t\t\t<a name=\"Comments\"\/><\/p>\n<p>\t\t\t\t\tDodaj\u0105c komentarz do artyku\u0142u akceptujesz<br \/>\n\t\t\t\t\t<a class=\"fw-bold\" href=\"http:\/\/www.radiowroclaw.pl\/articles\/view\/97405\" title=\"regulamin strony\" rel=\"nofollow noopener\" target=\"_blank\">regulamin strony<\/a>.<br \/>\n\t\t\t\t\tRadio Wroc\u0142aw nie odpowiada za tre\u015b\u0107 komentarzy.<\/p>\n","protected":false},"excerpt":{"rendered":"Marek Marciniak podpisa\u0142 kontrakt ze \u015al\u0105skiem Wroc\u0142aw. fot. WKS \u015al\u0105sk Wroc\u0142aw &#8211; pi\u0142ka r\u0119czna Marek Marciniak zosta\u0142 nowym&hellip;\n","protected":false},"author":2,"featured_media":477090,"comment_status":"","ping_status":"","sticky":false,"template":"","format":"standard","meta":{"footnotes":"","_share_on_mastodon":"0"},"categories":[51607],"tags":[59399,42,38,40,39,41,91308,53097,31117,31600,1853,53098],"class_list":["post-477089","post","type-post","status-publish","format-standard","has-post-thumbnail","category-wroclaw","tag-mistrzostw","tag-pl","tag-poland","tag-polish","tag-polska","tag-polski","tag-slasku","tag-swiata","tag-uczestnik","tag-w","tag-wroclaw","tag-zagra"],"share_on_mastodon":{"url":"https:\/\/pubeurope.com\/@pl\/116701983460791955","error":""},"_links":{"self":[{"href":"https:\/\/www.europesays.com\/pl\/wp-json\/wp\/v2\/posts\/477089","targetHints":{"allow":["GET"]}}],"collection":[{"href":"https:\/\/www.europesays.com\/pl\/wp-json\/wp\/v2\/posts"}],"about":[{"href":"https:\/\/www.europesays.com\/pl\/wp-json\/wp\/v2\/types\/post"}],"author":[{"embeddable":true,"href":"https:\/\/www.europesays.com\/pl\/wp-json\/wp\/v2\/users\/2"}],"replies":[{"embeddable":true,"href":"https:\/\/www.europesays.com\/pl\/wp-json\/wp\/v2\/comments?post=477089"}],"version-history":[{"count":0,"href":"https:\/\/www.europesays.com\/pl\/wp-json\/wp\/v2\/posts\/477089\/revisions"}],"wp:featuredmedia":[{"embeddable":true,"href":"https:\/\/www.europesays.com\/pl\/wp-json\/wp\/v2\/media\/477090"}],"wp:attachment":[{"href":"https:\/\/www.europesays.com\/pl\/wp-json\/wp\/v2\/media?parent=477089"}],"wp:term":[{"taxonomy":"category","embeddable":true,"href":"https:\/\/www.europesays.com\/pl\/wp-json\/wp\/v2\/categories?post=477089"},{"taxonomy":"post_tag","embeddable":true,"href":"https:\/\/www.europesays.com\/pl\/wp-json\/wp\/v2\/tags?post=477089"}],"curies":[{"name":"wp","href":"https:\/\/api.w.org\/{rel}","templated":true}]}}