{"id":478229,"date":"2026-06-06T22:04:13","date_gmt":"2026-06-06T22:04:13","guid":{"rendered":"https:\/\/www.europesays.com\/pl\/478229\/"},"modified":"2026-06-06T22:04:13","modified_gmt":"2026-06-06T22:04:13","slug":"polska-wygrala-na-eurowizji-michal-stochel-zwyciezca-konkursu-dla-mlodych-muzykow-rmf-fm","status":"publish","type":"post","link":"https:\/\/www.europesays.com\/pl\/478229\/","title":{"rendered":"Polska wygra\u0142a na Eurowizji. Micha\u0142 Stochel zwyci\u0119zc\u0105 konkursu dla M\u0142odych Muzyk\u00f3w :: RMF FM"},"content":{"rendered":"<p>Polski akordeonista Micha\u0142 Stochel wygra\u0142 22. Konkurs Eurowizji dla M\u0142odych Muzyk\u00f3w. Wydarzenie odby\u0142o si\u0119 6 czerwca 2026 roku w Erywaniu. To czwarte zwyci\u0119stwo artysty reprezentuj\u0105cego Polsk\u0119 w tej ods\u0142onie Eurowizji.<\/p>\n<p><img decoding=\"async\" alt=\"\" src=\"https:\/\/www.europesays.com\/pl\/wp-content\/uploads\/2026\/06\/michal-stochel-wygral-eurowizje-dla-mlodych-muzykow-zrodlo-ebu-1200x800-0f169ee6.jpg\" class=\"w-100\"\/><\/p>\n<p>Micha\u0142 Stochel wygra\u0142 Eurowizj\u0119 dla M\u0142odych Muzyk\u00f3w, \u017ar\u00f3d\u0142o: EBU<\/p>\n<p><a href=\"https:\/\/www.rmf.fm\/magazyn\/tag,Micha%C5%82%20Stochel.html\" target=\"_blank\" rel=\"noopener noreferrer nofollow\" style=\"color:var(--rmf-navy-color);font-size:1.1em;text-decoration:underline\">Micha\u0142 Stochel<\/a> wygrywa Eurowizj\u0119 dla M\u0142odych Muzyk\u00f3w<\/p>\n<p>W sobot\u0119 6 czerwca w Erywaniu w Armenii odby\u0142 si\u0119 22. Konkurs Eurowizji dla M\u0142odych Muzyk\u00f3w. To wydarzenie organizowane co dwa lata przez Europejsk\u0105 Uni\u0119 Nadawc\u00f3w (EBU), odpowiedzialn\u0105 r\u00f3wnie\u017c za Konkurs Piosenki Eurowizji czy Eurowizj\u0119 Junior. W konkursie uczestnicz\u0105 nastoletni instrumentali\u015bci wykonuj\u0105cy utwory muzyki powa\u017cnej.<\/p>\n<p>W tym roku Polsk\u0119 reprezentowa\u0142 19-letni akordeonista Micha\u0142 Stochel, zwyci\u0119zca tegorocznej ods\u0142ony konkursu \u201eM\u0142ody Muzyk Roku\u201d. Polak by\u0142 jednym z jedena\u015bciorga uczestnik\u00f3w \u2013 i to w\u0142a\u015bnie on si\u0119gn\u0105\u0142 po zwyci\u0119stwo. Na eurowizyjnej scenie wykona\u0142 Concerto Classico, Part III: Presto con fuoco Miko\u0142aja Majkusiaka.<\/p>\n<p>Wydarzenie by\u0142o transmitowane na antenach TVP Kultura i TVP Kultura 2, a tak\u017ce w TVP VOD, natomiast po zwyci\u0119stwie Micha\u0142a Stochela Telewizja Polska zapowiedzia\u0142a, \u017ce retransmisj\u0119 b\u0119dzie mo\u017cna obejrze\u0107 w niedziel\u0119 7 czerwca na antenie TVP2, zaraz po \u201ePytaniu na \u015bniadanie\u201d.<\/p>\n<p><a href=\"https:\/\/www.instagram.com\/p\/DZQYw2njF47\/\" target=\"_blank\" rel=\"noopener noreferrer nofollow\" style=\"color:var(--rmf-navy-color);font-size:1.1em;text-decoration:underline\">Post on Instagram<\/a><br \/>\nCzwarty triumf Polski na Eurowizji dla M\u0142odych Muzyk\u00f3w<\/p>\n<p>Tegoroczna wygrana Micha\u0142a Stochela to ju\u017c czwarte zwyci\u0119stwo Polski na Eurowizji dla M\u0142odych Muzyk\u00f3w. Nasz kraj zadebiutowa\u0142 w konkursie jeszcze zanim pojawi\u0142 si\u0119 na \u201edoros\u0142ej\u201d Eurowizji \u2013 w 1992 roku. W\u0142a\u015bnie wtedy Bart\u0142omiej Nizio\u0142 (skrzypce) wywalczy\u0142 pierwsz\u0105 polsk\u0105 wygran\u0105. Wydarzenie zwyci\u0119\u017cali potem jeszcze Stanis\u0142aw Drzewiecki (fortepian) w 2000 roku oraz \u0141ukasz Dyczko (saksofon) w 2016 roku.<\/p>\n<p>Micha\u0142 Stochel, czwarty polski zwyci\u0119zca Eurowizji dla M\u0142odych Muzyk\u00f3w, pochodzi z Zar\u0119bek ko\u0142o Kolbuszowej i jest uczniem Zespo\u0142u Pa\u0144stwowych Szk\u00f3\u0142 Muzycznych im. Artura Malawskiego w Przemy\u015blu. Na akordeonie gra od si\u00f3dmego roku \u017cycia. W 2019 roku uko\u0144czy\u0142 Pa\u0144stwow\u0105 Szko\u0142\u0119 Muzyczn\u0105 I stopnia w Kolbuszowej \u2013 informuje gov.pl.<\/p>\n<p>19-latek wyst\u0119puje w zespole, w kt\u00f3rym wykonuje r\u00f3wnie\u017c muzyk\u0119 rozrywkow\u0105 i improwizowan\u0105. Lubi gra\u0107 muzyk\u0119 barokow\u0105, zw\u0142aszcza Domenica Scarlattiego i Johanna Sebastiana Bacha. Nim wygra\u0142 na Eurowizji, zwyci\u0119\u017ca\u0142 w wielu innych konkursach. Zdobywa\u0142 m.in. Grand Prix w Og\u00f3lnopolskim Konkursie Akordeonowym Scandali Polska w Bielsku-Bia\u0142ej (2019) oraz Grand Prix w Mi\u0119dzynarodowym Konkursie Akordeonowym w Solcu Kujawskim (2019).<\/p>\n<p><a href=\"https:\/\/www.instagram.com\/p\/DZQVPjsqDAV\/\" target=\"_blank\" rel=\"noopener noreferrer nofollow\" style=\"color:var(--rmf-navy-color);font-size:1.1em;text-decoration:underline\">Post on Instagram<\/a><\/p>\n<p>\t\t\t\t\t\t<script async src=\"\/\/www.instagram.com\/embed.js\"><\/script><\/p>\n","protected":false},"excerpt":{"rendered":"Polski akordeonista Micha\u0142 Stochel wygra\u0142 22. Konkurs Eurowizji dla M\u0142odych Muzyk\u00f3w. Wydarzenie odby\u0142o si\u0119 6 czerwca 2026 roku&hellip;\n","protected":false},"author":2,"featured_media":478230,"comment_status":"","ping_status":"","sticky":false,"template":"","format":"standard","meta":{"footnotes":"","_share_on_mastodon":"0"},"categories":[12],"tags":[552,91535,91536,42,38,40,39,41],"class_list":["post-478229","post","type-post","status-publish","format-standard","has-post-thumbnail","category-polska","tag-eurowizja","tag-eurowizja-dla-mlodych-muzykow","tag-michal-stochel","tag-pl","tag-poland","tag-polish","tag-polska","tag-polski"],"share_on_mastodon":{"url":"https:\/\/pubeurope.com\/@pl\/116705432283161946","error":""},"_links":{"self":[{"href":"https:\/\/www.europesays.com\/pl\/wp-json\/wp\/v2\/posts\/478229","targetHints":{"allow":["GET"]}}],"collection":[{"href":"https:\/\/www.europesays.com\/pl\/wp-json\/wp\/v2\/posts"}],"about":[{"href":"https:\/\/www.europesays.com\/pl\/wp-json\/wp\/v2\/types\/post"}],"author":[{"embeddable":true,"href":"https:\/\/www.europesays.com\/pl\/wp-json\/wp\/v2\/users\/2"}],"replies":[{"embeddable":true,"href":"https:\/\/www.europesays.com\/pl\/wp-json\/wp\/v2\/comments?post=478229"}],"version-history":[{"count":0,"href":"https:\/\/www.europesays.com\/pl\/wp-json\/wp\/v2\/posts\/478229\/revisions"}],"wp:featuredmedia":[{"embeddable":true,"href":"https:\/\/www.europesays.com\/pl\/wp-json\/wp\/v2\/media\/478230"}],"wp:attachment":[{"href":"https:\/\/www.europesays.com\/pl\/wp-json\/wp\/v2\/media?parent=478229"}],"wp:term":[{"taxonomy":"category","embeddable":true,"href":"https:\/\/www.europesays.com\/pl\/wp-json\/wp\/v2\/categories?post=478229"},{"taxonomy":"post_tag","embeddable":true,"href":"https:\/\/www.europesays.com\/pl\/wp-json\/wp\/v2\/tags?post=478229"}],"curies":[{"name":"wp","href":"https:\/\/api.w.org\/{rel}","templated":true}]}}