{"id":478360,"date":"2026-06-07T00:10:13","date_gmt":"2026-06-07T00:10:13","guid":{"rendered":"https:\/\/www.europesays.com\/pl\/478360\/"},"modified":"2026-06-07T00:10:13","modified_gmt":"2026-06-07T00:10:13","slug":"malecha-interia-biznes-cenzura-i-pisanie-pod-teze","status":"publish","type":"post","link":"https:\/\/www.europesays.com\/pl\/478360\/","title":{"rendered":"Malecha: Interia Biznes, cenzura i pisanie pod tez\u0119"},"content":{"rendered":"\n<p>&#13;<br \/>\nUm\u00f3wili\u015bmy si\u0119 d\u017centelme\u0144sko, \u017ce\u00a0moje odpowiedzi zostan\u0105 opublikowane w\u00a0ca\u0142o\u015bci, o\u00a0ile zmieszcz\u0119 si\u0119 w\u00a0limicie 800 znak\u00f3w na\u00a0pytanie. Pani redaktor odpisywa\u0142a w\u00a0lot, bo\u00a0czas nagli\u0142, a\u00a0terminy goni\u0142y. Skoro tak, to\u00a0usiad\u0142em, po\u015bwi\u0119ci\u0142em sw\u00f3j cenny czas i\u00a0spisa\u0142em co\u00a0trzeba. Pani tekst przeczyta\u0142a&#8230; i\u00a0w\u00a0tym momencie kontakt si\u0119 urwa\u0142. Artyku\u0142, oczywi\u015bcie pod\u00a0z\u00a0g\u00f3ry za\u0142o\u017con\u0105 tez\u0119, ostatecznie ukaza\u0142 si\u0119 z\u00a0komentarzem innego, zapewne bardziej &#8222;w\u0142a\u015bciwego&#8221; eksperta. &#13;\n<\/p>\n<p>&#13;<br \/>\nC\u00f3\u017c, \u017ceby moja praca nie\u00a0posz\u0142a na\u00a0marne, poni\u017cej przytaczam rzeczone pytania oraz\u00a0moje odpowiedzi: &#13;\n<\/p>\n<ol>&#13;<\/p>\n<li>&#13;<br \/>\nJak z\u00a0perspektywy roku ocenia Pan skutki decyzji o\u00a0dalszym funkcjonowaniu elektrowni w\u0119glowych w\u00a0USA? Czy\u00a0przynios\u0142a ona wymierne korzy\u015bci dla\u00a0gospodarki i\u00a0bezpiecze\u0144stwa energetycznego (r\u00f3wnie\u017c w\u00a0kontek\u015bcie wojny z\u00a0Iranem)? &#13;\n<\/li>\n<p>&#13;<\/p>\n<li>&#13;<br \/>\nJakie konsekwencje dla\u00a0ameryka\u0144skiego sektora energetycznego mo\u017ce mie\u0107 ograniczanie wsparcia dla\u00a0odnawialnych \u017ar\u00f3de\u0142 energii i\u00a0blokowanie cz\u0119\u015bci inwestycji w\u00a0OZE? &#13;\n<\/li>\n<p>&#13;<\/p>\n<li>&#13;<br \/>\nCzy obecna polityka energetyczna Donalda Trumpa mo\u017ce wp\u0142yn\u0105\u0107 na\u00a0globaln\u0105 transformacj\u0119 energetyczn\u0105 oraz\u00a0strategie klimatyczne innych pa\u0144stw, w\u00a0tym kraj\u00f3w europejskich? &#13;\n<\/li>\n<p>&#13;\n<\/ol>\n<p>&#13;<br \/>\nAd 1. Decyzja o\u00a0utrzymaniu pracy elektrowni w\u0119glowych w\u00a0USA jest pragmatyczna i\u00a0uzasadniona pod\u00a0k\u0105tem dostaw taniej, stabilnej energii elektrycznej, uniezale\u017cniaj\u0105cej kraj od\u00a0czynnik\u00f3w zewn\u0119trznych. Dzia\u0142ania Donalda Trumpa uratowa\u0142y 17 GW sterowalnych mocy w\u0119glowych. Te\u00a0bloki, pracuj\u0105c w\u00a0podstawie systemowej (baseload), generuj\u0105 rocznie tyle pr\u0105du, co\u00a0ok. 150 GW fotowoltaiki lub\u00a045 GW wiatru \u2013\u00a0ale\u00a0w\u00a0spos\u00f3b przewidywalny, bez obci\u0105\u017cania sieci kosztami bilansowania. Przek\u0142adaj\u0105c to\u00a0na nasze realia: przy cenach w\u0119gla w\u00a0Polsce (14 PLN\/GJ) koszt paliwa to\u00a0ok. 150 PLN\/MWh. W\u00a0USA, przy w\u0142asnym surowcu i\u00a0zamortyzowanych elektrowniach, pr\u0105d z\u00a0tych \u017ar\u00f3de\u0142 jest zapewne jeszcze ta\u0144szy. Taka stabilna baza idealnie zasila boom na\u00a0centra danych AI dzia\u0142aj\u0105ce 24\/7. W\u00a0dobie konfliktu z\u00a0Iranem w\u0142asny w\u0119giel zapewnia USA pe\u0142n\u0105 odporno\u015b\u0107. &#13;\n<\/p>\n<p>&#13;<br \/>\nAd 2. Stopowanie offshore jest ekonomicznie i\u00a0strategicznie uzasadnione. Morskie wiatraki to\u00a0najdro\u017csze \u017ar\u00f3d\u0142o energii, tak samo niestabilne i\u00a0zale\u017cne od\u00a0pogody jak wiatr na\u00a0l\u0105dzie. W\u00a0Polsce sam koszt inwestycyjny offshore to\u00a0ok. 20 mld z\u0142 za\u00a01GW, a\u00a0realnie, patrz\u0105c na\u00a0instalacje w\u00a0UE, nie\u00a0daj\u0105 one znacznie wi\u0119cej energii ni\u017c\u00a0onshore. Bior\u0105c pod\u00a0uwag\u0119 rzeczywist\u0105 produkcj\u0119, offshore jest wielokrotnie dro\u017cszy od\u00a0w\u0119gla i\u00a0por\u00f3wnywalny z\u00a0atomem. Kluczowa r\u00f3\u017cnica polega na\u00a0tym, \u017ce\u00a0energetyka w\u0119glowa i\u00a0j\u0105drowa pracuj\u0105 stabilnie w\u00a0podstawie i\u00a0nie wymagaj\u0105 gigantycznych, dodatkowych koszt\u00f3w systemowych zwi\u0105zanych z\u00a0bilansowaniem sieci, budow\u0105 magazyn\u00f3w czy\u00a0utrzymywaniem rezerw. W\u00a0jednym miksie energetycznym po\u00a0prostu trudno pogodzi\u0107 kapry\u015bne, destabilizuj\u0105ce system offshore z\u00a0atomem lub\u00a0w\u0119glem. &#13;\n<\/p>\n<p>&#13;<br \/>\nAd 3. Odej\u015bcie Trumpa od\u00a0<a href=\"https:\/\/dorzeczy.pl\/swiat\/799317\/zmiany-klimatyczne-trump-docenil-gatesa-wymagalo-odwagi.html\" rel=\"nofollow noopener\" target=\"_blank\">doktryny kryzysu klimatycznego<\/a> przywraca racjonalno\u015b\u0107 w\u00a0energetyce, kluczowej dla\u00a0przewagi USA. Raport DOE, bazuj\u0105c m.in. na\u00a0danych IPCC, wykaza\u0142, \u017ce\u00a0skutki zmian klimatu nie\u00a0stanowi\u0105 zagro\u017cenia dla\u00a0bezpiecze\u0144stwa USA, wi\u0119c walka z\u00a0nimi jest nieuzasadniona. Potwierdza to\u00a0niedawna publikacja w\u00a0&#8222;Science&#8221; \u2013\u00a0a\u017c\u00a096 proc. globalnych polityk klimatycznych z\u00a0ostatnich 20 lat by\u0142o nieskutecznych i\u00a0skrajnie kosztownych. Zredukowano zaledwie ok. 1\u00a0Gt CO2, co\u00a0przy rocznej emisji \u015bwiata na\u00a0poziomie 40 Gt jest pomijalne. Je\u015bli UE chce chroni\u0107 obywateli i\u00a0przemys\u0142 przed ucieczk\u0105 do\u00a0USA, musi porzuci\u0107 te\u00a0drogie ideologie. Dotychczasowe unijne polityki nie\u00a0obni\u017cy\u0142y globalnych emisji, za\u00a0to\u00a0drastycznie podnios\u0142y koszty \u017cycia w\u00a0Europie. Sukces gospodarczy wymaga suwerenno\u015bci i\u00a0realizmu. &#13;\n<\/p>\n<p>&#13;<br \/>\nCzytaj te\u017c:<br \/><a href=\"https:\/\/dorzeczy.pl\/opinie\/859939\/prof-malecha-ets-nalezy-zlikwidowac-a-nie-reformowac.html\" rel=\"follow nofollow noopener\" data-schema=\"DORZECZY\" data-image=\"https:\/\/img.dorzeczy.pl\/_thumb\/f3\/d8\/d3385bd5dbbfb912b41f7d52223c.jpeg\" target=\"_blank\">ETS nale\u017cy zlikwidowa\u0107, a\u00a0nie reformowa\u0107<\/a>&#13;<\/p>\n","protected":false},"excerpt":{"rendered":"&#13; Um\u00f3wili\u015bmy si\u0119 d\u017centelme\u0144sko, \u017ce\u00a0moje odpowiedzi zostan\u0105 opublikowane w\u00a0ca\u0142o\u015bci, o\u00a0ile zmieszcz\u0119 si\u0119 w\u00a0limicie 800 znak\u00f3w na\u00a0pytanie. Pani redaktor&hellip;\n","protected":false},"author":2,"featured_media":478361,"comment_status":"","ping_status":"","sticky":false,"template":"","format":"standard","meta":{"footnotes":"","_share_on_mastodon":"0"},"categories":[16],"tags":[113,112,98,91544,1601,49,91545,102,42,38,40,39,41,597,2846],"class_list":["post-478360","post","type-post","status-publish","format-standard","has-post-thumbnail","category-biznes","tag-biznes","tag-business","tag-dorzeczy","tag-interia","tag-klimat","tag-kraj","tag-malecha","tag-opinie","tag-pl","tag-poland","tag-polish","tag-polska","tag-polski","tag-trump","tag-tylko-na-dorzeczy-pl"],"share_on_mastodon":{"url":"https:\/\/pubeurope.com\/@pl\/116705927162529399","error":""},"_links":{"self":[{"href":"https:\/\/www.europesays.com\/pl\/wp-json\/wp\/v2\/posts\/478360","targetHints":{"allow":["GET"]}}],"collection":[{"href":"https:\/\/www.europesays.com\/pl\/wp-json\/wp\/v2\/posts"}],"about":[{"href":"https:\/\/www.europesays.com\/pl\/wp-json\/wp\/v2\/types\/post"}],"author":[{"embeddable":true,"href":"https:\/\/www.europesays.com\/pl\/wp-json\/wp\/v2\/users\/2"}],"replies":[{"embeddable":true,"href":"https:\/\/www.europesays.com\/pl\/wp-json\/wp\/v2\/comments?post=478360"}],"version-history":[{"count":0,"href":"https:\/\/www.europesays.com\/pl\/wp-json\/wp\/v2\/posts\/478360\/revisions"}],"wp:featuredmedia":[{"embeddable":true,"href":"https:\/\/www.europesays.com\/pl\/wp-json\/wp\/v2\/media\/478361"}],"wp:attachment":[{"href":"https:\/\/www.europesays.com\/pl\/wp-json\/wp\/v2\/media?parent=478360"}],"wp:term":[{"taxonomy":"category","embeddable":true,"href":"https:\/\/www.europesays.com\/pl\/wp-json\/wp\/v2\/categories?post=478360"},{"taxonomy":"post_tag","embeddable":true,"href":"https:\/\/www.europesays.com\/pl\/wp-json\/wp\/v2\/tags?post=478360"}],"curies":[{"name":"wp","href":"https:\/\/api.w.org\/{rel}","templated":true}]}}