{"id":478390,"date":"2026-06-07T00:41:09","date_gmt":"2026-06-07T00:41:09","guid":{"rendered":"https:\/\/www.europesays.com\/pl\/478390\/"},"modified":"2026-06-07T00:41:09","modified_gmt":"2026-06-07T00:41:09","slug":"doda-w-koronkach-na-festiwalu-w-opolu-wszyscy-patrzyli-tylko-na-nia","status":"publish","type":"post","link":"https:\/\/www.europesays.com\/pl\/478390\/","title":{"rendered":"Doda w koronkach na festiwalu w Opolu. Wszyscy patrzyli tylko na ni\u0105"},"content":{"rendered":"<p>Trzeciego dnia 63. Krajowego Festiwalu Piosenki Polskiej w Opolu publiczno\u015b\u0107 mog\u0142a zobaczy\u0107 jeden z najbardziej komentowanych wyst\u0119p\u00f3w wieczoru. Na scenie pojawi\u0142a si\u0119 <a href=\"https:\/\/plejada.pl\/temat\/doda-piosenkarka-dorota-rabczewska\/69zbzpz\" id=\"ee8b736d-e552-4536-836c-2da9f9c46e27\" rel=\"nofollow noopener\" target=\"_blank\">Doda<\/a>, kt\u00f3ra nie tylko przyci\u0105gn\u0119\u0142a uwag\u0119 energicznym wykonaniem, ale przede wszystkim zaskoczy\u0142a odwa\u017cn\u0105 stylizacj\u0105.<\/p>\n<p>Artystka postawi\u0142a na wyrazisty, w pe\u0142ni koronkowy str\u00f3j, kt\u00f3ry natychmiast sta\u0142 si\u0119 jednym z najcz\u0119\u015bciej omawianych element\u00f3w festiwalowej sceny. Subtelne, a jednocze\u015bnie efektowne zdobienia nada\u0142y jej wyst\u0119powi nieco bardziej teatralnego charakteru i wyra\u017anie wyr\u00f3\u017cnia\u0142y j\u0105 na tle pozosta\u0142ych wykonawc\u00f3w.<\/p>\n<p>Jednym z g\u0142\u00f3wnych wydarze\u0144 trzeciego dnia jest koncert &#8222;Autobiografia&#8221; po\u015bwi\u0119cony tw\u00f3rczo\u015bci Bogdana Olewicza. Wyst\u0119p Dody tradycyjnie wzbudzi\u0142 du\u017ce emocje w\u015br\u00f3d publiczno\u015bci \u2014 zar\u00f3wno ze wzgl\u0119du na sam repertuar, jak i dopracowan\u0105 opraw\u0119 wizualn\u0105.<\/p>\n<p>Artystka wykona\u0142a utw\u00f3r &#8222;Na na&#8221;. Sol\u00f3wk\u0119 na gitarze zagra\u0142 Jacek Kr\u00f3lik.<\/p>\n","protected":false},"excerpt":{"rendered":"Trzeciego dnia 63. Krajowego Festiwalu Piosenki Polskiej w Opolu publiczno\u015b\u0107 mog\u0142a zobaczy\u0107 jeden z najbardziej komentowanych wyst\u0119p\u00f3w wieczoru.&hellip;\n","protected":false},"author":2,"featured_media":478391,"comment_status":"","ping_status":"","sticky":false,"template":"","format":"standard","meta":{"footnotes":"","_share_on_mastodon":"0"},"categories":[5],"tags":[61195,32,33,15920,36,37,25117,27,34,35,28,31,48,25,125,46,42,38,40,39,41,47,29,30,26],"class_list":["post-478390","post","type-post","status-publish","format-standard","has-post-thumbnail","category-naglowki","tag-bottomfeed_styl","tag-breaking-news","tag-breakingnews","tag-doda","tag-featured-news","tag-featurednews","tag-festiwal_w_opolu","tag-headlines","tag-latest-news","tag-latestnews","tag-naglowki","tag-najwazniejsze-artykuly","tag-nat_styl","tag-news","tag-newsy","tag-omp","tag-pl","tag-poland","tag-polish","tag-polska","tag-polski","tag-screening_general","tag-top-stories","tag-topstories","tag-wiadomosci"],"share_on_mastodon":{"url":"","error":""},"_links":{"self":[{"href":"https:\/\/www.europesays.com\/pl\/wp-json\/wp\/v2\/posts\/478390","targetHints":{"allow":["GET"]}}],"collection":[{"href":"https:\/\/www.europesays.com\/pl\/wp-json\/wp\/v2\/posts"}],"about":[{"href":"https:\/\/www.europesays.com\/pl\/wp-json\/wp\/v2\/types\/post"}],"author":[{"embeddable":true,"href":"https:\/\/www.europesays.com\/pl\/wp-json\/wp\/v2\/users\/2"}],"replies":[{"embeddable":true,"href":"https:\/\/www.europesays.com\/pl\/wp-json\/wp\/v2\/comments?post=478390"}],"version-history":[{"count":0,"href":"https:\/\/www.europesays.com\/pl\/wp-json\/wp\/v2\/posts\/478390\/revisions"}],"wp:featuredmedia":[{"embeddable":true,"href":"https:\/\/www.europesays.com\/pl\/wp-json\/wp\/v2\/media\/478391"}],"wp:attachment":[{"href":"https:\/\/www.europesays.com\/pl\/wp-json\/wp\/v2\/media?parent=478390"}],"wp:term":[{"taxonomy":"category","embeddable":true,"href":"https:\/\/www.europesays.com\/pl\/wp-json\/wp\/v2\/categories?post=478390"},{"taxonomy":"post_tag","embeddable":true,"href":"https:\/\/www.europesays.com\/pl\/wp-json\/wp\/v2\/tags?post=478390"}],"curies":[{"name":"wp","href":"https:\/\/api.w.org\/{rel}","templated":true}]}}