{"id":479298,"date":"2026-06-07T14:31:11","date_gmt":"2026-06-07T14:31:11","guid":{"rendered":"https:\/\/www.europesays.com\/pl\/479298\/"},"modified":"2026-06-07T14:31:11","modified_gmt":"2026-06-07T14:31:11","slug":"powroty-z-dlugiego-weekendu-gdzie-sa-korki-tu-jest-najgorzej","status":"publish","type":"post","link":"https:\/\/www.europesays.com\/pl\/479298\/","title":{"rendered":"Powroty z d\u0142ugiego weekendu. Gdzie s\u0105 korki? Tu jest najgorzej"},"content":{"rendered":"<p>Na odcinku drogi ekspresowej S8 pomi\u0119dzy w\u0119z\u0142ami Lucyn\u00f3w i Most\u00f3wka (po\u0142o\u017conym w powiecie wyszkowskim, w woj. mazowieckim) dosz\u0142o do zderzenia sze\u015bciu samochod\u00f3w. Jezdnia prowadz\u0105ca w stron\u0119 Warszawy zosta\u0142a ca\u0142kowicie zablokowana \u2014 przekaza\u0142a w niedziel\u0119 Generalna Dyrekcja Dr\u00f3g Krajowych i Autostrad (GDDKiA).<\/p>\n<p>Aby osoby jad\u0105ce do Warszawy mog\u0142y omin\u0105\u0107 zator, s\u0142u\u017cby radz\u0105, \u017ceby opuszcza\u0142y tras\u0119 na w\u0119\u017ale Lucyn\u00f3w. Wed\u0142ug informacji zamieszczonej na stronie GDDKiA utrudnienia w ruchu maj\u0105 zako\u0144czy\u0107 si\u0119 ok. godz. 15.<\/p>\n<p>       Dalszy ci\u0105g artyku\u0142u pod materia\u0142em wideo Du\u017cy korek na odcinku pomi\u0119dzy Bia\u0142ym Dunajcem a Nowym Targiem<\/p>\n<p>Trudna sytuacja panuje r\u00f3wnie\u017c na po\u0142udniu kraju. Tury\u015bci, kt\u00f3rzy pod Tatrami sp\u0119dzali d\u0142ugi czerwcowy weekend zwi\u0105zany ze \u015bwi\u0119tem Bo\u017cego Cia\u0142a, w niedzielne po\u0142udnie ruszyli w drog\u0119 powrotn\u0105. Na zakopiance panuje wzmo\u017cony ruch, a kierowcy musz\u0105 liczy\u0107 si\u0119 z utrudnieniami.<\/p>\n<p>Du\u017cy korek utworzy\u0142 si\u0119 na odcinku pomi\u0119dzy Bia\u0142ym Dunajcem a Nowym Targiem. W tym miejscu kierowcy musz\u0105 si\u0119 liczy\u0107 ze znacznie wolniejsz\u0105 jazd\u0105. P\u0142ynny ruch wraca dopiero po wje\u017adzie na dwupasmowy fragment trasy.<\/p>\n<p>     <img class=\"ods-a-photo ods-a-photo--background\" src=\"https:\/\/www.europesays.com\/pl\/wp-content\/uploads\/2026\/06\/0S0k9lBaHR0cHM6Ly9vY2RuLmV1L3B1bHNjbXMvTURBXy8yZGY3ZGJkZWE3MTcxNTY5NGFiNWEzZjVhYWJkMzNlZi5wbmeRkwXNB.jpeg\" height=\"530\" width=\"940\" alt=\"Korek na odcinku pomi\u0119dzy Bia\u0142ym Dunajcem a Nowym Targiem\" loading=\"lazy\" fetchpriority=\"auto\" decoding=\"auto\"\/>    <\/p>\n<p>google mapy \/ Google Maps<\/p>\n<p>  Korek na odcinku pomi\u0119dzy Bia\u0142ym Dunajcem a Nowym Targiem  <\/p>\n<p>Problemy dla podr\u00f3\u017cuj\u0105cych pojawiaj\u0105 si\u0119 tak\u017ce w okolicach tunelu pod Luboniem Ma\u0142ym, gdzie tworz\u0105 si\u0119 zatory przed wjazdem. Spowolnienia odnotowano r\u00f3wnie\u017c w pobli\u017cu Krakowa, na wje\u017adzie na obwodnic\u0119 miasta.<\/p>\n<p>     Utrudnienia na DK16. Zapali\u0142 si\u0119 autobus<\/p>\n<p>Z powodu po\u017caru autobusu zablokowana jest droga krajowa nr 16 ko\u0142o Barczewa (woj. warmi\u0144sko-mazurskie). Trwa akcja ga\u015bnicza, na miejsce wys\u0142ano cztery zast\u0119py stra\u017cy po\u017carnej.<\/p>\n<p>\u2014 Nie ma os\u00f3b poszkodowanych w tym zdarzeniu \u2014 przekaza\u0142a PAP kom. Anna Bali\u0144ska z olszty\u0144skiej policji.<\/p>\n<p>Trasa jest zablokowana, kierowcy mog\u0105 skorzysta\u0107 z objazd\u00f3w ulicami Barczewa.<\/p>\n<p>Olszty\u0144ska GDDKiA poda\u0142a, \u017ce utrudnienia w ruchu mog\u0105 potrwa\u0107 dwie godziny.<\/p>\n<p>Wznowiono ruch poci\u0105g\u00f3w po \u015bmiertelnym potr\u0105ceniu kobiety w Gdyni<\/p>\n<p>Wznowiono ruch poci\u0105g\u00f3w dalekobie\u017cnych, kt\u00f3ry w niedziel\u0119 przed po\u0142udniem zosta\u0142 wstrzymany po \u015bmiertelnym potr\u0105ceniu kobiety na torach mi\u0119dzy Gdyni\u0105 Or\u0142owem a Gdyni\u0105 Red\u0142owem \u2014 poinformowa\u0142y s\u0142u\u017cby.<\/p>\n<p>Jak przekaza\u0142 w rozmowie z PAP Rafa\u0142 Wilgusiak z zespo\u0142u prasowego Polskich Linii Kolejowych SA, czynno\u015bci s\u0142u\u017cb w miejscu wypadku zako\u0144czono o godz. 13.09 i wtedy wznowiono ruch poci\u0105g\u00f3w.<\/p>\n<p>Do tragedii dosz\u0142o w niedziel\u0119 o godz. 10.35. Kobieta wtargn\u0119\u0142a w miejscu niedozwolonym, poza przej\u015bciami dla pieszych i przejazdami kolejowo-drogowymi, pod poci\u0105g s\u0142u\u017cbowy PKP Intercity jad\u0105cy w kierunku Gdyni G\u0142\u00f3wnej. By\u0142 to poci\u0105g z\u0142o\u017cony z dw\u00f3ch lokomotyw: spalinowej i elektrycznej, nie mia\u0142 wagon\u00f3w pasa\u017cerskich.<\/p>\n<p>Oficer prasowy Komendy Miejskiej Policji w Gdyni asp. Marek Kobia\u0142ko poinformowa\u0142, \u017ce kobieta zgin\u0119\u0142a na miejscu. Przekaza\u0142 r\u00f3wnie\u017c, \u017ce maszyni\u015bci byli trze\u017awi.<\/p>\n","protected":false},"excerpt":{"rendered":"Na odcinku drogi ekspresowej S8 pomi\u0119dzy w\u0119z\u0142ami Lucyn\u00f3w i Most\u00f3wka (po\u0142o\u017conym w powiecie wyszkowskim, w woj. mazowieckim) dosz\u0142o&hellip;\n","protected":false},"author":2,"featured_media":479299,"comment_status":"","ping_status":"","sticky":false,"template":"","format":"standard","meta":{"footnotes":"","_share_on_mastodon":"0"},"categories":[12],"tags":[61195,32,33,19888,36,37,5051,27,363,8971,49,34,35,28,31,48,25,64179,46,42,38,414,40,39,41,47,29,30,26,2588,9507],"class_list":["post-479298","post","type-post","status-publish","format-standard","has-post-thumbnail","category-polska","tag-bottomfeed_styl","tag-breaking-news","tag-breakingnews","tag-dlugi_weekend","tag-featured-news","tag-featurednews","tag-generalna_dyrekcja_drog_krajowych_i_autostrad","tag-headlines","tag-kolej_pociagi_transport_kolejowy","tag-korki","tag-kraj","tag-latest-news","tag-latestnews","tag-naglowki","tag-najwazniejsze-artykuly","tag-nat_styl","tag-news","tag-objazdy","tag-omp","tag-pl","tag-poland","tag-policja","tag-polish","tag-polska","tag-polski","tag-screening_general","tag-top-stories","tag-topstories","tag-wiadomosci","tag-wypadek","tag-zakopianka"],"share_on_mastodon":{"url":"https:\/\/pubeurope.com\/@pl\/116709313336510920","error":""},"_links":{"self":[{"href":"https:\/\/www.europesays.com\/pl\/wp-json\/wp\/v2\/posts\/479298","targetHints":{"allow":["GET"]}}],"collection":[{"href":"https:\/\/www.europesays.com\/pl\/wp-json\/wp\/v2\/posts"}],"about":[{"href":"https:\/\/www.europesays.com\/pl\/wp-json\/wp\/v2\/types\/post"}],"author":[{"embeddable":true,"href":"https:\/\/www.europesays.com\/pl\/wp-json\/wp\/v2\/users\/2"}],"replies":[{"embeddable":true,"href":"https:\/\/www.europesays.com\/pl\/wp-json\/wp\/v2\/comments?post=479298"}],"version-history":[{"count":0,"href":"https:\/\/www.europesays.com\/pl\/wp-json\/wp\/v2\/posts\/479298\/revisions"}],"wp:featuredmedia":[{"embeddable":true,"href":"https:\/\/www.europesays.com\/pl\/wp-json\/wp\/v2\/media\/479299"}],"wp:attachment":[{"href":"https:\/\/www.europesays.com\/pl\/wp-json\/wp\/v2\/media?parent=479298"}],"wp:term":[{"taxonomy":"category","embeddable":true,"href":"https:\/\/www.europesays.com\/pl\/wp-json\/wp\/v2\/categories?post=479298"},{"taxonomy":"post_tag","embeddable":true,"href":"https:\/\/www.europesays.com\/pl\/wp-json\/wp\/v2\/tags?post=479298"}],"curies":[{"name":"wp","href":"https:\/\/api.w.org\/{rel}","templated":true}]}}