{"id":479438,"date":"2026-06-07T16:14:14","date_gmt":"2026-06-07T16:14:14","guid":{"rendered":"https:\/\/www.europesays.com\/pl\/479438\/"},"modified":"2026-06-07T16:14:14","modified_gmt":"2026-06-07T16:14:14","slug":"widzew-lodz-musi-obejsc-sie-smakiem-polak-stawia-na-turcje","status":"publish","type":"post","link":"https:\/\/www.europesays.com\/pl\/479438\/","title":{"rendered":"Widzew \u0141\u00f3d\u017a musi obej\u015b\u0107 si\u0119 smakiem. Polak stawia na Turcj\u0119"},"content":{"rendered":"<p>Micha\u0142 Karbownik po trzech latach odchodzi z Herthy Berlin. Wed\u0142ug \u201eBilda\u201d 25-latek poinformowa\u0142 niemiecki klub, \u017ce nie przyjmie propozycji nowego kontraktu. Jego obecna umowa wygasa 30 czerwca, wi\u0119c latem zmieni klub na zasadzie wolnego transferu. Do niedawna wydawa\u0142o si\u0119, \u017ce taki scenariusz sprzyja klubom Ekstraklasy. Jak informuje <a href=\"https:\/\/x.com\/resatcan_ozbdak\/status\/2063593658750730324\" rel=\"nofollow\">turecki<\/a> Sports Digitale, Karbownik uzgodni\u0142 najwa\u017cniejsze warunki kontraktu z Ba\u015fak\u015fehirem. Je\u015bli nic si\u0119 nie wysypie na ostatniej prostej, by\u0142y pi\u0142karz Legii Warszawa przeniesie si\u0119 do Stambu\u0142u.<\/p>\n<p>To ciekawy zwrot, bo jeszcze niedawno Karbownik by\u0142 \u0142\u0105czony z powrotem do Polski. W mediach przewija\u0142 si\u0119 przede wszystkim Widzew \u0141\u00f3d\u017a. Taki kierunek mia\u0142by sens sportowy i marketingowy, ale zawodnik najwyra\u017aniej wybra\u0142 pozostanie za granic\u0105. Turcja daje mu wy\u017cszy poziom finansowy i silniejsz\u0105 lig\u0119.  Karbownik ma za sob\u0105 solidny sezon w 2. Bundeslidze \u2013 Niemcy pr\u00f3bowali go zatrzyma\u0107, ale decyzja Polaka mia\u0142a by\u0107 jasna. Dla Herthy to strata przede wszystkim finansowa. Klub sprowadzi\u0142 Karbownika z Brighton w 2023 roku, a teraz straci go po wyga\u015bni\u0119ciu kontraktu. Z perspektywy zawodnika ten moment jest jednak logiczny. Ma 25 lat, za sob\u0105 regularne granie w Niemczech i mo\u017ce podpisa\u0107 dobr\u0105 umow\u0119 jako wolny pi\u0142karz. To, co nowy pracodawca oszcz\u0119dzi przy kwocie odst\u0119pnego, wyda pewnie na pensj\u0119 zawodnika.<\/p>\n<p>REKLAMA\n <\/p>\n<p>Widzew \u0141\u00f3d\u017a? Jeszcze nie teraz<\/p>\n<p>Karbownik obiecuj\u0105co wszed\u0142 do seniorskiej pi\u0142ki w Legii, szybko trafi\u0142 do reprezentacji Polski i zapracowa\u0142 na transfer do Brighton. W Anglii si\u0119 nie przebi\u0142. P\u00f3\u017aniej by\u0142y wypo\u017cyczenia do Olympiakosu i Fortuny D\u00fcsseldorf, a nast\u0119pnie Hertha. W Berlinie wreszcie z\u0142apa\u0142 wi\u0119cej regularno\u015bci, cho\u0107 bez powrotu na poziom zainteresowania, jakie mia\u0142 po wyje\u017adzie z Warszawy. Ba\u015fak\u015fehir to klub stabilny, z ambicjami i \u015brodowisko, w kt\u00f3rym Karbownik mo\u017ce gra\u0107 regularnie. Czy takie rozwi\u0105zanie ze sportowego punktu widzenia jest lepsza ni\u017c Widzew \u0141\u00f3d\u017a? Odpowied\u017a nie jest oczywista. Wydaje si\u0119 jednak, \u017ce Polak uzna\u0142, \u017ce na powr\u00f3t do Ekstraklasy przyjdzie jeszcze pora, a w Turcji mo\u017ce odbudowa\u0107 swoj\u0105 pozycj\u0119. Przyk\u0142ad Krzysztofa Pi\u0105tka pokaza\u0142, \u017ce nie jest to niemo\u017cliwy scenariusz.<\/p>\n","protected":false},"excerpt":{"rendered":"Micha\u0142 Karbownik po trzech latach odchodzi z Herthy Berlin. Wed\u0142ug \u201eBilda\u201d 25-latek poinformowa\u0142 niemiecki klub, \u017ce nie przyjmie&hellip;\n","protected":false},"author":2,"featured_media":479439,"comment_status":"","ping_status":"","sticky":false,"template":"","format":"standard","meta":{"footnotes":"","_share_on_mastodon":"0"},"categories":[51608],"tags":[91702,3652,46879,42,38,40,39,41,4065],"class_list":["post-479438","post","type-post","status-publish","format-standard","has-post-thumbnail","category-lodz","tag-basaksehir","tag-lodz","tag-michal-karbownik","tag-pl","tag-poland","tag-polish","tag-polska","tag-polski","tag-widzew-lodz"],"share_on_mastodon":{"url":"https:\/\/pubeurope.com\/@pl\/116709717581250081","error":""},"_links":{"self":[{"href":"https:\/\/www.europesays.com\/pl\/wp-json\/wp\/v2\/posts\/479438","targetHints":{"allow":["GET"]}}],"collection":[{"href":"https:\/\/www.europesays.com\/pl\/wp-json\/wp\/v2\/posts"}],"about":[{"href":"https:\/\/www.europesays.com\/pl\/wp-json\/wp\/v2\/types\/post"}],"author":[{"embeddable":true,"href":"https:\/\/www.europesays.com\/pl\/wp-json\/wp\/v2\/users\/2"}],"replies":[{"embeddable":true,"href":"https:\/\/www.europesays.com\/pl\/wp-json\/wp\/v2\/comments?post=479438"}],"version-history":[{"count":0,"href":"https:\/\/www.europesays.com\/pl\/wp-json\/wp\/v2\/posts\/479438\/revisions"}],"wp:featuredmedia":[{"embeddable":true,"href":"https:\/\/www.europesays.com\/pl\/wp-json\/wp\/v2\/media\/479439"}],"wp:attachment":[{"href":"https:\/\/www.europesays.com\/pl\/wp-json\/wp\/v2\/media?parent=479438"}],"wp:term":[{"taxonomy":"category","embeddable":true,"href":"https:\/\/www.europesays.com\/pl\/wp-json\/wp\/v2\/categories?post=479438"},{"taxonomy":"post_tag","embeddable":true,"href":"https:\/\/www.europesays.com\/pl\/wp-json\/wp\/v2\/tags?post=479438"}],"curies":[{"name":"wp","href":"https:\/\/api.w.org\/{rel}","templated":true}]}}