{"id":479699,"date":"2026-06-07T19:45:11","date_gmt":"2026-06-07T19:45:11","guid":{"rendered":"https:\/\/www.europesays.com\/pl\/479699\/"},"modified":"2026-06-07T19:45:11","modified_gmt":"2026-06-07T19:45:11","slug":"siatkarskie-mecze-polska-finlandia-w-krosnie-super-nowosci","status":"publish","type":"post","link":"https:\/\/www.europesays.com\/pl\/479699\/","title":{"rendered":"Siatkarskie mecze Polska \u2013 Finlandia w Kro\u015bnie &#8211; Super Nowo\u015bci"},"content":{"rendered":"<p> 0 <img fetchpriority=\"high\" decoding=\"async\" width=\"819\" height=\"1024\" src=\"https:\/\/www.europesays.com\/pl\/wp-content\/uploads\/2026\/06\/719223821_1528515979072137_5584777989896910181_n-819x1024.jpg\" alt=\"\" class=\" penci-lazy wp-image-109378\"  \/> <\/p>\n<p class=\"has-medium-font-size wp-block-paragraph\">9, 10 i 11 czerwca reprezentacji Polski U18 zmierzy si\u0119 w Hali Widowiskowo-Sportowej MOSiR Krosno z Finlandi\u0105. Bia\u0142o-Czerwoni przebywaj\u0105 na zgrupowaniu w Kro\u015bnie i przygotowuj\u0105 si\u0119 do Mistrzostw Europy, kt\u00f3re odb\u0119d\u0105 si\u0119 w 7-19.07. we W\u0142oszech (Porto San Giorgio).<\/p>\n<p class=\"wp-block-paragraph\">SIATK\u00d3WKA<\/p>\n<p class=\"wp-block-paragraph\">Trener reprezentacji Polski, Jacek Nawrocki stwierdzi\u0142, \u017ce Miejski O\u015brodek Sportu i Rekreacji w Kro\u015bnie jest doskona\u0142ym miejsce do przygotowa\u0144 o czym sam szkoleniowiec i jego podopieczni z innych rocznik\u00f3w mogli przekona\u0107 si\u0119 w ostatnich latach. \u2013 Mamy tutaj znakomit\u0105 opiek\u0119 i zapewnione warunki do pracy oraz wypoczynku. Tak by\u0142o m.in. przed rokiem przed mistrzostwami \u015bwiata w Taszkiencie, gdzie Polska zdoby\u0142a srebrny medal. Na pewno gospodarze w Kro\u015bnie mieli wk\u0142ad w ten sukces \u2013 m\u00f3wi\u0142 cytowany na stronie PZPS, trener Nawrocki. Jego zesp\u00f3\u0142 pierwsze zgrupowanie odby\u0142 w Kro\u015bnie w dniach 14-21.05, a obecnie przebywa od 1 do 12 czerwca. Na koniec zgrupowania Bia\u0142o-Czerwoni zmierz\u0105 si\u0119 z uczestnikiem ME \u2013 reprezentacj\u0105 Finlandii (wst\u0119p na mecze jest bezp\u0142atny).<\/p>\n<p class=\"wp-block-paragraph\">Reprezentacja Polski U19<\/p>\n<p class=\"wp-block-paragraph\">Rozgrywaj\u0105cy: Micha\u0142 Sygu\u0142a, Wojciech \u0141obaczewski, Jakub Przyby\u0142kowicz, Antoni Marczuk<\/p>\n<p class=\"wp-block-paragraph\">Atakuj\u0105cy: Adam Potempa, Pawe\u0142 Kapitan\u00a0<\/p>\n<p class=\"wp-block-paragraph\">\u015arodkowi: Kevin Pos\u0142uszny, Cezary \u015alusarz, Miko\u0142aj Pachura, Marcel Biernikowicz, Alan Otak<\/p>\n<p class=\"wp-block-paragraph\">Przyjmuj\u0105cy: Bartosz Fidyk, Karol Leppert, Mateusz Oczko, Adam Ma\u0142ecki, Arkadiusz Wlaz\u0142y.<\/p>\n<p class=\"wp-block-paragraph\">Libero: Kacper Wi\u015bniewski, \u0141ukasz Malek<\/p>\n<p class=\"wp-block-paragraph\">PRZECZYTAJ TE\u017b: <a href=\"https:\/\/supernowosci24.pl\/sport\/siatkowka\/pierwsza-porazka-bialo-czerwonych-rekordowa-frekwencja-w-chinach\/\" rel=\"nofollow noopener\" target=\"_blank\">Pierwsza pora\u017cka Bia\u0142o-Czerwonych, rekordowa frekwencja w Chinach<\/a><\/p>\n<p> Mo\u017ce Ci\u0119 zainteresowa\u0107<\/p>\n","protected":false},"excerpt":{"rendered":"0 9, 10 i 11 czerwca reprezentacji Polski U18 zmierzy si\u0119 w Hali Widowiskowo-Sportowej MOSiR Krosno z Finlandi\u0105.&hellip;\n","protected":false},"author":2,"featured_media":479700,"comment_status":"","ping_status":"","sticky":false,"template":"","format":"standard","meta":{"footnotes":"","_share_on_mastodon":"0"},"categories":[12],"tags":[91732,2969,42,6242,38,40,39,41,15549,51615],"class_list":["post-479699","post","type-post","status-publish","format-standard","has-post-thumbnail","category-polska","tag-jacek-nawrocki","tag-krosno","tag-pl","tag-plusliga","tag-poland","tag-polish","tag-polska","tag-polski","tag-pzps","tag-volleyball"],"share_on_mastodon":{"url":"https:\/\/pubeurope.com\/@pl\/116710547788342123","error":""},"_links":{"self":[{"href":"https:\/\/www.europesays.com\/pl\/wp-json\/wp\/v2\/posts\/479699","targetHints":{"allow":["GET"]}}],"collection":[{"href":"https:\/\/www.europesays.com\/pl\/wp-json\/wp\/v2\/posts"}],"about":[{"href":"https:\/\/www.europesays.com\/pl\/wp-json\/wp\/v2\/types\/post"}],"author":[{"embeddable":true,"href":"https:\/\/www.europesays.com\/pl\/wp-json\/wp\/v2\/users\/2"}],"replies":[{"embeddable":true,"href":"https:\/\/www.europesays.com\/pl\/wp-json\/wp\/v2\/comments?post=479699"}],"version-history":[{"count":0,"href":"https:\/\/www.europesays.com\/pl\/wp-json\/wp\/v2\/posts\/479699\/revisions"}],"wp:featuredmedia":[{"embeddable":true,"href":"https:\/\/www.europesays.com\/pl\/wp-json\/wp\/v2\/media\/479700"}],"wp:attachment":[{"href":"https:\/\/www.europesays.com\/pl\/wp-json\/wp\/v2\/media?parent=479699"}],"wp:term":[{"taxonomy":"category","embeddable":true,"href":"https:\/\/www.europesays.com\/pl\/wp-json\/wp\/v2\/categories?post=479699"},{"taxonomy":"post_tag","embeddable":true,"href":"https:\/\/www.europesays.com\/pl\/wp-json\/wp\/v2\/tags?post=479699"}],"curies":[{"name":"wp","href":"https:\/\/api.w.org\/{rel}","templated":true}]}}