{"id":479755,"date":"2026-06-07T20:27:53","date_gmt":"2026-06-07T20:27:53","guid":{"rendered":"https:\/\/www.europesays.com\/pl\/479755\/"},"modified":"2026-06-07T20:27:53","modified_gmt":"2026-06-07T20:27:53","slug":"donald-tusk-rozwiazal-struktury-ko-w-malopolsce-w-sieci-zawrzalo-2","status":"publish","type":"post","link":"https:\/\/www.europesays.com\/pl\/479755\/","title":{"rendered":"Donald Tusk rozwi\u0105za\u0142 struktury KO w Ma\u0142opolsce. W sieci zawrza\u0142o"},"content":{"rendered":"<p><a href=\"https:\/\/wiadomosci.onet.pl\/kraj\/radykalna-decyzja-premiera-po-referendum-w-krakowie\/8rqcxzy\" id=\"d9c4c7d1-d39e-4390-a756-de9ba30d2c02\" rel=\"nofollow noopener\" target=\"_blank\">Donald Tusk rozwi\u0105za\u0142 struktury Koalicji Obywatelskiej w Ma\u0142opolsce<\/a> \u2014 wynika z ustale\u0144 Onetu. To kara dla regionalnych w\u0142adz KO za przegran\u0105 w referendum w Krakowie. Dalszy ci\u0105g artyku\u0142u pod materia\u0142em wideo W sieci zawrza\u0142o. &#8222;Po co si\u0119 ogranicza\u0107?&#8221;<\/p>\n<p>Po ujawnieniu decyzji premiera przez Onet sie\u0107 zala\u0142y komentarze. &#8222;Panie Tusk, po co si\u0119 ogranicza\u0107? Czas wyprowadzi\u0107 sztandar&#8221; \u2014 ironizuje wiceprzewodnicz\u0105cy PiS Przemys\u0142aw Czarnek.<\/p>\n<p>Szef klubu Koalicji Obywatelskiej i cz\u0142onek zarz\u0105du partii Zbigniew Konwi\u0144ski w rozmowie z Polskim Radiem poinformowa\u0142 natomiast, \u017ce g\u0142osowanie cz\u0142onk\u00f3w Zarz\u0105du Krajowego odby\u0142o si\u0119 w trybie obiegowym. Nie wskaza\u0142 jednak, jaki by\u0142 pow\u00f3d tej decyzji. \u2014 Trudno nie doszukiwa\u0107 si\u0119 zwi\u0105zku [z referendum] \u2014 stwierdzi\u0142 w rozmowie z rozg\u0142o\u015bni\u0105, dodaj\u0105c, \u017ce nie jest to pierwsza tego typu sytuacja w historii partii. \u2014 To co jaki\u015b czas si\u0119 zdarza. Nie zbyt cz\u0119sto, ale podj\u0119li\u015bmy tak\u0105 decyzj\u0119, je\u015bli chodzi o Ma\u0142opolsk\u0119 \u2014 powiedzia\u0142.<\/p>\n<p>&#8222;Donald Tusk ostatecznie upokorzy\u0142 Aleksandra Miszalskiego i jego ekip\u0119. Struktury Koalicji Obywatelskiej w Ma\u0142opolsce zosta\u0142y rozwi\u0105zane! Komisarzem zosta\u0142a Dorota Niedziela, a to oznacza eskalacj\u0119 wojny. Marek Sowa liczy\u0142 na szefostwo w regionie. Mo\u017ce si\u0119 po\u017cegna\u0107 z wymarzon\u0105 funkcj\u0105. Walka trwa&#8221; \u2014 pisze pose\u0142 PiS \u0141ukasz Kmita.<\/p>\n<p>&#8222;Donald Tusk rozwi\u0105za\u0142 struktury Koalicji Obywatelskiej w Ma\u0142opolsce. Podobno to kara dla regionalnych w\u0142adz KO za przegran\u0105 w referendum w Krakowie. Zr\u00f3bmy wszystko, aby za rok rozwi\u0105za\u0142 struktury w ca\u0142ej Polsce&#8221; \u2014 napisa\u0142 B\u0142a\u017cej Pobo\u017cy, doradca prezydenta Karola Nawrockiego i by\u0142y minister spraw wewn\u0119trznych.<\/p>\n<p>Na wpis doradcy prezydenta odpowiedzia\u0142 europose\u0142 KO Bartosz Ar\u0142ukowicz. &#8222;Je\u015bli pan Pobo\u017cy bierze si\u0119 za polityk\u0119, to ja jestem spokojny&#8221; \u2014 napisa\u0142.<\/p>\n<p>&#8222;Przypomina mi si\u0119 pewna rozmowa Kwa\u015bniewskiego z Kaliszem o pewnym m\u015bciwym szefie rz\u0105du&#8221; \u2014 komentuje spraw\u0119 kolejny z pos\u0142\u00f3w PiS Marcin Warcho\u0142.<\/p>\n<p> &#8222;Podobno premier Tusk zn\u00f3w si\u0119 w\u015bciek\u0142&#8221;<\/p>\n<p>&#8222;Przyszed\u0142 kierownik, rozwi\u0105za\u0142 cyrk. Teraz jeszcze odes\u0142a\u0107 mu jego cyrkowc\u00f3w z krakowskich sp\u00f3\u0142ek i instytucji&#8221; \u2014 pisze tak\u017ce Aleksandra Owca, wsp\u00f3\u0142przewodnicz\u0105ca Partii Razem i radna Krakowa.<\/p>\n<p>&#8222;Tusk si\u0119 w\u015bciek\u0142! Premier rozwi\u0105za\u0142 dzi\u015b struktury ma\u0142opolskiej KO, a Aleksander Miszalski zosta\u0142 odwo\u0142any z funkcji szefa partii w Ma\u0142opolsce. Przegrane przez ob\u00f3z rz\u0105dz\u0105cy krakowskie referendum zbiera srogie \u017cniwo&#8221; \u2014 komentuje pose\u0142 Konfederacji Bart\u0142omiej Pejo.<\/p>\n<p>&#8222;Panie Donaldzie Tusku, czekamy na wi\u0119cej. Tutaj mo\u017ce si\u0119 Pan nie ogranicza\u0107&#8221; \u2014 skomentowa\u0142 europose\u0142 PiS Piotr M\u00fcller.<\/p>\n<p>&#8222;Podobno premier Tusk zn\u00f3w si\u0119 w\u015bciek\u0142&#8221; \u2014 komentuje prezes szczeci\u0144skiego oddzia\u0142u wchodz\u0105cej w sk\u0142ad Konfederacji Nowej Nadziei Rafa\u0142 Kubowicz.<\/p>\n<p>&#8222;Panie Tusk, proponuj\u0119 p\u00f3j\u015b\u0107 za ciosem i rozwi\u0105za\u0107 sw\u00f3j nieudolny rz\u0105d&#8221; \u2014 skomentowa\u0142 pose\u0142 PiS Marek Weso\u0142y.<\/p>\n","protected":false},"excerpt":{"rendered":"Donald Tusk rozwi\u0105za\u0142 struktury Koalicji Obywatelskiej w Ma\u0142opolsce \u2014 wynika z ustale\u0144 Onetu. To kara dla regionalnych w\u0142adz&hellip;\n","protected":false},"author":2,"featured_media":479756,"comment_status":"","ping_status":"","sticky":false,"template":"","format":"standard","meta":{"footnotes":"","_share_on_mastodon":"0"},"categories":[62713],"tags":[24070,16215,61195,1345,212,7210,49,1304,45529,44196,48,46,55,18128,1524,47,1967],"class_list":["post-479755","post","type-post","status-publish","format-standard","has-post-thumbnail","category-donald-tusk","tag-aleksander_miszalski","tag-blazej_pobozy","tag-bottomfeed_styl","tag-donald-tusk","tag-donald_tusk","tag-koalicja_obywatelska","tag-kraj","tag-krakow","tag-lukasz_kmita","tag-marcin_warchol","tag-nat_styl","tag-omp","tag-phx","tag-piotr_muller","tag-przemyslaw_czarnek","tag-screening_general","tag-wojewodztwo_malopolskie"],"share_on_mastodon":{"url":"https:\/\/pubeurope.com\/@pl\/116710716738699705","error":""},"_links":{"self":[{"href":"https:\/\/www.europesays.com\/pl\/wp-json\/wp\/v2\/posts\/479755","targetHints":{"allow":["GET"]}}],"collection":[{"href":"https:\/\/www.europesays.com\/pl\/wp-json\/wp\/v2\/posts"}],"about":[{"href":"https:\/\/www.europesays.com\/pl\/wp-json\/wp\/v2\/types\/post"}],"author":[{"embeddable":true,"href":"https:\/\/www.europesays.com\/pl\/wp-json\/wp\/v2\/users\/2"}],"replies":[{"embeddable":true,"href":"https:\/\/www.europesays.com\/pl\/wp-json\/wp\/v2\/comments?post=479755"}],"version-history":[{"count":0,"href":"https:\/\/www.europesays.com\/pl\/wp-json\/wp\/v2\/posts\/479755\/revisions"}],"wp:featuredmedia":[{"embeddable":true,"href":"https:\/\/www.europesays.com\/pl\/wp-json\/wp\/v2\/media\/479756"}],"wp:attachment":[{"href":"https:\/\/www.europesays.com\/pl\/wp-json\/wp\/v2\/media?parent=479755"}],"wp:term":[{"taxonomy":"category","embeddable":true,"href":"https:\/\/www.europesays.com\/pl\/wp-json\/wp\/v2\/categories?post=479755"},{"taxonomy":"post_tag","embeddable":true,"href":"https:\/\/www.europesays.com\/pl\/wp-json\/wp\/v2\/tags?post=479755"}],"curies":[{"name":"wp","href":"https:\/\/api.w.org\/{rel}","templated":true}]}}