{"id":480110,"date":"2026-06-08T02:51:10","date_gmt":"2026-06-08T02:51:10","guid":{"rendered":"https:\/\/www.europesays.com\/pl\/480110\/"},"modified":"2026-06-08T02:51:10","modified_gmt":"2026-06-08T02:51:10","slug":"zdecydowane-zwyciestwo-w-wyborach-oto-prezes-realu-madryt","status":"publish","type":"post","link":"https:\/\/www.europesays.com\/pl\/480110\/","title":{"rendered":"Zdecydowane zwyci\u0119stwo w wyborach. Oto prezes Realu Madryt"},"content":{"rendered":"\n<p class=\"contentpart contentpart--default contentpart--text\" data-position=\"0\">G\u0142osowanie na prezesa Realu Madryt odby\u0142o si\u0119 po raz pierwszy od&#8230; 2006 roku.<\/p>\n<p class=\"contentpart contentpart--default contentpart--text\" data-position=\"1\">Dlaczego w og\u00f3le dosz\u0142o do wybor\u00f3w, skoro kadencja Florentino Pereza zosta\u0142a przed\u0142u\u017cona w 2025 roku? On sam na pocz\u0105tku maja zwr\u00f3ci\u0142 si\u0119 do komisji wyborczej z pro\u015bb\u0105 o rozpocz\u0119cie procesu wybor\u00f3w do zarz\u0105du sp\u00f3\u0142ki.<\/p>\n<p>  <img decoding=\"async\" src=\"https:\/\/v.wpimg.pl\/X3dwLnN2d1IFFTpdYUl6R0ZNbgcnEHQREVV2TGEGbUtRT2MdOlZ2RBQUKABgQjQcDRotCStBd1IAAWMeIlM7VgwYIAorQAdEFFk_GCkQJQ\" alt=\"\" width=\"45\" height=\"58\" loading=\"lazy\"\/>  <\/p>\n<p class=\"contentpart contentpart--default contentpart--text\" data-position=\"2\">Od razu zapowiedzia\u0142 jednak, \u017ce sam w nich wystartuje. Po raz pierwszy od dawna znalaz\u0142 si\u0119 jednak kto\u015b, kto chcia\u0142 go pokona\u0107. Tym kim\u015b by\u0142 Enrique Riquelme.<\/p>\n<p class=\"contentpart contentpart--default contentpart--text\" data-position=\"3\">Jednak 79-letni dzia\u0142acz okaza\u0142 si\u0119 zdecydowanie lepszy.<\/p>\n<p class=\"contentpart contentpart--default contentpart--text\" data-position=\"4\">ZOBACZ WIDEO: #dziejesiewsporcie: Ale strza\u0142 no\u017cycami. To poezja futbolu<\/p>\n<p class=\"contentpart contentpart--default contentpart--text\" data-position=\"6\">Florentino Perez jest prezesem Realu nieprzerwanie od 2009 roku. Wybory odbywaj\u0105 si\u0119 co cztery lata i dotychczas nie znalaz\u0142 si\u0119 nikt, kto w og\u00f3le zechcia\u0142by stan\u0105\u0107 z nim do rywalizacji.<\/p>\n<p>  <img decoding=\"async\" src=\"https:\/\/v.wpimg.pl\/X3dwLnN2d1IFFTpdYUl6R0ZNbgcnEHQREVV2TGEGbUtRT2MdOlZ2RBQUKABgQjQcDRotCStBd1IAAWMeIlM7VgwYIAorQAdEFFk_GCkQJQ\" alt=\"\" width=\"45\" height=\"58\" loading=\"lazy\"\/>  <\/p>\n<p class=\"contentpart contentpart--default contentpart--text\" data-position=\"7\">Enrique Riquelme spr\u00f3bowa\u0142, ale nie znalaz\u0142 wystarczaj\u0105cego poparcia.<\/p>\n<p class=\"contentpart contentpart--default contentpart--text\" data-position=\"8\">Prawo g\u0142osu mia\u0142o ok. 70 tys. os\u00f3b (tzw. socios, czyli ludzie posiadaj\u0105cy udzia\u0142y w klubie).<\/p>\n<p class=\"contentpart contentpart--default contentpart--text\" data-position=\"9\">G\u0142osowanie odbywa\u0142o si\u0119 w niedziel\u0119 w godz. 9-20. Do dyspozycji by\u0142o\u00a0sze\u015b\u0107dziesi\u0105t sto\u0142\u00f3w i sze\u015b\u0107dziesi\u0105t urn wyborczych. Jak relacjonuje dziennik &#8222;MARCA&#8221;, o godz. 9.59 sw\u00f3j g\u0142os odda\u0142 Florentino Perez. Niespe\u0142na godzin\u0119 p\u00f3\u017aniej kartk\u0119 do urny wrzuci\u0142 Enrique Riquelme.<\/p>\n<p class=\"contentpart contentpart--default contentpart--text\" data-position=\"10\">Czy wyniki s\u0105 zaskoczeniem? Je\u015bli kto\u015b przez ca\u0142\u0105 niedziel\u0119 obserwowa\u0142 sonda\u017ce, to nie jest zaskoczony takim obrotem spraw. Florentino Perez mia\u0142 przewag\u0119 w zasadzie od samego pocz\u0105tku. I b\u0119dzie szefem Realu przynajmniej do 2030 roku.<\/p>\n","protected":false},"excerpt":{"rendered":"G\u0142osowanie na prezesa Realu Madryt odby\u0142o si\u0119 po raz pierwszy od&#8230; 2006 roku. Dlaczego w og\u00f3le dosz\u0142o do&hellip;\n","protected":false},"author":2,"featured_media":480111,"comment_status":"","ping_status":"","sticky":false,"template":"","format":"standard","meta":{"footnotes":"","_share_on_mastodon":"0"},"categories":[24],"tags":[91825,31019,267,538,694,269,540,278,42,38,40,39,41,692,17424,127,126],"class_list":["post-480110","post","type-post","status-publish","format-standard","has-post-thumbnail","category-sport","tag-enrique-riquelme","tag-florentino-perez","tag-hiszpania","tag-la-liga","tag-madryt","tag-pilka-nozna","tag-pilka-nozna-w-hiszpanii","tag-pilka-w-europie","tag-pl","tag-poland","tag-polish","tag-polska","tag-polski","tag-real-madryt","tag-santiago-bernabeu-w-madrycie","tag-sport","tag-sports"],"share_on_mastodon":{"url":"https:\/\/pubeurope.com\/@pl\/116712222662511887","error":""},"_links":{"self":[{"href":"https:\/\/www.europesays.com\/pl\/wp-json\/wp\/v2\/posts\/480110","targetHints":{"allow":["GET"]}}],"collection":[{"href":"https:\/\/www.europesays.com\/pl\/wp-json\/wp\/v2\/posts"}],"about":[{"href":"https:\/\/www.europesays.com\/pl\/wp-json\/wp\/v2\/types\/post"}],"author":[{"embeddable":true,"href":"https:\/\/www.europesays.com\/pl\/wp-json\/wp\/v2\/users\/2"}],"replies":[{"embeddable":true,"href":"https:\/\/www.europesays.com\/pl\/wp-json\/wp\/v2\/comments?post=480110"}],"version-history":[{"count":0,"href":"https:\/\/www.europesays.com\/pl\/wp-json\/wp\/v2\/posts\/480110\/revisions"}],"wp:featuredmedia":[{"embeddable":true,"href":"https:\/\/www.europesays.com\/pl\/wp-json\/wp\/v2\/media\/480111"}],"wp:attachment":[{"href":"https:\/\/www.europesays.com\/pl\/wp-json\/wp\/v2\/media?parent=480110"}],"wp:term":[{"taxonomy":"category","embeddable":true,"href":"https:\/\/www.europesays.com\/pl\/wp-json\/wp\/v2\/categories?post=480110"},{"taxonomy":"post_tag","embeddable":true,"href":"https:\/\/www.europesays.com\/pl\/wp-json\/wp\/v2\/tags?post=480110"}],"curies":[{"name":"wp","href":"https:\/\/api.w.org\/{rel}","templated":true}]}}