{"id":480542,"date":"2026-06-08T08:45:16","date_gmt":"2026-06-08T08:45:16","guid":{"rendered":"https:\/\/www.europesays.com\/pl\/480542\/"},"modified":"2026-06-08T08:45:16","modified_gmt":"2026-06-08T08:45:16","slug":"umcs-mistrzem-wojewodztwa-w-zeglarstwie-2026-aktualnosci-lublin","status":"publish","type":"post","link":"https:\/\/www.europesays.com\/pl\/480542\/","title":{"rendered":"UMCS mistrzem wojew\u00f3dztwa w \u017ceglarstwie! &#8211; 2026 &#8211; Aktualno\u015bci &#8211; Lublin"},"content":{"rendered":"<p>Zalew Zemborzycki w Lublinie sta\u0142 si\u0119 31 maja aren\u0105 zaci\u0119tej rywalizacji podczas Akademickich Mistrzostw Wojew\u00f3dztwa Lubelskiego w \u017ceglarstwie. Reprezentanci naszej uczelni zaprezentowali doskona\u0142e przygotowanie taktyczne, zdobywaj\u0105c upragnione pierwsze miejsce na podium w sezonie 2025\/2026. Regaty przyci\u0105gn\u0119\u0142y najlepsze akademickie za\u0142ogi z regionu, a zmienne warunki wietrzne wymaga\u0142y od uczestnik\u00f3w maksymalnego skupienia.<\/p>\n<p>                <a class=\"inner fancybox\" href=\"https:\/\/phavi.umcs.pl\/ph\/r,1024,800\/agicon\/c\/2026\/0608\/53583916a26712d93380.jpg\" rel=\"nofollow noopener\" target=\"_blank\"><br \/>\n                    <img decoding=\"async\" class=\"img\" src=\"https:\/\/www.europesays.com\/pl\/wp-content\/uploads\/2026\/06\/53583916a26712d93380.jpg\" alt=\"UMCS mistrzem wojew\u00f3dztwa w \u017ceglarstwie!\"\/><br \/>\n                <\/a><\/p>\n","protected":false},"excerpt":{"rendered":"Zalew Zemborzycki w Lublinie sta\u0142 si\u0119 31 maja aren\u0105 zaci\u0119tej rywalizacji podczas Akademickich Mistrzostw Wojew\u00f3dztwa Lubelskiego w \u017ceglarstwie.&hellip;\n","protected":false},"author":2,"featured_media":480543,"comment_status":"","ping_status":"","sticky":false,"template":"","format":"standard","meta":{"footnotes":"","_share_on_mastodon":"0"},"categories":[51612],"tags":[91920,64969,80368,80459,54908,68385,1081,64968,91921,67677,91919,69451,91914,42,91915,38,40,64496,39,41,91912,91923,32686,91926,91925,91922,91913,53991,91917,64873,91916,3519,91924,91911,91918,63695],"class_list":["post-480542","post","type-post","status-publish","format-standard","has-post-thumbnail","category-lublin","tag-alma","tag-curie-sklodowskiej","tag-goliszek","tag-harmonijna","tag-jan","tag-krzysztof","tag-lublin","tag-marii","tag-mater","tag-michal","tag-naszej","tag-natalia","tag-panek","tag-pl","tag-pokladzie","tag-poland","tag-polish","tag-politechniki","tag-polska","tag-polski","tag-poprowadzil","tag-pozwolila","tag-pula","tag-rywali","tag-silnych","tag-spektakularny","tag-sternik","tag-triumf","tag-trojanowski","tag-uniwersytetu","tag-wspierali","tag-wspolpraca","tag-wyprzedzic","tag-zaloge","tag-zapewnila","tag-zlota"],"share_on_mastodon":{"url":"https:\/\/pubeurope.com\/@pl\/116713615364216141","error":""},"_links":{"self":[{"href":"https:\/\/www.europesays.com\/pl\/wp-json\/wp\/v2\/posts\/480542","targetHints":{"allow":["GET"]}}],"collection":[{"href":"https:\/\/www.europesays.com\/pl\/wp-json\/wp\/v2\/posts"}],"about":[{"href":"https:\/\/www.europesays.com\/pl\/wp-json\/wp\/v2\/types\/post"}],"author":[{"embeddable":true,"href":"https:\/\/www.europesays.com\/pl\/wp-json\/wp\/v2\/users\/2"}],"replies":[{"embeddable":true,"href":"https:\/\/www.europesays.com\/pl\/wp-json\/wp\/v2\/comments?post=480542"}],"version-history":[{"count":0,"href":"https:\/\/www.europesays.com\/pl\/wp-json\/wp\/v2\/posts\/480542\/revisions"}],"wp:featuredmedia":[{"embeddable":true,"href":"https:\/\/www.europesays.com\/pl\/wp-json\/wp\/v2\/media\/480543"}],"wp:attachment":[{"href":"https:\/\/www.europesays.com\/pl\/wp-json\/wp\/v2\/media?parent=480542"}],"wp:term":[{"taxonomy":"category","embeddable":true,"href":"https:\/\/www.europesays.com\/pl\/wp-json\/wp\/v2\/categories?post=480542"},{"taxonomy":"post_tag","embeddable":true,"href":"https:\/\/www.europesays.com\/pl\/wp-json\/wp\/v2\/tags?post=480542"}],"curies":[{"name":"wp","href":"https:\/\/api.w.org\/{rel}","templated":true}]}}