{"id":480552,"date":"2026-06-08T08:50:21","date_gmt":"2026-06-08T08:50:21","guid":{"rendered":"https:\/\/www.europesays.com\/pl\/480552\/"},"modified":"2026-06-08T08:50:21","modified_gmt":"2026-06-08T08:50:21","slug":"debata-parlamentarna-pawel-hreniak-i-jolanta-niezgodzka-w-studiu-radia-wroclaw","status":"publish","type":"post","link":"https:\/\/www.europesays.com\/pl\/480552\/","title":{"rendered":"Debata parlamentarna: Pawe\u0142 Hreniak i Jolanta Niezgodzka w studiu Radia Wroc\u0142aw"},"content":{"rendered":"<p>Debata parlamentarna w Radiu Wroc\u0142aw.<\/p>\n<p>Fot. RW<\/p>\n<p>Zapraszamy na debat\u0119 parlamentarn\u0105 Radia Wroc\u0142aw.<\/p>\n<p style=\"text-align: justify;\">Tydzie\u0144 na naszej antenie zacz\u0119li\u015bmy tradycyjnie od politycznej dyskusji. Zaproszenie do debaty parlamentarnej przyj\u0119li Pawe\u0142 Hreniak (PiS) i Jolanta Niezgodzka (KO).<\/p>\n<p style=\"text-align: justify;\">POS\u0141UCHAJ AUDYCJI:<\/p>\n<p style=\"text-align: justify;\">1. cz\u0119\u015b\u0107:<\/p>\n<p style=\"text-align: justify;\">2. cz\u0119\u015b\u0107:<\/p>\n","protected":false},"excerpt":{"rendered":"Debata parlamentarna w Radiu Wroc\u0142aw. Fot. RW Zapraszamy na debat\u0119 parlamentarn\u0105 Radia Wroc\u0142aw. Tydzie\u0144 na naszej antenie zacz\u0119li\u015bmy&hellip;\n","protected":false},"author":2,"featured_media":480553,"comment_status":"","ping_status":"","sticky":false,"template":"","format":"standard","meta":{"footnotes":"","_share_on_mastodon":"0"},"categories":[51607],"tags":[3949,71339,51726,91929,91930,55888,17037,42,38,40,39,41,52404,57380,31600,1853],"class_list":["post-480552","post","type-post","status-publish","format-standard","has-post-thumbnail","category-wroclaw","tag-debata","tag-hreniak","tag-i","tag-jolanta","tag-niezgodzka","tag-parlamentarna","tag-pawel","tag-pl","tag-poland","tag-polish","tag-polska","tag-polski","tag-radia","tag-studiu","tag-w","tag-wroclaw"],"share_on_mastodon":{"url":"https:\/\/pubeurope.com\/@pl\/116713634199952373","error":""},"_links":{"self":[{"href":"https:\/\/www.europesays.com\/pl\/wp-json\/wp\/v2\/posts\/480552","targetHints":{"allow":["GET"]}}],"collection":[{"href":"https:\/\/www.europesays.com\/pl\/wp-json\/wp\/v2\/posts"}],"about":[{"href":"https:\/\/www.europesays.com\/pl\/wp-json\/wp\/v2\/types\/post"}],"author":[{"embeddable":true,"href":"https:\/\/www.europesays.com\/pl\/wp-json\/wp\/v2\/users\/2"}],"replies":[{"embeddable":true,"href":"https:\/\/www.europesays.com\/pl\/wp-json\/wp\/v2\/comments?post=480552"}],"version-history":[{"count":0,"href":"https:\/\/www.europesays.com\/pl\/wp-json\/wp\/v2\/posts\/480552\/revisions"}],"wp:featuredmedia":[{"embeddable":true,"href":"https:\/\/www.europesays.com\/pl\/wp-json\/wp\/v2\/media\/480553"}],"wp:attachment":[{"href":"https:\/\/www.europesays.com\/pl\/wp-json\/wp\/v2\/media?parent=480552"}],"wp:term":[{"taxonomy":"category","embeddable":true,"href":"https:\/\/www.europesays.com\/pl\/wp-json\/wp\/v2\/categories?post=480552"},{"taxonomy":"post_tag","embeddable":true,"href":"https:\/\/www.europesays.com\/pl\/wp-json\/wp\/v2\/tags?post=480552"}],"curies":[{"name":"wp","href":"https:\/\/api.w.org\/{rel}","templated":true}]}}