{"id":480582,"date":"2026-06-08T09:05:13","date_gmt":"2026-06-08T09:05:13","guid":{"rendered":"https:\/\/www.europesays.com\/pl\/480582\/"},"modified":"2026-06-08T09:05:13","modified_gmt":"2026-06-08T09:05:13","slug":"po-co-polacy-chodza-do-galerii-handlowych-raport-ujawnia-glowne-powody","status":"publish","type":"post","link":"https:\/\/www.europesays.com\/pl\/480582\/","title":{"rendered":"Po co Polacy chodz\u0105 do galerii handlowych? Raport ujawnia g\u0142\u00f3wne powody"},"content":{"rendered":"<p>Ju\u017c wiadomo, ile sie\u0107 Dino Polska wyda\u0142a na wynagrodzenia kadry kierowniczej za 2025 rok. Zarz\u0105d sp\u00f3\u0142ki zarobi\u0142 miliony dzi\u0119ki rekordowym przychodom. Z kolei cz\u0142onkowie Rady Nadzorczej doczekali si\u0119 pierwszych podwy\u017cek od debiutu gie\u0142dowego. A ile zarobi\u0142 Tomasz Biernacki, tajemniczy za\u0142o\u017cyciel sieci Dino?<\/p>\n<p>\tOd czego zale\u017c\u0105 zarobki cz\u0142onk\u00f3w zarz\u0105du Dino?<br \/>\n\tIle zarobili cz\u0142onkowie zarz\u0105du Dino w 2025 roku?<br \/>\n\tPodwy\u017cki wynagrodzenia cz\u0142onk\u00f3w Rady Nadzorczej sieci Dino<br \/>\n\tIle zarobi\u0142 Tomasz Biernacki za zasiadanie w Radzie Nadzorczej Dino?<\/p>\n<p>Od czego zale\u017c\u0105 zarobki cz\u0142onk\u00f3w zarz\u0105du Dino?<\/p>\n<p>Sie\u0107 Dino Polska opublikowa\u0142a w\u0142a\u015bnie raport o wynagrodzeniach za 2025 rok. Z dokumentu wynika, \u017ce wynagrodzenie zarz\u0105du <a href=\"https:\/\/www.wiadomoscihandlowe.pl\/tag\/dino-polska-0\" target=\"_blank\" rel=\"nofollow noopener\">Dino Polska<\/a> opiera si\u0119 na dw\u00f3ch filarach \u2013 podstawie oraz premii rocznej.<\/p>\n<p>Wysoko\u015b\u0107 wynagrodzenia cz\u0142onk\u00f3w zarz\u0105du ustala Rada Nadzorcza Dino. Brane s\u0105 przy tym pod uwag\u0119 cztery czynniki:<\/p>\n<p>\tsytuacja finansowa sp\u00f3\u0142ki,<br \/>\n\tosi\u0105gane wyniki,<br \/>\n\tdo\u015bwiadczenie oraz kwalifikacje zawodowe cz\u0142onka zarz\u0105du,<br \/>\n\tpoziom odpowiedzialno\u015bci wynikaj\u0105cy z zajmowanego stanowiska.<\/p>\n<p>      <a href=\"https:\/\/www.wiadomoscihandlowe.pl\/najwieksze-sieci-handlowe\/dino\/protest-przed-siedziba-dino-skala-lamania-prawa-poraza-2535401\" rel=\"nofollow noopener\" target=\"_blank\"><\/p>\n<p>       <img decoding=\"async\" class=\"se__img lazyload\" src=\"https:\/\/www.europesays.com\/pl\/wp-content\/uploads\/2026\/05\/10817680.jpg\" alt=\"image\"\/><\/p>\n<p>Wrze pod siedzib\u0105 Dino. Zwi\u0105zkowcy przynie\u015bli zarz\u0105dowi&#8230; torb\u0119 burak\u00f3w<\/p>\n<p>      <\/a><\/p>\n<p>Polityka sieci handlowej zak\u0142ada tak\u017ce, \u017ce sta\u0142a cz\u0119\u015b\u0107 pensji nie mo\u017ce przekracza\u0107 10-krotno\u015bci \u015bredniego wynagrodzenia pracownika etatowego w sp\u00f3\u0142ce. Natomiast udzia\u0142 wynagrodzenia zmiennego w ca\u0142kowitej puli ma stanowi\u0107 kluczowy czynnik motywuj\u0105cy mened\u017cer\u00f3w do organicznego i dynamicznego rozwoju sieci sklep\u00f3w. Rada Nadzorcza indywidualnie ustala wysoko\u015b\u0107 rocznych bonus\u00f3w finansowych po dog\u0142\u0119bnej ocenie efektywno\u015bci pracy ka\u017cdego z cz\u0142onk\u00f3w organu zarz\u0105dzaj\u0105cego.\u00a0<\/p>\n<p>\t\t\t\t<img decoding=\"async\" src=\"data:image\/png;base64,iVBORw0KGgoAAAANSUhEUgAAAAEAAAABCAYAAAAfFcSJAAAADUlEQVR42mNk+P+\/HgAFhAJ\/wlseKgAAAABJRU5ErkJggg==\"\/><\/p>\n","protected":false},"excerpt":{"rendered":"Ju\u017c wiadomo, ile sie\u0107 Dino Polska wyda\u0142a na wynagrodzenia kadry kierowniczej za 2025 rok. Zarz\u0105d sp\u00f3\u0142ki zarobi\u0142 miliony&hellip;\n","protected":false},"author":2,"featured_media":480583,"comment_status":"","ping_status":"","sticky":false,"template":"","format":"standard","meta":{"footnotes":"","_share_on_mastodon":"0"},"categories":[52249],"tags":[40550,12956,857,41997,7371,22915,6229,91931,91933,91932,42,38,40,39,41],"class_list":["post-480582","post","type-post","status-publish","format-standard","has-post-thumbnail","category-dino-polska","tag-centra-handlowe","tag-centrum-handlowe","tag-dino","tag-dino-polska","tag-e-commerce","tag-galerie-handlowe","tag-handel","tag-kondycja-galerii-handlowych","tag-magdalena-kolanska-stronka","tag-malgorzata-kiezel","tag-pl","tag-poland","tag-polish","tag-polska","tag-polski"],"share_on_mastodon":{"url":"https:\/\/pubeurope.com\/@pl\/116713693311541780","error":""},"_links":{"self":[{"href":"https:\/\/www.europesays.com\/pl\/wp-json\/wp\/v2\/posts\/480582","targetHints":{"allow":["GET"]}}],"collection":[{"href":"https:\/\/www.europesays.com\/pl\/wp-json\/wp\/v2\/posts"}],"about":[{"href":"https:\/\/www.europesays.com\/pl\/wp-json\/wp\/v2\/types\/post"}],"author":[{"embeddable":true,"href":"https:\/\/www.europesays.com\/pl\/wp-json\/wp\/v2\/users\/2"}],"replies":[{"embeddable":true,"href":"https:\/\/www.europesays.com\/pl\/wp-json\/wp\/v2\/comments?post=480582"}],"version-history":[{"count":0,"href":"https:\/\/www.europesays.com\/pl\/wp-json\/wp\/v2\/posts\/480582\/revisions"}],"wp:featuredmedia":[{"embeddable":true,"href":"https:\/\/www.europesays.com\/pl\/wp-json\/wp\/v2\/media\/480583"}],"wp:attachment":[{"href":"https:\/\/www.europesays.com\/pl\/wp-json\/wp\/v2\/media?parent=480582"}],"wp:term":[{"taxonomy":"category","embeddable":true,"href":"https:\/\/www.europesays.com\/pl\/wp-json\/wp\/v2\/categories?post=480582"},{"taxonomy":"post_tag","embeddable":true,"href":"https:\/\/www.europesays.com\/pl\/wp-json\/wp\/v2\/tags?post=480582"}],"curies":[{"name":"wp","href":"https:\/\/api.w.org\/{rel}","templated":true}]}}