{"id":480664,"date":"2026-06-08T09:57:14","date_gmt":"2026-06-08T09:57:14","guid":{"rendered":"https:\/\/www.europesays.com\/pl\/480664\/"},"modified":"2026-06-08T09:57:14","modified_gmt":"2026-06-08T09:57:14","slug":"alarm-powietrzny-na-lotwie-mysliwce-nato-zestrzelily-drona","status":"publish","type":"post","link":"https:\/\/www.europesays.com\/pl\/480664\/","title":{"rendered":"Alarm powietrzny na \u0141otwie. My\u015bliwce NATO zestrzeli\u0142y drona"},"content":{"rendered":"<p>Mo\u017cliwe zagro\u017cenie dla przestrzeni powietrznej og\u0142oszono w poniedzia\u0142ek rano w regionach Rze\u017cyca, Lucyn, Balvi i Aluksne na wschodzie kraju. Mieszka\u0144cy otrzymali w telefonach specjalny komunikat alarmowy.<\/p>\n<p> Dalszy ci\u0105g artyku\u0142u pod materia\u0142em wideo <\/p>\n<p>&#8222;Znajd\u017a bezpieczne miejsce schronienia, je\u015bli zauwa\u017cysz nisko lataj\u0105cy i podejrzany obiekt, nie zbli\u017caj si\u0119 do niego i dzwo\u0144 pod 112. Zostaniesz poinformowany\/a, gdy zagro\u017cenie minie&#8221; \u2014 brzmia\u0142o ostrze\u017cenie.<\/p>\n<p>Przestrze\u0144 powietrzna \u0141otwy naruszona. &#8222;Co najmniej jeden dron&#8221;<\/p>\n<p>Rzecznik \u0142otewskiej armii wskaza\u0142, \u017ce w przestrzeni powietrznej znalaz\u0142 si\u0119 &#8222;co najmniej jeden dron&#8221;. Do akcji zaanga\u017cowane zosta\u0142y my\u015bliwce NATO. Zestrzelenia dokona\u0142 francuski my\u015bliwiec z bazy w Szawlach.<\/p>\n<p>Dron zosta\u0142 zestrzelony mi\u0119dzy miejscowo\u015bciami Rze\u017cyca i Kors\u00f3wka, w rejonie Nautreni.<\/p>\n<p>Armia \u0141otwy przypomina\u0142a wcze\u015bniej, \u017ce dop\u00f3ki trwa agresja Rosji na Ukrain\u0119, to podobne incydenty mog\u0105 si\u0119 powtarza\u0107. Wschodnia cz\u0119\u015b\u0107 kraju jest szczeg\u00f3lnie nara\u017cona na incydenty zwi\u0105zane z dronami. 7 maja dwa ukrai\u0144skie bezza\u0142ogowce, wystrzelone przeciwko celom w Rosji, spad\u0142y na terytorium \u0141otwy i uszkodzi\u0142y magazyn ropy w mie\u015bcie Rze\u017cyca. Incydent nie spowodowa\u0142 ofiar.<\/p>\n","protected":false},"excerpt":{"rendered":"Mo\u017cliwe zagro\u017cenie dla przestrzeni powietrznej og\u0142oszono w poniedzia\u0142ek rano w regionach Rze\u017cyca, Lucyn, Balvi i Aluksne na wschodzie&hellip;\n","protected":false},"author":2,"featured_media":480665,"comment_status":"","ping_status":"","sticky":false,"template":"","format":"standard","meta":{"footnotes":"","_share_on_mastodon":"0"},"categories":[14],"tags":[61195,32,33,144,27,76,34,35,75,28,31,48,160,25,46,40,41,87,20922,47,80,29,30,415,26,82,83,84],"class_list":["post-480664","post","type-post","status-publish","format-standard","has-post-thumbnail","category-swiat","tag-bottomfeed_styl","tag-breaking-news","tag-breakingnews","tag-drony","tag-headlines","tag-inwazja_rosji_na_ukraine","tag-latest-news","tag-latestnews","tag-lotwa","tag-naglowki","tag-najwazniejsze-artykuly","tag-nat_styl","tag-nato","tag-news","tag-omp","tag-polish","tag-polski","tag-rosja","tag-ryga","tag-screening_general","tag-swiat","tag-top-stories","tag-topstories","tag-ukraina","tag-wiadomosci","tag-world","tag-world-news","tag-worldnews"],"share_on_mastodon":{"url":"","error":""},"_links":{"self":[{"href":"https:\/\/www.europesays.com\/pl\/wp-json\/wp\/v2\/posts\/480664","targetHints":{"allow":["GET"]}}],"collection":[{"href":"https:\/\/www.europesays.com\/pl\/wp-json\/wp\/v2\/posts"}],"about":[{"href":"https:\/\/www.europesays.com\/pl\/wp-json\/wp\/v2\/types\/post"}],"author":[{"embeddable":true,"href":"https:\/\/www.europesays.com\/pl\/wp-json\/wp\/v2\/users\/2"}],"replies":[{"embeddable":true,"href":"https:\/\/www.europesays.com\/pl\/wp-json\/wp\/v2\/comments?post=480664"}],"version-history":[{"count":0,"href":"https:\/\/www.europesays.com\/pl\/wp-json\/wp\/v2\/posts\/480664\/revisions"}],"wp:featuredmedia":[{"embeddable":true,"href":"https:\/\/www.europesays.com\/pl\/wp-json\/wp\/v2\/media\/480665"}],"wp:attachment":[{"href":"https:\/\/www.europesays.com\/pl\/wp-json\/wp\/v2\/media?parent=480664"}],"wp:term":[{"taxonomy":"category","embeddable":true,"href":"https:\/\/www.europesays.com\/pl\/wp-json\/wp\/v2\/categories?post=480664"},{"taxonomy":"post_tag","embeddable":true,"href":"https:\/\/www.europesays.com\/pl\/wp-json\/wp\/v2\/tags?post=480664"}],"curies":[{"name":"wp","href":"https:\/\/api.w.org\/{rel}","templated":true}]}}