{"id":480911,"date":"2026-06-08T12:14:13","date_gmt":"2026-06-08T12:14:13","guid":{"rendered":"https:\/\/www.europesays.com\/pl\/480911\/"},"modified":"2026-06-08T12:14:13","modified_gmt":"2026-06-08T12:14:13","slug":"pokazal-zdjecia-z-rysow-internauci-oburzeni-szkoda-koniec-pewnej-ery","status":"publish","type":"post","link":"https:\/\/www.europesays.com\/pl\/480911\/","title":{"rendered":"Pokaza\u0142 zdj\u0119cia z Rys\u00f3w. Internauci oburzeni. &#8222;Szkoda. Koniec pewnej ery&#8221;"},"content":{"rendered":"<p>Na facebookowej grupie &#8222;Tatromaniacy&#8221;, kt\u00f3ra zrzesza ju\u017c blisko 900 tys. os\u00f3b, pojawi\u0142 si\u0119 wpis, kt\u00f3ry szybko wywo\u0142a\u0142 ogromne poruszenie w\u015br\u00f3d mi\u0142o\u015bnik\u00f3w g\u00f3r.<\/p>\n<p> Dalszy ci\u0105g artyku\u0142u pod materia\u0142em wideo <\/p>\n<p>Jeden z u\u017cytkownik\u00f3w opublikowa\u0142 por\u00f3wnanie zdj\u0119\u0107 wykonanych przy schronisku pod Rysami na S\u0142owacji. Na fotografii z lipca 2025 r. wida\u0107 jeszcze stoj\u0105c\u0105 star\u0105 toalet\u0119. Na drugim kadrze, wykonanym w czerwcu 2026 r., obiektu ju\u017c nie ma.<\/p>\n<blockquote class=\"ods-o-quote\">\n<p class=\"ods-o-quote__paragraph\">Stare WC przy schronisku pod Rysami na S\u0142owacji zosta\u0142o zlikwidowane<\/p>\n<\/blockquote>\n<p>\u2014 czytamy w opisie.<\/p>\n<p>Pokaza\u0142 zdj\u0119cia z Rys\u00f3w. Internauci w szoku<\/p>\n<p>Na reakcj\u0119 internaut\u00f3w nie trzeba by\u0142o d\u0142ugo czeka\u0107. Wpis szybko wywo\u0142a\u0142 gor\u0105c\u0105 dyskusj\u0119.<\/p>\n<p>&#8222;Znikn\u0119\u0142a cz\u0119\u015b\u0107 historii&#8230;&#8221;, &#8222;Szkoda. Mia\u0142o klimat&#8221;, &#8222;Szkoda, bo by\u0142 pewnego rodzajem symbolem tego miejsca&#8221;, &#8222;Wspomnienia zostan\u0105, zw\u0142aszcza te zapachowe&#8221;, &#8222;Nigdy nie s\u0105dzi\u0142am, \u017ce b\u0119d\u0119 si\u0119 cieszy\u0107 z tego, i\u017c zd\u0105\u017cy\u0142am skorzysta\u0107 z toalety, zanim j\u0105 zlikwidowali&#8221;, &#8222;Szkoda. Koniec pewnej ery&#8221; \u2014 pisz\u0105.<\/p>\n<p>&#8222;Szkoda, przecie\u017c mogli po prostu zamkn\u0105\u0107 drzwi np. na k\u0142\u00f3dk\u0119 lub po prostu zabi\u0107 gwo\u017adziami, ale zostawi\u0107 jako relikt wspomnieniowy&#8221;, &#8222;Kurde, szkoda, nie uda\u0142o mi si\u0119 skorzysta\u0107&#8221;, &#8222;Mini apartament z widokiem&#8221;, &#8222;Jak mogli!&#8221;, &#8222;To by\u0142o kultowe miejsce&#8221;, &#8222;Szkoda&#8221; \u2014 dodaj\u0105 kolejni.<\/p>\n<p>     <img class=\"ods-a-photo ods-a-photo--background\" src=\"https:\/\/www.europesays.com\/pl\/wp-content\/uploads\/2026\/06\/G9Nk9lBaHR0cHM6Ly9vY2RuLmV1L3B1bHNjbXMvTURBXy8xYzRhYzllODE1YTVmZDc5MTMzMjU0ZGNkYzVmYzQ2YS5qcGeRkwXNB.jpeg\" height=\"530\" width=\"940\" alt=\"Wpis opublikowany na facebookowej grupie Tatromaniacy\" loading=\"lazy\" fetchpriority=\"auto\" decoding=\"auto\"\/>    <\/p>\n<p>Facebook\/grupa &#8222;Tatromaniacy&#8221;<\/p>\n<p>  Wpis opublikowany na facebookowej grupie Tatromaniacy  <\/p>\n","protected":false},"excerpt":{"rendered":"Na facebookowej grupie &#8222;Tatromaniacy&#8221;, kt\u00f3ra zrzesza ju\u017c blisko 900 tys. os\u00f3b, pojawi\u0142 si\u0119 wpis, kt\u00f3ry szybko wywo\u0142a\u0142 ogromne&hellip;\n","protected":false},"author":2,"featured_media":480912,"comment_status":"","ping_status":"","sticky":false,"template":"","format":"standard","meta":{"footnotes":"","_share_on_mastodon":"0"},"categories":[20],"tags":[210,61195,48,120,118,119,46,55,42,38,40,39,41,116,114,115,47,596,3492,121,117],"class_list":["post-480911","post","type-post","status-publish","format-standard","has-post-thumbnail","category-nauka-i-technika","tag-aktualnosci","tag-bottomfeed_styl","tag-nat_styl","tag-nauka","tag-nauka-i-technika","tag-naukatechnika","tag-omp","tag-phx","tag-pl","tag-poland","tag-polish","tag-polska","tag-polski","tag-science","tag-science-and-technology","tag-sciencetechnology","tag-screening_general","tag-slowacja","tag-tatry","tag-technika","tag-technology"],"share_on_mastodon":{"url":"https:\/\/pubeurope.com\/@pl\/116714436376723344","error":""},"_links":{"self":[{"href":"https:\/\/www.europesays.com\/pl\/wp-json\/wp\/v2\/posts\/480911","targetHints":{"allow":["GET"]}}],"collection":[{"href":"https:\/\/www.europesays.com\/pl\/wp-json\/wp\/v2\/posts"}],"about":[{"href":"https:\/\/www.europesays.com\/pl\/wp-json\/wp\/v2\/types\/post"}],"author":[{"embeddable":true,"href":"https:\/\/www.europesays.com\/pl\/wp-json\/wp\/v2\/users\/2"}],"replies":[{"embeddable":true,"href":"https:\/\/www.europesays.com\/pl\/wp-json\/wp\/v2\/comments?post=480911"}],"version-history":[{"count":0,"href":"https:\/\/www.europesays.com\/pl\/wp-json\/wp\/v2\/posts\/480911\/revisions"}],"wp:featuredmedia":[{"embeddable":true,"href":"https:\/\/www.europesays.com\/pl\/wp-json\/wp\/v2\/media\/480912"}],"wp:attachment":[{"href":"https:\/\/www.europesays.com\/pl\/wp-json\/wp\/v2\/media?parent=480911"}],"wp:term":[{"taxonomy":"category","embeddable":true,"href":"https:\/\/www.europesays.com\/pl\/wp-json\/wp\/v2\/categories?post=480911"},{"taxonomy":"post_tag","embeddable":true,"href":"https:\/\/www.europesays.com\/pl\/wp-json\/wp\/v2\/tags?post=480911"}],"curies":[{"name":"wp","href":"https:\/\/api.w.org\/{rel}","templated":true}]}}