{"id":481004,"date":"2026-06-08T13:03:10","date_gmt":"2026-06-08T13:03:10","guid":{"rendered":"https:\/\/www.europesays.com\/pl\/481004\/"},"modified":"2026-06-08T13:03:10","modified_gmt":"2026-06-08T13:03:10","slug":"piotr-arak-polska-rosnie-szybko-ale-nad-gospodarka-wisi-widmo-inflacji-i-wysokiego-deficytu","status":"publish","type":"post","link":"https:\/\/www.europesays.com\/pl\/481004\/","title":{"rendered":"Piotr Arak: Polska ro\u015bnie szybko, ale nad gospodark\u0105 wisi widmo inflacji i wysokiego deficytu"},"content":{"rendered":"<p>\n                                Polska pozostaje jednym z lider\u00f3w wzrostu gospodarczego w Unii Europejskiej, jednak dobre wyniki nie powinny przes\u0142ania\u0107 rosn\u0105cych zagro\u017ce\u0144. Inflacja, napi\u0119cia geopolityczne, s\u0142abo\u015b\u0107 niemieckiego przemys\u0142u oraz coraz wy\u017cszy deficyt publiczny mog\u0105 w kolejnych miesi\u0105cach wyra\u017anie ograniczy\u0107 tempo rozwoju \u2013 ocenia Piotr Arak, g\u0142\u00f3wny ekonomista VeloBanku.\n                            <\/p>\n<p>Rozmowa odby\u0142a si\u0119 w studiu My Company Polska podczas Europejskiego Kongresu Finansowego w Sopocie. Zdaniem Piotra Araka polska gospodarka w po\u0142owie 2026 roku znajduje si\u0119 w relatywnie dobrej kondycji. Wzrost PKB pozostaje jednym z najwy\u017cszych w Unii Europejskiej, a koniunktur\u0119 wspieraj\u0105 mi\u0119dzy innymi du\u017ce wydatki publiczne oraz \u015brodki z Krajowego Planu Odbudowy.<\/p>\n<p>Ekonomista podkre\u015bla jednak, \u017ce nie ka\u017cdy wydatek pa\u0144stwa w takim samym stopniu nap\u0119dza krajow\u0105 gospodark\u0119. Inwestycje obronne s\u0105 cz\u0119sto bardzo importoch\u0142onne, co oznacza, \u017ce znaczna cz\u0119\u015b\u0107 przeznaczonych na nie pieni\u0119dzy trafia za granic\u0119. Inaczej wygl\u0105da sytuacja w przypadku funduszy z KPO, kt\u00f3re mog\u0105 silniej prze\u0142o\u017cy\u0107 si\u0119 na inwestycje i wzrost gospodarczy w Polsce.<\/p>\n<p>\u2013 W przypadku wydatk\u00f3w zbrojeniowych czasem mo\u017ce by\u0107 tak, \u017ce wydajemy z\u0142ot\u00f3wk\u0119, a widzimy realnej warto\u015bci 50 groszy, bo one s\u0105 bardzo importoch\u0142onne \u2013 wyja\u015bnia g\u0142\u00f3wny ekonomista VeloBanku. <\/p>\n<p>Inflacja zn\u00f3w mo\u017ce sta\u0107 si\u0119 problemem<\/p>\n<p>Jednym z najwi\u0119kszych zagro\u017ce\u0144 pozostaje inflacja. Rosn\u0105ce ceny ropy, konflikty na Bliskim Wschodzie oraz ryzyko wzrostu koszt\u00f3w energii mog\u0105 prze\u0142o\u017cy\u0107 si\u0119 na dro\u017csz\u0105 \u017cywno\u015b\u0107, transport i ogrzewanie. W takim otoczeniu Narodowy Bank Polski ma ograniczone mo\u017cliwo\u015bci dalszego obni\u017cania st\u00f3p procentowych.<\/p>\n<p>\u2013 To jest inflacja, kt\u00f3r\u0105 importujemy. Wi\u0119cej p\u0142acimy za paliwa \u2013 m\u00f3wi Arak, wskazuj\u0105c na bezpo\u015bredni wp\u0142yw sytuacji geopolitycznej na ceny w Polsce. <\/p>\n<p>Ekonomista przestrzega, \u017ce skutki dro\u017cszej energii mog\u0105 by\u0107 widoczne z op\u00f3\u017anieniem.<\/p>\n<p>\u2013 Jesieni\u0105 mo\u017cemy zobaczy\u0107 dro\u017csz\u0105 \u017cywno\u015b\u0107, a przez dro\u017csz\u0105 energi\u0119 wi\u0119cej zap\u0142acimy za ogrzewanie domu \u2013 ocenia.<br \/>\nPolska liderem tak\u017ce w niechlubnym rankingu<\/p>\n<p>Arak zwraca r\u00f3wnie\u017c uwag\u0119 na stan finans\u00f3w publicznych. Polska znajduje si\u0119 w\u015br\u00f3d pa\u0144stw Unii Europejskiej z najwy\u017cszym deficytem sektora general government, obejmuj\u0105cego bud\u017cet pa\u0144stwa i fundusze celowe.<\/p>\n<p>\u2013 Jeste\u015bmy tak\u017ce liderem deficytu. Mo\u017cemy sobie wr\u0119czy\u0107 statuetk\u0119 w rankingu, w kt\u00f3rym pewnie nie chcieliby\u015bmy znajdowa\u0107 si\u0119 na czele \u2013 zauwa\u017ca ekonomista. <\/p>\n<p>Utrzymywanie kolejnych mechanizm\u00f3w os\u0142onowych mo\u017ce by\u0107 politycznie atrakcyjne, szczeg\u00f3lnie przed wyborami, ale jednocze\u015bnie coraz bardziej ogranicza przestrze\u0144 do reagowania na przysz\u0142e kryzysy.<\/p>\n<p>W rozmowie poruszono r\u00f3wnie\u017c temat sztucznej inteligencji. Zdaniem g\u0142\u00f3wnego ekonomisty VeloBanku Europa pozostaje daleko za Stanami Zjednoczonymi w rozwoju us\u0142ug cyfrowych i infrastruktury AI. Sztuczna inteligencja ju\u017c zmienia bankowo\u015b\u0107, szczeg\u00f3lnie spos\u00f3b kontaktu klienta z aplikacj\u0105 i obs\u0142ug\u0105 bankow\u0105, ale nie musi oznacza\u0107 ca\u0142kowitego znikni\u0119cia doradc\u00f3w. Du\u017cym wyzwaniem dla dalszego rozwoju technologii b\u0119d\u0105 natomiast koszty energii i uzale\u017cnienie firm od dominuj\u0105cych dostawc\u00f3w modeli j\u0119zykowych.<\/p>\n<p>\u2013 W Polsce jest nie\u017ale, w innych krajach gorzej. Oby by\u0142o lepiej i nie ros\u0142a nam inflacja \u2013 podsumowuje Piotr Arak. <\/p>\n<p>Ca\u0142\u0105 rozmow\u0119 z Piotrem Arakiem, g\u0142\u00f3wnym ekonomist\u0105 VeloBanku, przeprowadzon\u0105 podczas Europejskiego Kongresu Finansowego w Sopocie, mo\u017cna obejrze\u0107 w materiale wideo My Company Polska.<\/p>\n","protected":false},"excerpt":{"rendered":"Polska pozostaje jednym z lider\u00f3w wzrostu gospodarczego w Unii Europejskiej, jednak dobre wyniki nie powinny przes\u0142ania\u0107 rosn\u0105cych zagro\u017ce\u0144.&hellip;\n","protected":false},"author":2,"featured_media":481005,"comment_status":"","ping_status":"","sticky":false,"template":"","format":"standard","meta":{"footnotes":"","_share_on_mastodon":"0"},"categories":[12],"tags":[92033,2623,5417,42,38,40,39,41],"class_list":["post-481004","post","type-post","status-publish","format-standard","has-post-thumbnail","category-polska","tag-ekonomia-jutra","tag-inflacja","tag-pkb","tag-pl","tag-poland","tag-polish","tag-polska","tag-polski"],"share_on_mastodon":{"url":"https:\/\/pubeurope.com\/@pl\/116714629180239896","error":""},"_links":{"self":[{"href":"https:\/\/www.europesays.com\/pl\/wp-json\/wp\/v2\/posts\/481004","targetHints":{"allow":["GET"]}}],"collection":[{"href":"https:\/\/www.europesays.com\/pl\/wp-json\/wp\/v2\/posts"}],"about":[{"href":"https:\/\/www.europesays.com\/pl\/wp-json\/wp\/v2\/types\/post"}],"author":[{"embeddable":true,"href":"https:\/\/www.europesays.com\/pl\/wp-json\/wp\/v2\/users\/2"}],"replies":[{"embeddable":true,"href":"https:\/\/www.europesays.com\/pl\/wp-json\/wp\/v2\/comments?post=481004"}],"version-history":[{"count":0,"href":"https:\/\/www.europesays.com\/pl\/wp-json\/wp\/v2\/posts\/481004\/revisions"}],"wp:featuredmedia":[{"embeddable":true,"href":"https:\/\/www.europesays.com\/pl\/wp-json\/wp\/v2\/media\/481005"}],"wp:attachment":[{"href":"https:\/\/www.europesays.com\/pl\/wp-json\/wp\/v2\/media?parent=481004"}],"wp:term":[{"taxonomy":"category","embeddable":true,"href":"https:\/\/www.europesays.com\/pl\/wp-json\/wp\/v2\/categories?post=481004"},{"taxonomy":"post_tag","embeddable":true,"href":"https:\/\/www.europesays.com\/pl\/wp-json\/wp\/v2\/tags?post=481004"}],"curies":[{"name":"wp","href":"https:\/\/api.w.org\/{rel}","templated":true}]}}