{"id":481190,"date":"2026-06-08T14:50:47","date_gmt":"2026-06-08T14:50:47","guid":{"rendered":"https:\/\/www.europesays.com\/pl\/481190\/"},"modified":"2026-06-08T14:50:47","modified_gmt":"2026-06-08T14:50:47","slug":"absl-summit-2026-najwazniejsze-wydarzenie-biznesowe-w-europie-juz-wkrotce-we-wroclawiu","status":"publish","type":"post","link":"https:\/\/www.europesays.com\/pl\/481190\/","title":{"rendered":"ABSL Summit 2026 &#8211; najwa\u017cniejsze wydarzenie biznesowe w Europie, ju\u017c wkr\u00f3tce we Wroc\u0142awiu!"},"content":{"rendered":"<p>ABSL Summit 2026 odb\u0119dzie si\u0119 we wroc\u0142awskiej Hali Stulecia<\/p>\n<p>fot. RW<\/p>\n<p>Wroc\u0142aw od lat pozostaje jednym z kluczowych o\u015brodk\u00f3w polskiego sektora nowoczesnych us\u0142ug biznesowych. W mie\u015bcie dzia\u0142a ponad 200 centr\u00f3w us\u0142ug, IT i nowych technologii, zatrudniaj\u0105cych \u0142\u0105cznie ponad 70 tys. os\u00f3b. Ten potencja\u0142 sprawi\u0142, \u017ce organizatorzy ABSL Summit po raz pierwszy zdecydowali si\u0119 zorganizowa\u0107 forum w stolicy Dolnego \u015al\u0105ska.<\/p>\n<p style=\"text-align: justify;\">Wroc\u0142aw jest jednym z lider\u00f3w nowych technologii i sztucznej inteligencji, co potwierdzaj\u0105 mi\u0119dzynarodowe rankingi, m.in. Oxford Economics i Financial Times a organizacja ABSL Summit 2026, najwa\u017cniejszego wydarzenia sektora us\u0142ug biznesowych w Europie, b\u0119dzie kolejnym potwierdzeniem tej pozycji dla rozwoju przedsi\u0119biorczo\u015bci we Wroc\u0142awiu, podkre\u015bla Marcin Urban, skarbnik miasta:<\/p>\n<p style=\"text-align: justify;\">&#8211; Nie tylko talenty, nie tylko jakby ta infrastruktura, ale te\u017c jakby przyjazno\u015b\u0107 miasta i przyjazno\u015b\u0107 ludzi tutaj, mieszka\u0144c\u00f3w, mamy t\u0105 charakterystyk\u0119 tak\u0105 bardzo pozytywn\u0105, to te\u017c przyci\u0105ga ten biznes. I to wszystko powoduje, \u017ce wed\u0142ug tych ranking\u00f3w Wroc\u0142aw b\u0119dzie wzrasta\u0142 w por\u00f3wnaniu z innymi miastami europejskimi.<\/p>\n<p style=\"text-align: justify;\">\n<p>&#13;<br \/>\n\t\t\t\t\t\t\t\t\t\tAby ods\u0142ucha\u0107 za\u0142\u0105czonego d\u017awi\u0119ku zaktualizuj przegl\u0105dark\u0119 lub\/i wtyczk\u0119 Adobe Flash Player.&#13;\n\t\t\t\t\t\t\t\t\t<\/p>\n<\/p>\n<p style=\"text-align: justify;\">W dniach 17\u201319 czerwca w Hali Stulecia po raz pierwszy Wroc\u0142aw b\u0119dzie gospodarzem takiego wydarzenia. Do miasta przyjedzie oko\u0142o 1500 przedstawicieli biznesu, nauki i administracji. Program obejmuje dyskusje po\u015bwi\u0119cone talentom, nowym technologiom, sztucznej inteligencji oraz transformacji gospodarki.<\/p>\n<p style=\"text-align: justify;\">Go\u015bciem specjalnym b\u0119dzie laureat Nagrody Nobla i jeden z pionier\u00f3w rozwoju AI, prof. Geoffrey Hinton.<\/p>\n<p style=\"text-align: justify;\">&#8211; Wroc\u0142aw jest trzecim pod wzgl\u0119dem wielko\u015bci zatrudnienia miejscem w Polsce. Ma ogromny potencja\u0142 wzrostu. Przez lata Wroc\u0142aw by\u0142 i nadal jest liderem, je\u015bli chodzi o te elementy sektora, kt\u00f3re dotycz\u0105 technologii i wykorzystaniu tej\u017ce technologii, a ostatnio r\u00f3wnie\u017c sztucznej inteligencji w \u015bwiadczeniu us\u0142ug dla biznesu &#8211; podkre\u015bla Janusz Dziurzy\u0144ski, prezes ABSL w Polsce.<\/p>\n<p>&#13;<br \/>\n\t\t\t\t\t\t\t\t\t\tAby ods\u0142ucha\u0107 za\u0142\u0105czonego d\u017awi\u0119ku zaktualizuj przegl\u0105dark\u0119 lub\/i wtyczk\u0119 Adobe Flash Player.&#13;\n\t\t\t\t\t\t\t\t\t<\/p>\n<p style=\"text-align: justify;\">Do stolicy Dolnego \u015al\u0105ska przyjad\u0105 przedstawiciele najwi\u0119kszych \u015bwiatowych firm, inwestorzy, ekonomi\u015bci, naukowcy i przedstawiciele administracji publicznej. Program wydarzenia b\u0119dzie koncentrowa\u0142 si\u0119 na talentach, technologiach oraz transformacji biznesu w czasach dynamicznych zmian gospodarczych.<\/p>\n","protected":false},"excerpt":{"rendered":"ABSL Summit 2026 odb\u0119dzie si\u0119 we wroc\u0142awskiej Hali Stulecia fot. RW Wroc\u0142aw od lat pozostaje jednym z kluczowych&hellip;\n","protected":false},"author":2,"featured_media":481191,"comment_status":"","ping_status":"","sticky":false,"template":"","format":"standard","meta":{"footnotes":"","_share_on_mastodon":"0"},"categories":[51607],"tags":[11255,92081,92083,83219,52664,75983,25,42,38,40,39,41,92082,31600,55110,64048,1853,55111,22920],"class_list":["post-481190","post","type-post","status-publish","format-standard","has-post-thumbnail","category-wroclaw","tag-11255","tag-absl","tag-biznesowe","tag-europie","tag-juz","tag-najwazniejsze","tag-news","tag-pl","tag-poland","tag-polish","tag-polska","tag-polski","tag-summit","tag-w","tag-we","tag-wkrotce","tag-wroclaw","tag-wroclawiu","tag-wydarzenie"],"share_on_mastodon":{"url":"https:\/\/pubeurope.com\/@pl\/116715049956389818","error":""},"_links":{"self":[{"href":"https:\/\/www.europesays.com\/pl\/wp-json\/wp\/v2\/posts\/481190","targetHints":{"allow":["GET"]}}],"collection":[{"href":"https:\/\/www.europesays.com\/pl\/wp-json\/wp\/v2\/posts"}],"about":[{"href":"https:\/\/www.europesays.com\/pl\/wp-json\/wp\/v2\/types\/post"}],"author":[{"embeddable":true,"href":"https:\/\/www.europesays.com\/pl\/wp-json\/wp\/v2\/users\/2"}],"replies":[{"embeddable":true,"href":"https:\/\/www.europesays.com\/pl\/wp-json\/wp\/v2\/comments?post=481190"}],"version-history":[{"count":0,"href":"https:\/\/www.europesays.com\/pl\/wp-json\/wp\/v2\/posts\/481190\/revisions"}],"wp:featuredmedia":[{"embeddable":true,"href":"https:\/\/www.europesays.com\/pl\/wp-json\/wp\/v2\/media\/481191"}],"wp:attachment":[{"href":"https:\/\/www.europesays.com\/pl\/wp-json\/wp\/v2\/media?parent=481190"}],"wp:term":[{"taxonomy":"category","embeddable":true,"href":"https:\/\/www.europesays.com\/pl\/wp-json\/wp\/v2\/categories?post=481190"},{"taxonomy":"post_tag","embeddable":true,"href":"https:\/\/www.europesays.com\/pl\/wp-json\/wp\/v2\/tags?post=481190"}],"curies":[{"name":"wp","href":"https:\/\/api.w.org\/{rel}","templated":true}]}}