{"id":48127,"date":"2025-10-14T08:59:08","date_gmt":"2025-10-14T08:59:08","guid":{"rendered":"https:\/\/www.europesays.com\/pl\/48127\/"},"modified":"2025-10-14T08:59:08","modified_gmt":"2025-10-14T08:59:08","slug":"problem-z-numerem-alarmowym-niektorzy-nie-moga-sie-dodzwonic","status":"publish","type":"post","link":"https:\/\/www.europesays.com\/pl\/48127\/","title":{"rendered":"Problem z numerem alarmowym. Niekt\u00f3rzy nie mog\u0105 si\u0119 dodzwoni\u0107"},"content":{"rendered":"<p><img decoding=\"async\" alt=\"Centrum Powiadamiania Ratunkowego w Olsztynie\" src=\"https:\/\/www.europesays.com\/pl\/wp-content\/uploads\/2025\/10\/1760432348_357_WEBP_LANDSCAPE_480.webp\" class=\"sc-1hpi2ez-6 hIHHkJy\"\/><\/p>\n<p>Awaria numeru alarmowego 112. Rzeczniczka MSWiA: usterka nie obejmuje ca\u0142ego kraju<\/p>\n<p>S\u0105 problemy z dodzwonieniem si\u0119 na numer alarmowy 112. Jak poinformowa\u0142a rzeczniczka MSWiA Karolina Ga\u0142ecka, &#8222;usterka nie obejmuje ca\u0142ego kraju&#8221;. Przekaza\u0142a r\u00f3wnie\u017c, \u017ce nie ma wiedzy o awarii numeru 999, o kt\u00f3rej donosi\u0142 wcze\u015bniej Karol Rymszewicz ze Zwi\u0105zku Zawodowego Operator\u00f3w Numer\u00f3w Alarmowych.<\/p>\n<p class=\"sc-aXZVgy sc-gEvEery ldavXXy dUmtgUy sc-iAfWlLy sc-lbldtAy gZyNBsy ilTObAy Paragraph TextBox\" part=\"Paragraph TextBox\" data-paragraph=\"\">Karol Rymszewicz przekaza\u0142 we wtorek, \u017ce obywatele potrzebuj\u0105cy pomocy maj\u0105 problem z dodzwonieniem si\u0119 na numery alarmowe 112 i 999. Zaznaczy\u0142, \u017ce niemo\u017cliwe jest wykonanie po\u0142\u0105czenia przez u\u017cytkownik\u00f3w niekt\u00f3rych telefonii kom\u00f3rkowych.<\/p>\n<p class=\"sc-aXZVgy sc-gEvEery ldavXXy dUmtgUy sc-iAfWlLy sc-lbldtAy gZyNBsy ilTObAy Paragraph TextBox\" part=\"Paragraph TextBox\" data-paragraph=\"\">&#8211; Z tego co wiem, powoli zaczyna wszystko wraca\u0107 do normy. Je\u015bli dalej b\u0119d\u0105 u kogo\u015b wyst\u0119powa\u0107 problemy, prosimy najlepiej dzwoni\u0107 na numery stacjonarne danych jednostek policji &#8211; poinformowa\u0142 Rymaszkiewicz przed godzin\u0105 10 w rozmowie z redakcj\u0105 <a href=\"https:\/\/kontakt24.tvn24.pl\/\" target=\"_blank\" class=\"ds-link\" rel=\"nofollow noopener\">Kontaktu24<\/a>.<\/p>\n<p>Rzeczniczka MSWiA: usterka nie obejmuje ca\u0142ego kraju<\/p>\n<p class=\"sc-aXZVgy sc-gEvEery ldavXXy dUmtgUy sc-iAfWlLy sc-lbldtAy gZyNBsy ilTObAy Paragraph TextBox\" part=\"Paragraph TextBox\" data-paragraph=\"\">Na antenie TVN24 rzeczniczka <a href=\"https:\/\/tvn24.pl\/tagi\/MSWiA\" target=\"_self\" data-salt=\"1\" class=\"ds-link\" rel=\"nofollow noopener\">MSWiA<\/a> Karolina Ga\u0142ecka potwierdzi\u0142a usterk\u0119 numeru alarmowego 112. &#8211; Uspokajam, ta usterka nie obejmuje ca\u0142ego kraju.\u00a0Niemniej jednak w niekt\u00f3rych wojew\u00f3dztwach\u00a0mo\u017ce wyst\u0119powa\u0107 problem z dodzwonieniem si\u0119 pod numer alarmowy 112 &#8211; powiedzia\u0142a.<\/p>\n<p class=\"sc-aXZVgy sc-gEvEery ldavXXy dUmtgUy sc-iAfWlLy sc-lbldtAy gZyNBsy ilTObAy Paragraph TextBox\" part=\"Paragraph TextBox\" data-paragraph=\"\">Jak przekaza\u0142a, zg\u0142oszenia w sprawie problem\u00f3w z dodzwonieniem si\u0119 na wspomniany numer pojawi\u0142y si\u0119 mi\u0119dzy innymi w wojew\u00f3dztwie pomorskim, \u015bwi\u0119tokrzyskim, lubelskim, opolskim i dolno\u015bl\u0105skim. Problemu nie zg\u0142aszali natomiast mieszka\u0144cy wojew\u00f3dztwa \u0142\u00f3dzkiego czy podlaskiego.<\/p>\n<p class=\"sc-aXZVgy sc-gEvEery ldavXXy dUmtgUy sc-iAfWlLy sc-lbldtAy gZyNBsy ilTObAy Paragraph TextBox\" part=\"Paragraph TextBox\" data-paragraph=\"\">&#8211; Staramy si\u0119 jak najszybciej\u00a0ustali\u0107 przyczyn\u0119 tej usterki.\u00a0Zaznaczam jeszcze, \u017ce w tych wojew\u00f3dztwach,\u00a0w kt\u00f3rych wyst\u0119puje problem z dodzwonieniem si\u0119\u00a0pod numer alarmowy 112, dotyczy on cz\u0119\u015bci sieci kom\u00f3rkowych &#8211; wyja\u015bni\u0142a.<\/p>\n<p class=\"sc-aXZVgy sc-gEvEery ldavXXy dUmtgUy sc-iAfWlLy sc-lbldtAy gZyNBsy ilTObAy Paragraph TextBox\" part=\"Paragraph TextBox\" data-paragraph=\"\">Ga\u0142ecka zach\u0119ci\u0142a r\u00f3wnie\u017c, aby w przypadku pilnej potrzeby dzwoni\u0107 na numer 999. &#8211; Nie mam informacji, \u017ceby na numer 999 nie mo\u017cna by\u0142o zg\u0142asza\u0107 kwestii alarmowych &#8211; powiedzia\u0142a.<\/p>\n<p class=\"sc-aXZVgy sc-gEvEery ldavXXy dUmtgUy sc-iAfWlLy sc-lbldtAy gZyNBsy ilTObAy sc-ieQsNBy sc-eJyalOy hMZhavy chukAly ArticleMetaItem Paragraph TextBox\" part=\"ArticleMetaItem Paragraph TextBox\">Autorka\/Autor: kgr\/ft<\/p>\n<p class=\"sc-aXZVgy sc-gEvEery ldavXXy dUmtgUy sc-iAfWlLy sc-lbldtAy gZyNBsy ilTObAy sc-ieQsNBy sc-eJyalOy hMZhavy chukAly ArticleMetaItem Paragraph TextBox\" part=\"ArticleMetaItem Paragraph TextBox\">\u0179r\u00f3d\u0142o: PAP, Kontakt24, TVN24<\/p>\n<p class=\"sc-aXZVgy sc-gEvEery ldavXXy dUmtgUy sc-iAfWlLy sc-lbldtAy gZyNBsy ilTObAy sc-ieQsNBy sc-eJyalOy hMZhavy chukAly ArticleMetaItem Paragraph TextBox\" part=\"ArticleMetaItem Paragraph TextBox\">\u0179r\u00f3d\u0142o zdj\u0119cia g\u0142\u00f3wnego: Tomasz Waszczuk\/PAP<\/p>\n","protected":false},"excerpt":{"rendered":"Awaria numeru alarmowego 112. Rzeczniczka MSWiA: usterka nie obejmuje ca\u0142ego kraju S\u0105 problemy z dodzwonieniem si\u0119 na numer&hellip;\n","protected":false},"author":2,"featured_media":48128,"comment_status":"","ping_status":"","sticky":false,"template":"","format":"standard","meta":{"footnotes":""},"categories":[12],"tags":[13283,13284,1455,32,33,36,37,27,34,35,1369,28,31,25,42,38,40,39,41,29,30,26],"class_list":{"0":"post-48127","1":"post","2":"type-post","3":"status-publish","4":"format-standard","5":"has-post-thumbnail","7":"category-polska","8":"tag-keyworddodzwoniec","9":"tag-keywordnumer","10":"tag-keywordproblem","11":"tag-breaking-news","12":"tag-breakingnews","13":"tag-featured-news","14":"tag-featurednews","15":"tag-headlines","16":"tag-latest-news","17":"tag-latestnews","18":"tag-maintrue","19":"tag-naglowki","20":"tag-najwazniejsze-artykuly","21":"tag-news","22":"tag-pl","23":"tag-poland","24":"tag-polish","25":"tag-polska","26":"tag-polski","27":"tag-top-stories","28":"tag-topstories","29":"tag-wiadomosci"},"share_on_mastodon":{"url":"","error":""},"_links":{"self":[{"href":"https:\/\/www.europesays.com\/pl\/wp-json\/wp\/v2\/posts\/48127","targetHints":{"allow":["GET"]}}],"collection":[{"href":"https:\/\/www.europesays.com\/pl\/wp-json\/wp\/v2\/posts"}],"about":[{"href":"https:\/\/www.europesays.com\/pl\/wp-json\/wp\/v2\/types\/post"}],"author":[{"embeddable":true,"href":"https:\/\/www.europesays.com\/pl\/wp-json\/wp\/v2\/users\/2"}],"replies":[{"embeddable":true,"href":"https:\/\/www.europesays.com\/pl\/wp-json\/wp\/v2\/comments?post=48127"}],"version-history":[{"count":0,"href":"https:\/\/www.europesays.com\/pl\/wp-json\/wp\/v2\/posts\/48127\/revisions"}],"wp:featuredmedia":[{"embeddable":true,"href":"https:\/\/www.europesays.com\/pl\/wp-json\/wp\/v2\/media\/48128"}],"wp:attachment":[{"href":"https:\/\/www.europesays.com\/pl\/wp-json\/wp\/v2\/media?parent=48127"}],"wp:term":[{"taxonomy":"category","embeddable":true,"href":"https:\/\/www.europesays.com\/pl\/wp-json\/wp\/v2\/categories?post=48127"},{"taxonomy":"post_tag","embeddable":true,"href":"https:\/\/www.europesays.com\/pl\/wp-json\/wp\/v2\/tags?post=48127"}],"curies":[{"name":"wp","href":"https:\/\/api.w.org\/{rel}","templated":true}]}}