{"id":481321,"date":"2026-06-08T16:08:16","date_gmt":"2026-06-08T16:08:16","guid":{"rendered":"https:\/\/www.europesays.com\/pl\/481321\/"},"modified":"2026-06-08T16:08:16","modified_gmt":"2026-06-08T16:08:16","slug":"podsumowanie-sezonu-2025-2026-w-pluslidze-bogdanka-luk-lublin","status":"publish","type":"post","link":"https:\/\/www.europesays.com\/pl\/481321\/","title":{"rendered":"Podsumowanie sezonu 2025\/2026 w PlusLidze: BOGDANKA LUK Lublin"},"content":{"rendered":"<p>W przypadku BOGDANKI LUK-u Lublin potwierdzi\u0142o si\u0119 posiedzenie, \u017ce \u0142atwiej wej\u015b\u0107 na szczyt ni\u017c si\u0119 na nim utrzyma\u0107. Bior\u0105c jednak pod uwag\u0119 liczb\u0119 chor\u00f3b i kontuzji w zespole, wicemistrzostwo Polski jest bardzo dobrym wynikiem, co podkre\u015bla\u0142 trener Stephane Antiga.<\/p>\n<p>Najwi\u0119ksz\u0105 zmian\u0105 po mistrzowskim sezonie BOGDANKI LUK-u by\u0142o odej\u015bcie trenera Massimo Bottiego, kt\u00f3rego skusi\u0142a Asseco Resovia Rzesz\u00f3w. Nast\u0119pc\u0119 znaleziono szybko \u2013 po sze\u015bciu latach do pracy z m\u0119sk\u0105 dru\u017cyn\u0105 wr\u00f3ci\u0142 Stephane Antiga. Druga powa\u017cna zmiana by\u0142a niezale\u017cna, bo z powodu zarzut\u00f3w o stosowanie dopingu nie m\u00f3g\u0142 gra\u0107 Miko\u0142aj Sawicki. Okaza\u0142o si\u0119, \u017ce przyjmuj\u0105cy z Lublina jest niewinny, ale sezon praktycznie straci\u0142, a klub nie zdo\u0142a\u0142 znale\u017a\u0107 nast\u0119pcy o podobnej klasie.<\/p>\n<p>Ale to nie by\u0142o koniec problem\u00f3w mistrza Polski. Kolejnym by\u0142y kontuzje kluczowych zawodnik\u00f3w. Przede wszystkim przez wi\u0119kszo\u015b\u0107 rozgrywek trener nie m\u00f3g\u0142 liczy\u0107 na Kewina Sasaka, a przez pewien czas na uraz narzeka\u0142 tak\u017ce jego zmiennik Mateusz Malinowski. Dru\u017cyna musia\u0142a radzi\u0107 sobie graj\u0105c na trzech przyjmuj\u0105cych.<\/p>\n<p>Dwa trofea\u00a0BOGDANKI LUK-u<\/p>\n<p>Mimo k\u0142opot\u00f3w lubelski zesp\u00f3\u0142 radzi\u0142 sobie bardzo dobrze. Wilfredo Leon, Marcin Komenda i ich koledzy od dziewi\u0105tej do 15. kolejki zajmowali pierwsze miejsce w tabeli, w Lidze Mistrz\u00f3w byli niepokonani i przede wszystkim w \u015bwietnym stylu zdobyli AL-KO Superpuchar Polski i TAURON Puchar Polski. W tym czasie przegrali tylko dwa spotkania \u2013 z PGE GiEK Skr\u0105 Be\u0142chat\u00f3w i Asseco Resovi\u0105 Rzesz\u00f3w. Trzeciej pora\u017cki BOGDANKA LUK dozna\u0142a w 16. kolejce, kiedy po zdobyciu Pucharu Polski trener Antiga wystawi\u0142 rezerwy na InPost ChKS Che\u0142m (1:3).<\/p>\n<p><img decoding=\"async\" class=\"  wgimage\" src=\"https:\/\/www.europesays.com\/pl\/wp-content\/uploads\/2026\/06\/954A0237.jpg\" alt=\"\"\/><\/p>\n<p>P\u00f3\u017aniej lublinianie zrewan\u017cowali si\u0119 PGE GiEK Skrze, by przegra\u0107 trzy razy z rz\u0119du i spa\u015b\u0107 na trzeci\u0105 pozycj\u0119, kt\u00f3rej nie poprawili na koniec rundy zasadniczej.<\/p>\n<p>Ma\u0142y kryzys, spowodowany k\u0142opotami zdrowotnymi, kosztowa\u0142 te\u017c BOGDANK\u0118 LUK odpadni\u0119cie z Ligi Mistrz\u00f3w. Na drodze lubelskiego zespo\u0142u stan\u0105\u0142 w \u0107wier\u0107finale PGE Projekt Warszawa, kt\u00f3rego lublinianie dwukrotnie czterokrotnie pokonali w lidze.<\/p>\n<p><img decoding=\"async\" class=\"  wgimage\" src=\"https:\/\/www.europesays.com\/pl\/wp-content\/uploads\/2026\/06\/lublin-1.jpg\" alt=\"\"\/><\/p>\n<p>W play-offach Leon i jego koledzy najpierw bez problem\u00f3w odprawili PGE GiEK Skr\u0119, a w p\u00f3\u0142finale zrewan\u017cowali si\u0119 PGE Projektowi, dwukrotnie zwyci\u0119\u017caj\u0105c po 3:1.<\/p>\n<p>Po pierwszym spotkaniu fina\u0142owym wydawa\u0142o si\u0119, \u017ce Aluron CMC Warta Zawiercie \u0142atwo si\u0119gnie po tytu\u0142, bowiem zmia\u017cd\u017cy\u0142a obro\u0144c\u0119 tytu\u0142u. Ale podopieczni trenera Antigi pokazali charakter i klas\u0119, wygrywaj\u0105c dwa kolejce spotkania. I gdy wydawa\u0142o si\u0119, \u017ce s\u0105 o krok od drugiego mistrzostwa, przegrali czwarty mecz w hali Globus i decyduj\u0105cy w Sosnowcu. Warto jednak doda\u0107, \u017ce szkoleniowiec BOGDANKI nie m\u00f3g\u0142 korzysta\u0107 z Hilira Henno, a Sasak wchodzi\u0142 tylko na kr\u00f3tkie zmiany.<\/p>\n<p>\u00a0Antiga dumny z dru\u017cyny<\/p>\n<p><a href=\"https:\/\/www.plusliga.pl\/news,stephane-antiga-po-finalach-plusligi-jestem-dumny-z-mojej-druzyny.html\" rel=\"nofollow noopener\" target=\"_blank\">Trener Antiga podkre\u015bla\u0142 jednak, \u017ce jest dumny z dru\u017cyny, kt\u00f3ra zosta\u0142a wicemistrzem Polski mimo wielkich problem\u00f3w<\/a>:\u00a0<\/p>\n<p>&#13;<\/p>\n<p>Ciekawie by\u0142oby policzy\u0107, ile konfiguracji sk\u0142adu mieli\u015bmy. By\u0142 czas, w kt\u00f3rym nie mieli\u015bmy do dyspozycji \u017cadnego atakuj\u0105cego, przez chwil\u0119 gra\u0142 drugi rozgrywaj\u0105cy, kontuzje mieli przyjmuj\u0105cy. Tak naprawd\u0119 przez ca\u0142y czas zdrowi byli tylko nasi czterej \u015brodkowi. By\u0142o bardzo ma\u0142o trening\u00f3w, podczas kt\u00f3rych mieli\u015bmy 14 zdrowych zawodnik\u00f3w. Pracowali\u015bmy tak, jak by\u0142o mo\u017cna, ale \u0142atwo na pewno nie by\u0142o \u2013 m\u00f3wi\u0142 po fina\u0142ach. &#8211; \u00a0Jestem dumny z tego, \u017ce walczyli\u015bmy, \u017ce potrafili\u015bmy gra\u0107 na bardzo wysokim poziomie. A wcze\u015bniej zdobyli\u015bmy Superpuchar i Puchar Polski. Bardzo dobra by\u0142a te\u017c Liga Mistrz\u00f3w, gdzie w grupie wygrali\u015bmy wszystkie sze\u015b\u0107 mecz\u00f3w. To by\u0142 \u015bwietny sezon, kt\u00f3rym m\u00f3g\u0142by by\u0107 historycznym z trzema trofeami.\u00a0<\/p>\n<p>&#13;<\/p>\n<p>BOGDANKA LUK mia\u0142a siln\u0105 kadr\u0119, ale najwa\u017cniejsi byli liderzy. Komenda nie tylko \u015bwietnie rozgrywa\u0142, ale by\u0142 tak\u017ce prawdziwym kapitanem dru\u017cyny, podrywaj\u0105cym koleg\u00f3w do walki. R\u00f3\u017cnic\u0119 robi\u0142 oczywi\u015bcie Leon, kt\u00f3ry siedem razy by\u0142 MVP meczu, drugim przyjmuj\u0105cym PlusLigi, trzecim atakuj\u0105cym i najlepiej serwuj\u0105cym zawodnikiem. Ranking najlepiej blokuj\u0105cych wygra\u0142 Aleks Grozdanov. Znakomicie prezentowa\u0142 si\u0119 Malinowski, sze\u015bciokrotnie wybierany na najlepszego gracza spotkania.<\/p>\n<p><img decoding=\"async\" class=\"  wgimage\" src=\"https:\/\/www.europesays.com\/pl\/wp-content\/uploads\/2026\/06\/lublin1.jpg\" alt=\"\"\/><\/p>\n<p>Przysz\u0142o\u015b\u0107 w jasnych barwach<\/p>\n<p>W Lublinie zanosi si\u0119 na sporo zmian. Zostaj\u0105 kluczowi gracze, ale ju\u017c wiadomo, \u017ce dojd\u0105 dwaj reprezentanci Japonii: Ran Takahashi i Tomohiro Ogawa. Z podstawowych zawodnik\u00f3w nie b\u0119dzie Thalessa Hossa, kt\u00f3ry opuszcza dru\u017cyn\u0119 po trzech sezonach, a tak\u017ce \u015brodkowego Fynniana McCarthy\u2019ego. BOGDANKA LUK zn\u00f3w b\u0119dzie wi\u0119c jednym z faworyt\u00f3w do tytu\u0142u.<\/p>\n<p><a href=\"https:\/\/www.plusliga.pl\/news,jaka-bedzie-plusliga-20262027-oficjalne-transfery-i-zmiany-w-kadrach-klubowych.html\" rel=\"nofollow noopener\" target=\"_blank\">LISTA TRANSFEROWA KLUB\u00d3W PLUSLIGI<\/a><\/p>\n<p>\t\t\t<a class=\"btn btn-default btn-back\" href=\"https:\/\/www.plusliga.pl\/message\/section\/news.html\" rel=\"nofollow noopener\" target=\"_blank\">Powr\u00f3t do listy<\/a><\/p>\n<p>\n        Powi\u0105zane informacje\n    <\/p>\n<p>\n        POWI\u0104ZANE WIADOMO\u015aCI\n    <\/p>\n","protected":false},"excerpt":{"rendered":"W przypadku BOGDANKI LUK-u Lublin potwierdzi\u0142o si\u0119 posiedzenie, \u017ce \u0142atwiej wej\u015b\u0107 na szczyt ni\u017c si\u0119 na nim utrzyma\u0107.&hellip;\n","protected":false},"author":2,"featured_media":481322,"comment_status":"","ping_status":"","sticky":false,"template":"","format":"standard","meta":{"footnotes":"","_share_on_mastodon":"0"},"categories":[51612],"tags":[1081,4448,6243,42,6242,38,40,39,41,6244,131],"class_list":["post-481321","post","type-post","status-publish","format-standard","has-post-thumbnail","category-lublin","tag-lublin","tag-pilka","tag-pilka-siatkowa","tag-pl","tag-plusliga","tag-poland","tag-polish","tag-polska","tag-polski","tag-siatka","tag-siatkowka"],"share_on_mastodon":{"url":"https:\/\/pubeurope.com\/@pl\/116715356697753792","error":""},"_links":{"self":[{"href":"https:\/\/www.europesays.com\/pl\/wp-json\/wp\/v2\/posts\/481321","targetHints":{"allow":["GET"]}}],"collection":[{"href":"https:\/\/www.europesays.com\/pl\/wp-json\/wp\/v2\/posts"}],"about":[{"href":"https:\/\/www.europesays.com\/pl\/wp-json\/wp\/v2\/types\/post"}],"author":[{"embeddable":true,"href":"https:\/\/www.europesays.com\/pl\/wp-json\/wp\/v2\/users\/2"}],"replies":[{"embeddable":true,"href":"https:\/\/www.europesays.com\/pl\/wp-json\/wp\/v2\/comments?post=481321"}],"version-history":[{"count":0,"href":"https:\/\/www.europesays.com\/pl\/wp-json\/wp\/v2\/posts\/481321\/revisions"}],"wp:featuredmedia":[{"embeddable":true,"href":"https:\/\/www.europesays.com\/pl\/wp-json\/wp\/v2\/media\/481322"}],"wp:attachment":[{"href":"https:\/\/www.europesays.com\/pl\/wp-json\/wp\/v2\/media?parent=481321"}],"wp:term":[{"taxonomy":"category","embeddable":true,"href":"https:\/\/www.europesays.com\/pl\/wp-json\/wp\/v2\/categories?post=481321"},{"taxonomy":"post_tag","embeddable":true,"href":"https:\/\/www.europesays.com\/pl\/wp-json\/wp\/v2\/tags?post=481321"}],"curies":[{"name":"wp","href":"https:\/\/api.w.org\/{rel}","templated":true}]}}