{"id":481561,"date":"2026-06-08T18:34:11","date_gmt":"2026-06-08T18:34:11","guid":{"rendered":"https:\/\/www.europesays.com\/pl\/481561\/"},"modified":"2026-06-08T18:34:11","modified_gmt":"2026-06-08T18:34:11","slug":"duze-zmiany-w-jagiellonskich-rezerwach-odchodzi-szesciu-zawodnikow-sport-wiadomosci-bialystok-online-portal-miejski-bialystok-bialystok","status":"publish","type":"post","link":"https:\/\/www.europesays.com\/pl\/481561\/","title":{"rendered":"Du\u017ce zmiany w jagiello\u0144skich rezerwach. Odchodzi sze\u015bciu zawodnik\u00f3w, Sport, Wiadomo\u015bci Bia\u0142ystok Online Portal Miejski Bia\u0142ystok (Bialystok)"},"content":{"rendered":"\n<p>            <img decoding=\"async\" class=\"art-figimg\" src=\"https:\/\/www.europesays.com\/pl\/wp-content\/uploads\/2026\/06\/149559-e.jpg\" width=\"375\" height=\"250\" alt=\"Du\u017ce zmiany w jagiello\u0144skich rezerwach. Odchodzi sze\u015bciu zawodnik\u00f3w\" loading=\"lazy\" fetchpriority=\"high\"\/><br \/>\n            Fot: Jagiellonia Bia\u0142ystok<\/p>\n<p class=\"art-lid\">Po zako\u0144czeniu sezonu 2025\/2026 zesp\u00f3\u0142 Jagiellonii II Bia\u0142ystok opuszcza sze\u015bciu pi\u0142karzy. Z klubem \u017cegnaj\u0105 si\u0119 Dominik Kobus, Jakub Burkowski, Oskar Lipi\u0144ski, Artur Amrozi\u0144ski, Przemys\u0142aw Mystkowski oraz Jakub Jakimiuk.<\/p>\n<p class=\"art-cont\">Dominik Kobus jest jednym z zawodnik\u00f3w, kt\u00f3rzy przeszli w klubie pe\u0142n\u0105 \u015bcie\u017ck\u0119 szkoleniow\u0105. Do akademii trafi\u0142 w sezonie 2019\/2020 i systematycznie rozwija\u0142 si\u0119 w zespo\u0142ach m\u0142odzie\u017cowych. Z czasem przedosta\u0142 si\u0119 do rezerw, w kt\u00f3rych sta\u0142 si\u0119 jednym z wa\u017cniejszych defensor\u00f3w. W trakcie swojej obecno\u015bci w klubie Kobus mia\u0142 tak\u017ce okazj\u0119 uczestniczy\u0107 w treningach pierwszej dru\u017cyny, co by\u0142o kolejnym krokiem w jego rozwoju sportowym.<\/p>\n<p>Podobn\u0105 drog\u0119 przeszed\u0142 Jakub Burkowski, kt\u00f3ry do Bia\u0142egostoku przeni\u00f3s\u0142 si\u0119 z Warty Pozna\u0144 przed sezonem 2021\/2022. Pocz\u0105tkowo wyst\u0119powa\u0142 on w zespo\u0142ach juniorskich, jednak szybko do\u0142\u0105czy\u0142 do rezerw, gdzie regularnie zbiera\u0142 do\u015bwiadczenie w rozgrywkach seniorskich. R\u00f3wnie\u017c Burkowski otrzymywa\u0142 szanse trening\u00f3w z pierwszym zespo\u0142em, ale do debiutu w jagiello\u0144skiej &#8222;jedynce&#8221; nie dosz\u0142o.<\/p>\n<p>Z kolei Oskar Lipi\u0144ski zasili\u0142 struktury akademii w sezonie 2020\/2021. Jego rozw\u00f3j przebiega\u0142 w podobnym schemacie &#8211; od dru\u017cyn m\u0142odzie\u017cowych, przez stopniowe w\u0142\u0105czanie do zespo\u0142u rezerw i treningi z g\u0142\u00f3wn\u0105 dru\u017cyn\u0105.<\/p>\n<p>Je\u017celi chodzi o Artura Amrozi\u0144skiego, to sp\u0119dzi\u0142 on w Bia\u0142ymstoku jeden sezon, do\u0142\u0105czaj\u0105c do rezerw przed rozgrywkami 2025\/2026 z Widzewa \u0141\u00f3d\u017a. W barwach Jagiellonii II wyst\u0105pi\u0142 w 12 spotkaniach III ligi, w kt\u00f3rych zdoby\u0142 trzy bramki. <\/p>\n<p>Kolejnym zawodnikiem, kt\u00f3ry odchodzi &#8211; i to ju\u017c po raz drugi &#8211; jest Przemys\u0142aw Mystkowski. &#8222;Mystek&#8221; wr\u00f3ci\u0142 do klubu w lutym 2025 r. i od tego momentu reprezentowa\u0142 barwy dru\u017cyny rezerw. W III lidze rozegra\u0142 \u0142\u0105cznie 13 mecz\u00f3w, w kt\u00f3rych strzeli\u0142 jednego gola oraz zanotowa\u0142 dwie asysty, b\u0119d\u0105c jednym z bardziej do\u015bwiadczonych zawodnik\u00f3w w sk\u0142adzie.<\/p>\n<p>Ostatnim pi\u0142karzem, kt\u00f3ry \u017cegna si\u0119 z Jag\u0105 II, jest Jakub Jakimiuk. Przez dwa sezony rozegra\u0142 on 51 spotka\u0144, w kt\u00f3rych zdoby\u0142 osiem bramek i do\u0142o\u017cy\u0142 jedn\u0105 asyst\u0119. Regularna gra sprawi\u0142a, \u017ce by\u0142 istotnym elementem zespo\u0142u i jednym z cz\u0119\u015bciej wykorzystywanych zawodnik\u00f3w w ofensywie.<\/p>\n<p class=\"art-autimg\">\n<p>                            <img decoding=\"async\" class=\"art-autimgi\" src=\"https:\/\/www.europesays.com\/pl\/wp-content\/uploads\/2026\/06\/1780879131_609_avatar_1x.jpg\" alt=\"Rafa\u0142 \u017buk\" width=\"64\" height=\"64\" loading=\"lazy\"\/><\/p>\n<p class=\"art-autname\">Rafa\u0142 \u017buk<\/p>\n<p>rafal.zuk@bialystokonline.pl<\/p>\n<p>Przeczytaj tak\u017ce<\/p>\n<p>&#13;<br \/>\n&#13;<br \/>\n&#13;<br \/>\n<img loading=\"lazy\" decoding=\"async\" src=\"https:\/\/www.europesays.com\/pl\/wp-content\/uploads\/2026\/06\/1780943651_693_adlog.gif\" width=\"0\" height=\"0\" alt=\"\" style=\"width: 0px; height: 0px;\"\/><\/p>\n<p>Popularne dzisiaj<\/p>\n","protected":false},"excerpt":{"rendered":"Fot: Jagiellonia Bia\u0142ystok Po zako\u0144czeniu sezonu 2025\/2026 zesp\u00f3\u0142 Jagiellonii II Bia\u0142ystok opuszcza sze\u015bciu pi\u0142karzy. Z klubem \u017cegnaj\u0105 si\u0119&hellip;\n","protected":false},"author":2,"featured_media":481562,"comment_status":"","ping_status":"","sticky":false,"template":"","format":"standard","meta":{"footnotes":"","_share_on_mastodon":"0"},"categories":[51614],"tags":[2151,51731,113,51730,3754,92151,51738,92148,51735,4041,1096,1089,399,21612,17334,51736,2921,3840,51734,8736,1232,120,92150,7116,17265,19285,42,5083,38,40,39,41,6309,1756,92149,8815,38950,123,800,4278,1323,51737,2879,253],"class_list":["post-481561","post","type-post","status-publish","format-standard","has-post-thumbnail","category-bialystok","tag-bialystok","tag-bialystokonline","tag-biznes","tag-bstok","tag-dom","tag-dominik-kobussport","tag-drobne","tag-duze-zmiany-w-jagiellonskich-rezerwach-odchodzi-szesciu-zawodnikow","tag-firm","tag-firmy","tag-hotele","tag-imprezy","tag-informacje","tag-jagiellonia-ii-bialystok","tag-katalog","tag-kina","tag-koncert","tag-lokale","tag-miejski","tag-mieszkanie","tag-motoryzacja","tag-nauka","tag-odejscia","tag-ogloszenia","tag-on-line","tag-online","tag-pl","tag-podlasie","tag-poland","tag-polish","tag-polska","tag-polski","tag-portal","tag-praca","tag-przemyslaw-mystkowski","tag-repertuar","tag-rozklad","tag-rozrywka","tag-teatr","tag-turystyka","tag-uroda","tag-urzedy","tag-zakupy","tag-zdrowie"],"share_on_mastodon":{"url":"","error":"Validation failed: Text character limit of 500 exceeded"},"_links":{"self":[{"href":"https:\/\/www.europesays.com\/pl\/wp-json\/wp\/v2\/posts\/481561","targetHints":{"allow":["GET"]}}],"collection":[{"href":"https:\/\/www.europesays.com\/pl\/wp-json\/wp\/v2\/posts"}],"about":[{"href":"https:\/\/www.europesays.com\/pl\/wp-json\/wp\/v2\/types\/post"}],"author":[{"embeddable":true,"href":"https:\/\/www.europesays.com\/pl\/wp-json\/wp\/v2\/users\/2"}],"replies":[{"embeddable":true,"href":"https:\/\/www.europesays.com\/pl\/wp-json\/wp\/v2\/comments?post=481561"}],"version-history":[{"count":0,"href":"https:\/\/www.europesays.com\/pl\/wp-json\/wp\/v2\/posts\/481561\/revisions"}],"wp:featuredmedia":[{"embeddable":true,"href":"https:\/\/www.europesays.com\/pl\/wp-json\/wp\/v2\/media\/481562"}],"wp:attachment":[{"href":"https:\/\/www.europesays.com\/pl\/wp-json\/wp\/v2\/media?parent=481561"}],"wp:term":[{"taxonomy":"category","embeddable":true,"href":"https:\/\/www.europesays.com\/pl\/wp-json\/wp\/v2\/categories?post=481561"},{"taxonomy":"post_tag","embeddable":true,"href":"https:\/\/www.europesays.com\/pl\/wp-json\/wp\/v2\/tags?post=481561"}],"curies":[{"name":"wp","href":"https:\/\/api.w.org\/{rel}","templated":true}]}}