{"id":481706,"date":"2026-06-08T20:13:43","date_gmt":"2026-06-08T20:13:43","guid":{"rendered":"https:\/\/www.europesays.com\/pl\/481706\/"},"modified":"2026-06-08T20:13:43","modified_gmt":"2026-06-08T20:13:43","slug":"swietne-wyniki-wroclaw-airport-wzrost-o-13","status":"publish","type":"post","link":"https:\/\/www.europesays.com\/pl\/481706\/","title":{"rendered":"\u015awietne wyniki Wroc\u0142aw Airport! Wzrost o 13%"},"content":{"rendered":"<p style=\"text-align: justify;\">Wroc\u0142aw Airport notuje kolejny bardzo udany miesi\u0105c, potwierdzaj\u0105c swoj\u0105 siln\u0105 pozycj\u0119 w\u015br\u00f3d najdynamiczniej rozwijaj\u0105cych si\u0119 lotnisk w Polsce. Tegoroczny maj przyni\u00f3s\u0142 nie tylko imponuj\u0105cy wzrost liczby pasa\u017cer\u00f3w, ale r\u00f3wnie\u017c historyczne osi\u0105gni\u0119cie zwi\u0105zane z tempem obs\u0142ugi podr\u00f3\u017cnych. Rekordowe wyniki pokazuj\u0105, \u017ce oferta po\u0142\u0105cze\u0144 dost\u0119pnych z Wroc\u0142awia skutecznie odpowiada na potrzeby mieszka\u0144c\u00f3w regionu oraz turyst\u00f3w wybieraj\u0105cych Dolny \u015al\u0105sk jako punkt startowy swoich podr\u00f3\u017cy.<\/p>\n<p>Wroc\u0142aw Airport z imponuj\u0105cym wynikiem w maju<\/p>\n<p style=\"text-align: justify;\">Maj okaza\u0142 si\u0119 wyj\u0105tkowo udanym miesi\u0105cem dla <a href=\"https:\/\/obserwatorlogistyczny.pl\/tag\/lotnisko-we-wroclawiu\" rel=\"nofollow noopener\" target=\"_blank\">Portu Lotniczego Wroc\u0142aw<\/a>. W ci\u0105gu zaledwie 31 dni lotnisko obs\u0142u\u017cy\u0142o 550 191 pasa\u017cer\u00f3w, co oznacza wzrost o niemal 13 procent w por\u00f3wnaniu z analogicznym okresem poprzedniego roku. Tak dobry wynik wpisuje si\u0119 w obserwowany od pocz\u0105tku roku trend wzrostowy. Coraz wi\u0119ksza liczba podr\u00f3\u017cnych korzysta zar\u00f3wno z regularnych po\u0142\u0105cze\u0144 realizowanych przez przewo\u017anik\u00f3w niskokosztowych, jak i z oferty lot\u00f3w wakacyjnych organizowanych przez biura podr\u00f3\u017cy. W efekcie <a href=\"https:\/\/obserwatorlogistyczny.pl\/tag\/wroclaw-airport\" rel=\"nofollow noopener\" target=\"_blank\">Wroc\u0142aw Airport<\/a> wchodzi w szczyt sezonu letniego z bardzo mocn\u0105 pozycj\u0105 i optymistycznymi perspektywami na kolejne miesi\u0105ce.<\/p>\n<p style=\"text-align: justify;\">Majowe statystyki pokazuj\u0105 wyra\u017anie, \u017ce podr\u00f3\u017cni ch\u0119tnie wybierali s\u0142oneczne kierunki turystyczne, kt\u00f3re od lat ciesz\u0105 si\u0119 du\u017c\u0105 popularno\u015bci\u0105 w sezonie letnim. W\u015br\u00f3d najcz\u0119\u015bciej wybieranych destynacji znalaz\u0142y si\u0119 mi\u0119dzy innymi <a href=\"https:\/\/obserwatorlogistyczny.pl\/tag\/alicante\" rel=\"nofollow noopener\" target=\"_blank\">Alicante<\/a>, <a href=\"https:\/\/obserwatorlogistyczny.pl\/tag\/lizbona\" rel=\"nofollow noopener\" target=\"_blank\">Lizbona<\/a>, <a href=\"https:\/\/obserwatorlogistyczny.pl\/tag\/chania\" rel=\"nofollow noopener\" target=\"_blank\">Chania<\/a>, <a href=\"https:\/\/obserwatorlogistyczny.pl\/tag\/palermo\" rel=\"nofollow noopener\" target=\"_blank\">Palermo<\/a>, <a href=\"https:\/\/obserwatorlogistyczny.pl\/tag\/paryz\" rel=\"nofollow noopener\" target=\"_blank\">Pary\u017c<\/a>, <a href=\"https:\/\/obserwatorlogistyczny.pl\/tag\/rzym\" rel=\"nofollow noopener\" target=\"_blank\">Rzym<\/a> oraz <a href=\"https:\/\/obserwatorlogistyczny.pl\/tag\/lamezia-terme\" rel=\"nofollow noopener\" target=\"_blank\">Lamezia Terme<\/a>. Du\u017ce zainteresowanie tymi trasami potwierdza rosn\u0105c\u0105 popularno\u015b\u0107 podr\u00f3\u017cy <a href=\"https:\/\/obserwatorlogistyczny.pl\/tag\/city-break\" rel=\"nofollow noopener\" target=\"_blank\">city break<\/a>, wyjazd\u00f3w wypoczynkowych oraz kr\u00f3tkich wakacji organizowanych bezpo\u015brednio z <a href=\"https:\/\/obserwatorlogistyczny.pl\/tag\/wroclaw\" rel=\"nofollow noopener\" target=\"_blank\">Wroc\u0142awia<\/a>. Dost\u0119pno\u015b\u0107 bezpo\u015brednich lot\u00f3w pozwala pasa\u017cerom wygodnie dotrze\u0107 do atrakcyjnych miejsc w Europie bez konieczno\u015bci korzystania z lot\u00f3w przesiadkowych.<\/p>\n<p><a data-no-instant=\"1\" href=\"https:\/\/www.plakosystems.pl\/\" rel=\"noopener nofollow\" class=\"a2t-link\" target=\"_blank\" aria-label=\"800\u00d7300-placo\"><img loading=\"lazy\" decoding=\"async\" src=\"https:\/\/www.europesays.com\/pl\/wp-content\/uploads\/2026\/06\/800x300-placo.gif\" alt=\"\" width=\"800\" height=\"300\" style=\"display: inline-block;\"\/><\/a><\/p>\n<p style=\"text-align: center;\">Czytaj te\u017c:\u00a0<a href=\"https:\/\/obserwatorlogistyczny.pl\/2026\/05\/27\/brzoska-ogral-ryanair-i-wizz-air-oto-walizka-inpost-do-paczkomatu\/\" rel=\"nofollow noopener\" target=\"_blank\">Brzoska ogra\u0142 Ryanair i Wizz Air? Oto walizka InPost do Paczkomatu<\/a><\/p>\n<p style=\"text-align: justify;\">Obok regularnych po\u0142\u0105cze\u0144 bardzo du\u017cym zainteresowaniem cieszy\u0142y si\u0119 r\u00f3wnie\u017c loty czarterowe. Szczeg\u00f3lnie ch\u0119tnie wybieranymi kierunkami by\u0142y <a href=\"https:\/\/obserwatorlogistyczny.pl\/tag\/antalya\" rel=\"nofollow noopener\" target=\"_blank\">Antalya<\/a>, <a href=\"https:\/\/obserwatorlogistyczny.pl\/tag\/heraklion\" rel=\"nofollow noopener\" target=\"_blank\">Heraklion<\/a> oraz<a href=\"https:\/\/obserwatorlogistyczny.pl\/tag\/mallorca\" rel=\"nofollow noopener\" target=\"_blank\"> Palma de Mallorca<\/a>. To w\u0142a\u015bnie te destynacje od wielu lat nale\u017c\u0105 do najpopularniejszych miejsc wakacyjnego wypoczynku w\u015br\u00f3d Polak\u00f3w. Bezpo\u015brednie po\u0142\u0105czenia z <a href=\"https:\/\/obserwatorgospodarczy.pl\/tag\/wroclaw\" rel=\"nofollow noopener\" target=\"_blank\">Wroc\u0142awia<\/a> umo\u017cliwiaj\u0105 szybkie rozpocz\u0119cie urlopu bez konieczno\u015bci dojazdu do innych port\u00f3w lotniczych.<\/p>\n<p>Historyczny moment dla Wroc\u0142aw Airport<\/p>\n<p style=\"text-align: justify;\">Maj przyni\u00f3s\u0142 r\u00f3wnie\u017c wydarzenie o symbolicznym znaczeniu dla ca\u0142ego lotniska. 27 maja Wroc\u0142aw Airport obs\u0142u\u017cy\u0142 dwumilionowego pasa\u017cera od pocz\u0105tku roku. To osi\u0105gni\u0119cie zapisuje si\u0119 w historii portu lotniczego, poniewa\u017c granica dw\u00f3ch milion\u00f3w podr\u00f3\u017cnych zosta\u0142a przekroczona szybciej ni\u017c kiedykolwiek wcze\u015bniej. Dwumilionow\u0105 pasa\u017cerk\u0105 obs\u0142u\u017con\u0105 przez Port Lotniczy Wroc\u0142aw zosta\u0142a pani Bo\u017cena z Ko\u015bciana. Z kolei pasa\u017cerk\u0105 oznaczon\u0105 numerem 2 000 001 by\u0142a pani Monika z Berlina.<\/p>\n<p style=\"text-align: center;\">Czytaj te\u017c:\u00a0<a href=\"https:\/\/obserwatorgospodarczy.pl\/2026\/06\/04\/polska-pedzi-a-sasiedzi-zostaja-z-tylu-tak-wyglada-gospodarczy-rozjazd-w-regionie\/\" rel=\"nofollow noopener\" target=\"_blank\">Polska p\u0119dzi, a s\u0105siedzi zostaj\u0105 z ty\u0142u. Tak wygl\u0105da gospodarczy rozjazd w regionie<\/a><\/p>\n<p style=\"text-align: justify;\">Obie podr\u00f3\u017cne wraca\u0142y z <a href=\"https:\/\/obserwatorgospodarczy.pl\/tag\/hiszpania\" rel=\"nofollow noopener\" target=\"_blank\">Hiszpanii<\/a> i z okazji historycznego momentu zosta\u0142y wyr\u00f3\u017cnione przez zarz\u0105d lotniska. Na pasa\u017cerki czeka\u0142y drobne upominki oraz zaproszenia do skorzystania z saloniku Executive Lounge przed ich kolejnymi podr\u00f3\u017cami. Przekroczenie tak wa\u017cnego progu jeszcze przed rozpocz\u0119ciem pe\u0142ni sezonu wakacyjnego stanowi wyra\u017any sygna\u0142, \u017ce rok 2026 mo\u017ce okaza\u0107 si\u0119 jednym z najlepszych w historii portu.<\/p>\n<p style=\"text-align: justify;\">Majowe statystyki nie pozostawiaj\u0105 z\u0142udze\u0144 \u2013 wchodzimy w najwy\u017cszy moment sezonu letniego z bardzo dobr\u0105 dynamik\u0105. Rekordowo szybkie przekroczenie granicy 2 milion\u00f3w pasa\u017cer\u00f3w pokazuje skal\u0119 zainteresowania ofert\u0105, kt\u00f3r\u0105 przygotowali\u015bmy wsp\u00f3lnie z przewo\u017anikami, i potwierdza, \u017ce rozw\u00f3j siatki po\u0142\u0105cze\u0144 odpowiada na realne potrzeby podr\u00f3\u017cnych. Bardzo cieszy r\u00f3wnie\u017c wysoki poziom wype\u0142nie\u0144 samolot\u00f3w, si\u0119gaj\u0105cy 90%, zar\u00f3wno w przypadku przewo\u017anik\u00f3w niskokosztowych, jak i czarterowych \u2013 podkre\u015bla Karol Przywara, prezes zarz\u0105du Portu Lotniczego Wroc\u0142aw.<\/p>\n<p style=\"text-align: justify;\">Od czerwca do siatki po\u0142\u0105cze\u0144 Wroc\u0142aw Airport do\u0142\u0105cza <a href=\"https:\/\/obserwatorlogistyczny.pl\/tag\/la-palma\" rel=\"nofollow noopener\" target=\"_blank\">La Palma<\/a>, jedna z Wysp Kanaryjskich. Nowy kierunek realizowany jest we wsp\u00f3\u0142pracy z biurem podr\u00f3\u017cy Itaka oraz lini\u0105 lotnicz\u0105 <a href=\"https:\/\/obserwatorlogistyczny.pl\/tag\/enter-air\" rel=\"nofollow noopener\" target=\"_blank\">Enter Air<\/a>. Uruchomienie tego po\u0142\u0105czenia stanowi kolejn\u0105 propozycj\u0119 dla os\u00f3b poszukuj\u0105cych s\u0142onecznych destynacji oferuj\u0105cych stabiln\u0105 pogod\u0119 oraz komfort podr\u00f3\u017cy bezpo\u015brednio z Wroc\u0142awia. Rozszerzenie oferty o kolejn\u0105 wysp\u0119 archipelagu kanaryjskiego zwi\u0119ksza mo\u017cliwo\u015bci wyboru dla pasa\u017cer\u00f3w planuj\u0105cych wakacyjny wypoczynek.<\/p>\n<p><a href=\"https:\/\/obserwatorlogistyczny.pl\/2026\/03\/13\/ryanair-i-wizz-air-uruchamiaja-nowe-polaczenia-z-wroclawia-w-ofercie-islandia-sycylia-a-nawet-macedonia\/\" rel=\"nofollow noopener\" target=\"_blank\">Ryanair i Wizz Air uruchamiaj\u0105 nowe po\u0142\u0105czenia z Wroc\u0142awia. W ofercie Islandia, Sycylia, a nawet Macedonia<\/a><\/p>\n<p><a href=\"https:\/\/news.google.com\/publications\/CAAqNggKIjBDQklTSGdnTWFob0tHRzlpYzJWeWQyRjBiM0pzYjJkcGMzUjVZM3B1ZVM1d2JDZ0FQAQ?ceid=PL:pl&amp;oc=3\" target=\"_blank\" rel=\"nofollow noopener\">Znajdziesz nas w Google News<\/a><\/p>\n","protected":false},"excerpt":{"rendered":"Wroc\u0142aw Airport notuje kolejny bardzo udany miesi\u0105c, potwierdzaj\u0105c swoj\u0105 siln\u0105 pozycj\u0119 w\u015br\u00f3d najdynamiczniej rozwijaj\u0105cych si\u0119 lotnisk w Polsce.&hellip;\n","protected":false},"author":2,"featured_media":481707,"comment_status":"","ping_status":"","sticky":false,"template":"","format":"standard","meta":{"footnotes":"","_share_on_mastodon":"0"},"categories":[51607],"tags":[21890,27977,92170,90222,88216,92171,267,92172,92173,1159,77245,92174,2819,895,42,6303,38,40,39,41,7941,3236,9954,10542,1853,53352],"class_list":["post-481706","post","type-post","status-publish","format-standard","has-post-thumbnail","category-wroclaw","tag-alicante","tag-antalya","tag-chania","tag-city-break","tag-enter-air","tag-heraklion","tag-hiszpania","tag-la-palma","tag-lamezia-terme","tag-lizbona","tag-lotnisko-we-wroclawiu","tag-mallorca","tag-palermo","tag-paryz","tag-pl","tag-podroze","tag-poland","tag-polish","tag-polska","tag-polski","tag-ryanair","tag-rzym","tag-samoloty","tag-wizz-air","tag-wroclaw","tag-wroclaw-airport"],"share_on_mastodon":{"url":"https:\/\/pubeurope.com\/@pl\/116716320653423066","error":""},"_links":{"self":[{"href":"https:\/\/www.europesays.com\/pl\/wp-json\/wp\/v2\/posts\/481706","targetHints":{"allow":["GET"]}}],"collection":[{"href":"https:\/\/www.europesays.com\/pl\/wp-json\/wp\/v2\/posts"}],"about":[{"href":"https:\/\/www.europesays.com\/pl\/wp-json\/wp\/v2\/types\/post"}],"author":[{"embeddable":true,"href":"https:\/\/www.europesays.com\/pl\/wp-json\/wp\/v2\/users\/2"}],"replies":[{"embeddable":true,"href":"https:\/\/www.europesays.com\/pl\/wp-json\/wp\/v2\/comments?post=481706"}],"version-history":[{"count":0,"href":"https:\/\/www.europesays.com\/pl\/wp-json\/wp\/v2\/posts\/481706\/revisions"}],"wp:featuredmedia":[{"embeddable":true,"href":"https:\/\/www.europesays.com\/pl\/wp-json\/wp\/v2\/media\/481707"}],"wp:attachment":[{"href":"https:\/\/www.europesays.com\/pl\/wp-json\/wp\/v2\/media?parent=481706"}],"wp:term":[{"taxonomy":"category","embeddable":true,"href":"https:\/\/www.europesays.com\/pl\/wp-json\/wp\/v2\/categories?post=481706"},{"taxonomy":"post_tag","embeddable":true,"href":"https:\/\/www.europesays.com\/pl\/wp-json\/wp\/v2\/tags?post=481706"}],"curies":[{"name":"wp","href":"https:\/\/api.w.org\/{rel}","templated":true}]}}