{"id":482120,"date":"2026-06-09T01:06:22","date_gmt":"2026-06-09T01:06:22","guid":{"rendered":"https:\/\/www.europesays.com\/pl\/482120\/"},"modified":"2026-06-09T01:06:22","modified_gmt":"2026-06-09T01:06:22","slug":"orlen-mapuje-zapotrzebowanie-rynku-na-lng-i-biolng-portal-biznes-alert","status":"publish","type":"post","link":"https:\/\/www.europesays.com\/pl\/482120\/","title":{"rendered":"ORLEN\u00a0mapuje\u00a0zapotrzebowanie\u00a0rynku na\u00a0LNG i\u00a0bioLNG | Portal Biznes Alert"},"content":{"rendered":"<p>Koncern\u00a0rozpoczyna badanie\u00a0ankietowe\u00a0klient\u00f3w\u00a0z\u00a0obszaru\u00a0LNG ma\u0142ej skali i\u00a0bioLNG, kt\u00f3re\u00a0wesprze planowanie rozwoju infrastruktury i oferty. Chce zebra\u0107 informacje o przewidywanych wolumenach, preferowanych lokalizacjach odbioru\u00a0LNG, przeznaczeniu\u00a0paliwa, przed zwi\u0119kszeniem zdolno\u015bci prze\u0142adunkowych w\u00a0\u015awinouj\u015bciu i Gda\u0144sku.\u00a0\u00a0<\/p>\n<p>W Polsce, od uruchomienia dostaw LNG ma\u0142ej skali w 2016 roku, wolumen wzr\u00f3s\u0142 a\u017c dwudziestokrotnie i w 2025 roku osi\u0105gn\u0105\u0142 192 tys. ton. Na Litwie, od momentu uruchomienia terminalu w K\u0142ajpedzie w 2020 roku, zapotrzebowanie zwi\u0119kszy\u0142o si\u0119 o\u015bmiokrotnie, osi\u0105gaj\u0105c 33 tys.\u00a0ton.\u00a0Dotychczasowa skala wzrostu rynku ma\u0142ego LNG wyra\u017anie potwierdza\u00a0wi\u0119c\u00a0zasadno\u015b\u0107 mapowania zapotrzebowania na ten surowiec\u00a0ze strony transportu i przemys\u0142u.\u00a0<\/p>\n<p>\u2013 Chcemy rozwija\u0107 infrastruktur\u0119 LNG i\u00a0bioLNG\u00a0w oparciu o rzeczywiste potrzeby klient\u00f3w. Im lepiej dopasowana infrastruktura, tym wi\u0119ksza elastyczno\u015b\u0107 w zarz\u0105dzaniu kosztem i organizacj\u0105 dostaw. Dlatego zale\u017cy nam na jak najszerszym udziale rynku w badaniu, kt\u00f3re pozwoli nam lepiej zaplanowa\u0107 kierunki rozwoju i przygotowa\u0107 rozwi\u0105zania odpowiadaj\u0105ce na potrzeby partner\u00f3w biznesowych \u2013 powiedzia\u0142 Grzegorz Bujnowski, Dyrektor Wykonawczy do spraw\u00a0Handlu Gazem ORLEN.\u00a0<\/p>\n<p>Ankieta dost\u0119pna pod linkiem:\u00a0<a href=\"https:\/\/www.orlen.pl\/pl\/dla-biznesu\/produkty\/gaz-ziemny\/lng\/lng-malej-skali\/ankieta-zapotrzebowania\" rel=\"nofollow noopener\" target=\"_blank\">https:\/\/www.orlen.pl\/pl\/\/dla-biznesu\/produkty\/gaz-ziemny\/lng\/lng-malej-skali\/ankieta-zapotrzebowania<\/a>.\u00a0Badanie potrwa do ko\u0144ca czerwca\u00a02026 roku, cho\u0107 planowana jest kontynuacja w\u00a0kolejnych\u00a0latach.\u00a0<\/p>\n<p>Ankieta skierowana jest do dystrybutor\u00f3w\u00a0i sprzedawc\u00f3w\u00a0gazu, jak i odbiorc\u00f3w ko\u0144cowych.\u00a0W tym drugim przypadku,\u00a0koncern chcia\u0142by wiedzie\u0107\u00a0do jakich cel\u00f3w przeznaczone b\u0119dzie LNG: energetycznych (kogeneracja, ogrzewanie), technologicznych (zak\u0142ady\u00a0przemys\u0142owe)\u00a0oraz transportowych (paliwo dla flot pojazd\u00f3w ci\u0119\u017carowych, statk\u00f3w).\u00a0Pytania dotycz\u0105\u00a0potencjalnego wolumenu\u00a0dostaw w latach 2029-2033, w trzech lokalizacjach, w: \u015awinouj\u015bciu, Gda\u0144sku i K\u0142ajpedzie.\u00a0<\/p>\n<p>Badanie rynku\u00a0jest\u00a0kolejnym\u00a0etapem\u00a0przygotowa\u0144\u00a0Grupy\u00a0ORLEN do dalszego rozwoju segmentu LNG ma\u0142ej skali i\u00a0bioLNG\u00a0w Polsce i na Litwie.\u00a0<\/p>\n","protected":false},"excerpt":{"rendered":"Koncern\u00a0rozpoczyna badanie\u00a0ankietowe\u00a0klient\u00f3w\u00a0z\u00a0obszaru\u00a0LNG ma\u0142ej skali i\u00a0bioLNG, kt\u00f3re\u00a0wesprze planowanie rozwoju infrastruktury i oferty. Chce zebra\u0107 informacje o przewidywanych wolumenach, preferowanych&hellip;\n","protected":false},"author":2,"featured_media":482121,"comment_status":"","ping_status":"","sticky":false,"template":"","format":"standard","meta":{"footnotes":"","_share_on_mastodon":"0"},"categories":[52097],"tags":[7176,7490,774,42,38,40,39,41],"class_list":["post-482120","post","type-post","status-publish","format-standard","has-post-thumbnail","category-orlen","tag-gaz-ziemny","tag-lng","tag-orlen","tag-pl","tag-poland","tag-polish","tag-polska","tag-polski"],"share_on_mastodon":{"url":"https:\/\/pubeurope.com\/@pl\/116717472022497624","error":""},"_links":{"self":[{"href":"https:\/\/www.europesays.com\/pl\/wp-json\/wp\/v2\/posts\/482120","targetHints":{"allow":["GET"]}}],"collection":[{"href":"https:\/\/www.europesays.com\/pl\/wp-json\/wp\/v2\/posts"}],"about":[{"href":"https:\/\/www.europesays.com\/pl\/wp-json\/wp\/v2\/types\/post"}],"author":[{"embeddable":true,"href":"https:\/\/www.europesays.com\/pl\/wp-json\/wp\/v2\/users\/2"}],"replies":[{"embeddable":true,"href":"https:\/\/www.europesays.com\/pl\/wp-json\/wp\/v2\/comments?post=482120"}],"version-history":[{"count":0,"href":"https:\/\/www.europesays.com\/pl\/wp-json\/wp\/v2\/posts\/482120\/revisions"}],"wp:featuredmedia":[{"embeddable":true,"href":"https:\/\/www.europesays.com\/pl\/wp-json\/wp\/v2\/media\/482121"}],"wp:attachment":[{"href":"https:\/\/www.europesays.com\/pl\/wp-json\/wp\/v2\/media?parent=482120"}],"wp:term":[{"taxonomy":"category","embeddable":true,"href":"https:\/\/www.europesays.com\/pl\/wp-json\/wp\/v2\/categories?post=482120"},{"taxonomy":"post_tag","embeddable":true,"href":"https:\/\/www.europesays.com\/pl\/wp-json\/wp\/v2\/tags?post=482120"}],"curies":[{"name":"wp","href":"https:\/\/api.w.org\/{rel}","templated":true}]}}