{"id":482673,"date":"2026-06-09T07:22:12","date_gmt":"2026-06-09T07:22:12","guid":{"rendered":"https:\/\/www.europesays.com\/pl\/482673\/"},"modified":"2026-06-09T07:22:12","modified_gmt":"2026-06-09T07:22:12","slug":"orlen-superliga-kobiet-z-kolejnym-rekordem-frekwencji-sportmarketing-pl","status":"publish","type":"post","link":"https:\/\/www.europesays.com\/pl\/482673\/","title":{"rendered":"ORLEN Superliga Kobiet z kolejnym rekordem frekwencji \u2013 SportMarketing.pl"},"content":{"rendered":"<p>                    <a href=\"https:\/\/www.sportmarketing.pl\/\" class=\"p-1\" rel=\"nofollow noopener\" target=\"_blank\"><\/p>\n<p>                    <\/a><\/p>\n<p>                                            <a href=\"https:\/\/www.sportmarketing.pl\/marketing\/\" class=\"text-1 transition-all hover:underline\" rel=\"nofollow noopener\" target=\"_blank\"><br \/>\n                            Marketing<br \/>\n                        <\/a><\/p>\n<p>                        ORLEN Superliga Kobiet z kolejnym rekordem frekwencji<\/p>\n<p>                    09.06.2026 08:33<\/p>\n<p>                            Sezon 2025\/2026 przejdzie do historii ORLEN Superligi Kobiet jako rekordowy pod wzgl\u0119dem frekwencji. Po raz pierwszy od powstania zawodowej ligi liczba kibic\u00f3w obecnych na meczach przekroczy\u0142a granic\u0119 100 tysi\u0119cy.<\/p>\n<p>        <img decoding=\"async\" class=\"aspect-[11\/6] h-auto w-full object-cover\" src=\"https:\/\/www.europesays.com\/pl\/wp-content\/uploads\/2026\/06\/frekwencja_slider-1150x765-1.jpg\" alt=\"ORLEN Superliga Kobiet z kolejnym rekordem frekwencji\"\/><\/p>\n<p>                                                                Autor zdj\u0119cia: Orlen Superliga kobiet <\/p>\n<p>    LinkedIn Follow Button \u2013 Article Embed<\/p>\n<p>\u0141\u0105cznie spotkania ligowe zgromadzi\u0142y na trybunach 105 345 widz\u00f3w, co oznacza wzrost o blisko 6 tysi\u0119cy wzgl\u0119dem poprzedniego sezonu. Dodatkowo mecz o Superpuchar Polski obejrza\u0142o 4 300 kibic\u00f3w. \u0141\u0105czna frekwencja podczas rozgrywek ORLEN Superligi Kobiet i Superpucharu wynios\u0142a 109 645 os\u00f3b.<\/p>\n<p>Znacz\u0105co wzros\u0142a r\u00f3wnie\u017c \u015brednia liczba widz\u00f3w na meczach. W sezonie 2023\/2024 wynosi\u0142a ona 732 osoby, rok p\u00f3\u017aniej wzros\u0142a do 753, natomiast sezon 2025\/2026 zako\u0144czy\u0142 si\u0119 wynikiem 798 kibic\u00f3w na spotkanie.<\/p>\n<p>\u015arednia frekwencja:<\/p>\n<p>KGHM Zag\u0142\u0119bie Lubin \u2013 1 851 kibic\u00f3w (wzrost o\u00a015%)<\/p>\n<p>PGE MKS El-Volt Lublin \u2013 1 721 kibic\u00f3w (wzrost o\u00a02%)<\/p>\n<p>Enea MKS Gniezno \u2013 1 200 kibic\u00f3w (spadek o\u00a05%)<\/p>\n<p>Pi\u0142ka R\u0119czna Koszalin \u2013 640 kibic\u00f3w (wzrost o\u00a01%)<\/p>\n<p>KPR Gminy Kobierzyce \u2013 588 kibic\u00f3w (spadek o\u00a01%)<\/p>\n<p>KRASO\u0143 MKS Piotrcovia \u2013 540 kibic\u00f3w (wzrost o\u00a085%)<\/p>\n<p>Energa Start Elbl\u0105g \u2013 340 kibic\u00f3w (spadek o\u00a011%)<\/p>\n<p>TAURON Ruch Szczypiorno Kalisz \u2013 322 kibic\u00f3w (spadek o\u00a020%)<\/p>\n<p>So\u015bnica Gliwice \u2013 245 kibic\u00f3w (wzrost o\u00a019%)<\/p>\n<p>\u00a0Galiczanka Lw\u00f3w \u2013 242 kibic\u00f3w (beniaminek)<\/p>\n<p><img fetchpriority=\"high\" decoding=\"async\" width=\"819\" height=\"1024\" src=\"https:\/\/www.europesays.com\/pl\/wp-content\/uploads\/2026\/06\/obraz-819x1024.png\" alt=\"\" class=\"wp-image-112584\"  \/><\/p>\n<p>Kto g\u00f3rowa\u0142? <\/p>\n<p>Kolejnym rekordem by\u0142a liczba mecz\u00f3w, kt\u00f3re przekroczy\u0142y granic\u0119 tysi\u0105ca widz\u00f3w. W sezonie 2024\/2025 takich spotka\u0144 by\u0142o 39, natomiast w zako\u0144czonych rozgrywkach ju\u017c 42. Najwy\u017csz\u0105 \u015bredni\u0105 frekwencj\u0119 w meczach domowych zanotowa\u0142y mistrzynie Polski z KGHM Zag\u0142\u0119bia Lubin. Spotkania zespo\u0142u ogl\u0105da\u0142o \u015brednio 1 851 kibic\u00f3w, co oznacza wzrost o 15 procent w por\u00f3wnaniu z poprzednim sezonem.<\/p>\n<p>Historyczny sezon przyni\u00f3s\u0142 tak\u017ce rekord frekwencji na ligowym meczu kobiet pomi\u0119dzy KGHM Zag\u0142\u0119biem Lubin a PGE MKS El-Volt Lublin oraz rekordow\u0105 publiczno\u015b\u0107 podczas meczu o Superpuchar Polski, kt\u00f3ry sta\u0142 si\u0119 najliczniej ogl\u0105danym klubowym spotkaniem kobiecej pi\u0142ki r\u0119cznej w Polsce.<\/p>\n<p>TOP 5 spotka\u0144 z\u00a0najwi\u0119ksz\u0105 frekwencj\u0105 w\u00a0sezonie 2025\/26:<\/p>\n<p>Superpuchar Polski: KGHM Zag\u0142\u0119bie Lubin \u2013 PGE MKS El-Volt Lublin: 4 300 kibic\u00f3w \u2013 30 sierpnia 2025<\/p>\n<p>KGHM Zag\u0142\u0119bie Lubin \u2013 PGE MKS El-Volt Lublin: 3 700 kibic\u00f3w \u2013 22 maja 2026<\/p>\n<p>KGHM Zag\u0142\u0119bie Lubin \u2013 PGE MKS El-Volt Lublin: 2 500 kibic\u00f3w \u2013 8 pa\u017adziernika 2025<\/p>\n<p>PGE MKS El-Volt Lublin \u2013 KGHM Zag\u0142\u0119bie Lubin: 2 363 kibic\u00f3w \u2013 25 marca 2026<\/p>\n<p>KGHM Zag\u0142\u0119bie Lubin \u2013 Enea MKS Gniezno: 2 317 kibic\u00f3w \u2013 19 kwietnia 2026<\/p>\n<p><img loading=\"lazy\" decoding=\"async\" width=\"819\" height=\"1024\" src=\"https:\/\/www.europesays.com\/pl\/wp-content\/uploads\/2026\/06\/obraz-1-819x1024.png\" alt=\"\" class=\"wp-image-112585\"  \/><\/p>\n<p>Progres w kilku obszarach <\/p>\n<p>W\u0142adze ligi podkre\u015blaj\u0105, \u017ce rosn\u0105ce zainteresowanie rozgrywkami jest efektem systematycznego rozwoju produktu sportowego, zwi\u0119kszaj\u0105cej si\u0119 jako\u015bci widowisk oraz coraz skuteczniejszej promocji kobiecej pi\u0142ki r\u0119cznej. Kolejny rekord frekwencji potwierdza, \u017ce ORLEN Superliga Kobiet zyskuje coraz silniejsz\u0105 pozycj\u0119 na sportowej mapie Polski.<\/p>\n<p><a href=\" &lt;!DOCTYPE html&gt; &lt;html lang=&quot;pl&quot;&gt; &lt;head&gt;     &lt;meta charset=&quot;UTF-8&quot;&gt;     &lt;meta name=&quot;viewport&quot; content=&quot;width=device-width, initial-scale=1.0&quot;&gt;     &lt;title&gt;LinkedIn Follow Button - Article Embed&lt;\/title&gt;     &lt;style&gt;         \/* --- STYLE DO SKOPIOWANIA ---            Wklej te style do swojego pliku CSS lub sekcji &lt;head&gt; strony.         *\/          \/* Kontener, kt\u00f3ry centruje przycisk i robi odst\u0119p od tekstu artyku\u0142u *\/         .linkedin-cta-wrapper {             display: flex;             justify-content: center; \/* Wy\u015brodkowanie poziome *\/             align-items: center;             margin: 40px 0; \/* Odst\u0119p: 40px od g\u00f3ry i do\u0142u *\/             width: 100%;             clear: both; \/* Zabezpieczenie przed op\u0142ywaniem tekstu *\/         }          .linkedin-cta-btn {             display: inline-flex;             align-items: center;             justify-content: center;             gap: 12px;             background-color: #0077b5; \/* Oficjalny kolor LinkedIn *\/             color: white !important; \/* Wymuszenie koloru na wypadek styl\u00f3w motywu *\/             text-decoration: none !important; \/* Usuni\u0119cie podkre\u015blenia linku *\/             font-family: -apple-system, system-ui, BlinkMacSystemFont, &quot;Segoe UI&quot;, Roboto, sans-serif;             font-weight: 600;             font-size: 16px;             padding: 14px 28px;             border-radius: 6px;             transition: all 0.2s ease-in-out;             box-shadow: 0 4px 6px rgba(0, 119, 181, 0.2);             border: 1px solid #0077b5;             line-height: 1.2;             cursor: pointer;         }          \/* Efekt po najechaniu myszk\u0105 (Hover) *\/         .linkedin-cta-btn:hover {             background-color: #005582;             border-color: #005582;             transform: translateY(-2px);             box-shadow: 0 6px 12px rgba(0, 119, 181, 0.3);         }          \/* Efekt klikni\u0119cia (Active) *\/         .linkedin-cta-btn:active {             transform: translateY(0);             box-shadow: 0 2px 4px rgba(0, 119, 181, 0.2);         }          .linkedin-icon {             width: 24px;             height: 24px;             fill: currentColor;             flex-shrink: 0;         }                  \/* --- KONIEC STYLI DO SKOPIOWANIA ---         *\/           \/* Style tylko dla podgl\u0105du (aby przycisk nie by\u0142 przyklejony do kraw\u0119dzi) *\/         body {             margin: 0;             padding: 20px;             background-color: #fff;         }     &lt;\/style&gt; &lt;\/head&gt; &lt;body&gt;      &lt;!--        KOD DO WKLEJENIA W TRE\u015a\u0106 ARTYKU\u0141U (HTML)       Skopiuj poni\u017cszy blok &lt;div&gt;...&lt;\/div&gt; i wklej go pomi\u0119dzy akapitami w swoim CMS (WordPress itp.) w trybie edycji HTML\/Code.     --&gt;     &lt;div class=&quot;linkedin-cta-wrapper&quot;&gt;         &lt;a href=&quot;https:\/\/www.linkedin.com\/company\/sportmarketingpl&quot; target=&quot;_blank&quot; rel=&quot;noopener noreferrer&quot; class=&quot;linkedin-cta-btn&quot;&gt;             &lt;svg class=&quot;linkedin-icon&quot; xmlns=&quot;http:\/\/www.w3.org\/2000\/svg&quot; viewBox=&quot;0 0 24 24&quot;&gt;                 &lt;path d=&quot;M19 0h-14c-2.761 0-5 2.239-5 5v14c0 2.761 2.239 5 5 5h14c2.762 0 5-2.239 5-5v-14c0-2.761-2.238-5-5-5zm-11 19h-3v-11h3v11zm-1.5-12.268c-.966 0-1.75-.79-1.75-1.764s.784-1.764 1.75-1.764 1.75.79 1.75 1.764-.783 1.764-1.75 1.764zm13.5 12.268h-3v-5.604c0-3.368-4-3.113-4 0v5.604h-3v-11h3v1.765c1.396-2.586 7-2.777 7 2.476v6.759z&quot;\/&gt;             &lt;\/svg&gt;             &lt;span class=&quot;btn-text&quot;&gt;Obserwuj nas na LinkedIn&lt;\/span&gt;         &lt;\/a&gt;     &lt;\/div&gt;     &lt;!-- KONIEC KODU DO WKLEJENIA --&gt;  &lt;\/body&gt; &lt;\/html&gt;\"><img loading=\"lazy\" decoding=\"async\" width=\"1024\" height=\"538\" src=\"https:\/\/www.europesays.com\/pl\/wp-content\/uploads\/2026\/06\/1200x630-81-1024x538.png\" alt=\"\" class=\"wp-image-112586\"  \/><\/a><\/p>\n<p>    <a href=\"https:\/\/www.sportmarketing.pl\/author\/redakcja\/\" class=\"group mb-6 flex flex-col gap-4 border-y border-global-border-2 py-6\" rel=\"nofollow noopener\" target=\"_blank\"><\/p>\n<p>            <img decoding=\"async\" loading=\"lazy\" src=\"https:\/\/www.europesays.com\/pl\/wp-content\/uploads\/2026\/06\/Pilka.png\" alt=\"Redakcja Sport Marketing\" class=\"size-20 rounded-full transition-all group-hover:opacity-80\"\/><\/p>\n<p>                Redakcja Sport Marketing<\/p>\n<p>    <\/a><\/p>\n","protected":false},"excerpt":{"rendered":"Marketing ORLEN Superliga Kobiet z kolejnym rekordem frekwencji 09.06.2026 08:33 Sezon 2025\/2026 przejdzie do historii ORLEN Superligi Kobiet&hellip;\n","protected":false},"author":2,"featured_media":482674,"comment_status":"","ping_status":"","sticky":false,"template":"","format":"standard","meta":{"footnotes":"","_share_on_mastodon":"0"},"categories":[52220],"tags":[8050,3953,52221,31979,1905,42,38,40,39,41,6061],"class_list":["post-482673","post","type-post","status-publish","format-standard","has-post-thumbnail","category-kghm","tag-frekwencja","tag-kghm","tag-kghm-polska-miedz","tag-orlen-superliga-kobiet","tag-pilka-reczna","tag-pl","tag-poland","tag-polish","tag-polska","tag-polski","tag-rekord"],"share_on_mastodon":{"url":"https:\/\/pubeurope.com\/@pl\/116718951596175324","error":""},"_links":{"self":[{"href":"https:\/\/www.europesays.com\/pl\/wp-json\/wp\/v2\/posts\/482673","targetHints":{"allow":["GET"]}}],"collection":[{"href":"https:\/\/www.europesays.com\/pl\/wp-json\/wp\/v2\/posts"}],"about":[{"href":"https:\/\/www.europesays.com\/pl\/wp-json\/wp\/v2\/types\/post"}],"author":[{"embeddable":true,"href":"https:\/\/www.europesays.com\/pl\/wp-json\/wp\/v2\/users\/2"}],"replies":[{"embeddable":true,"href":"https:\/\/www.europesays.com\/pl\/wp-json\/wp\/v2\/comments?post=482673"}],"version-history":[{"count":0,"href":"https:\/\/www.europesays.com\/pl\/wp-json\/wp\/v2\/posts\/482673\/revisions"}],"wp:featuredmedia":[{"embeddable":true,"href":"https:\/\/www.europesays.com\/pl\/wp-json\/wp\/v2\/media\/482674"}],"wp:attachment":[{"href":"https:\/\/www.europesays.com\/pl\/wp-json\/wp\/v2\/media?parent=482673"}],"wp:term":[{"taxonomy":"category","embeddable":true,"href":"https:\/\/www.europesays.com\/pl\/wp-json\/wp\/v2\/categories?post=482673"},{"taxonomy":"post_tag","embeddable":true,"href":"https:\/\/www.europesays.com\/pl\/wp-json\/wp\/v2\/tags?post=482673"}],"curies":[{"name":"wp","href":"https:\/\/api.w.org\/{rel}","templated":true}]}}