{"id":482916,"date":"2026-06-09T09:54:11","date_gmt":"2026-06-09T09:54:11","guid":{"rendered":"https:\/\/www.europesays.com\/pl\/482916\/"},"modified":"2026-06-09T09:54:11","modified_gmt":"2026-06-09T09:54:11","slug":"kosciuszki-nie-przejedziesz-na-wprost-przez-hallera","status":"publish","type":"post","link":"https:\/\/www.europesays.com\/pl\/482916\/","title":{"rendered":"Ko\u015bciuszki nie przejedziesz na wprost przez Hallera"},"content":{"rendered":"<p>            <a href=\"https:\/\/s-trojmiasto.pl\/zdj\/c\/n\/9\/4342\/1600x0\/4342275-Remont-kolejnego-odcinka-Al-Hallera-trwa-od-marca-i-potrwa-do-wiosny-przyszlego-roku.webp\" target=\"_blank\" data-slide-name=\"842942\" data-lightbox-target=\"photo full\" data-sub-html=\"&lt;h4&gt;Remont kolejnego odcinka Al. Hallera trwa od marca i potrwa do wiosny przysz\u0142ego roku. &lt;\/h4&gt;&lt;p&gt;fot. DRMG&lt;\/p&gt;&#010;\" class=\"photoMarker__link\" data-filter-brightness=\"brightness--100\" rel=\"nofollow noopener\"><\/p>\n<p>    <img decoding=\"async\" style=\"height:421px; aspect-ratio: 1.77778\/1; filter:brightness(1);\" alt=\"Remont kolejnego odcinka Al. Hallera trwa od marca i potrwa do wiosny przysz\u0142ego roku. \" src=\"https:\/\/www.europesays.com\/pl\/wp-content\/uploads\/2026\/06\/4342275-Remont-kolejnego-odcinka-Al-Hallera-trwa-od-marca-i-potrwa-do-wiosny-przyszlego.webp\" class=\"photoMarker__img \" data-slider=\"img\" fetchpriority=\"high\"\/><\/p>\n<p>            <\/a><\/p>\n<p class=\"lead\">We wtorek rano zmieni\u0142a si\u0119 organizacja ruchu na przebudowywanym odcinku Al. Hallera. Jedn\u0105 z\u00a0najwa\u017cniejszych zmian jest brak mo\u017cliwo\u015bci przejazdu na wprost <a data-tklik=\"413375\" href=\"https:\/\/mapa.trojmiasto.pl\/#\/location\/-72.86,108.05\/map\/-74.02,109.5,6,b\" onclick=\"openMap(this.href); return false;\" target=\"_blank\" title=\"zobacz na mapie Gda\u0144ska\" rel=\"nofollow noopener\">ul. Ko\u015bciuszki przez Hallera<img decoding=\"async\" class=\"icon-map\" src=\"https:\/\/www.trojmiasto.pl\/_img\/svg\/ico-map-flat.svg\" alt=\"Mapka\"\/><\/a>. Zmiany utrzymaj\u0105 si\u0119 co najmniej miesi\u0105c.<\/p>\n<p>&#8211; Zaw\u0119\u017cenie Al. Hallera w\u00a0kierunku Wrzeszcza zosta\u0142o przesuni\u0119te na wysoko\u015b\u0107 skrzy\u017cowania z\u00a0ul. Ko\u015bciuszki. Na skrzy\u017cowaniu nie b\u0119dzie mo\u017cna jecha\u0107 na wprost z\u00a0ul. Ko\u015bciuszki &#8211; informuje DRMG. <br \/>Z kolei w\u00a0obszarze skrzy\u017cowania Al. Hallera i\u00a0ul. Chrobrego, ul. Chrobrego na kr\u00f3tkim odcinku b\u0119dzie jednokierunkowa. B\u0119dzie mo\u017cna na ni\u0105 wjecha\u0107 od strony Al. Hallera. Z\u00a0ul. Chrobrego na Al. Hallera ju\u017c nie wyjedziemy.<br \/>\n            <a href=\"https:\/\/s-trojmiasto.pl\/zdj\/c\/n\/9\/4342\/1000x0\/4342317-.webp\" target=\"_blank\" data-slide-name=\"842943\" data-lightbox-target=\"photo full\" data-sub-html=\"&lt;h4&gt; &lt;\/h4&gt;&lt;p&gt;graf. trojmiasto.pl&lt;\/p&gt;&#010;\" class=\"photoMarker__link\" data-filter-brightness=\"brightness--100\" rel=\"nofollow noopener\"><\/p>\n<p>    <img decoding=\"async\" style=\"height:540px; aspect-ratio: 1.38696\/1; filter:brightness(1);\" alt=\" \" src=\"https:\/\/www.europesays.com\/pl\/wp-content\/uploads\/2026\/06\/4342317-.webp\" class=\"photoMarker__img lazy\" data-slider=\"img\"\/><\/p>\n<p>            <\/a><\/p>\n<p>Prace zwi\u0105zane b\u0119d\u0105 z\u00a0wykonaniem rozbi\u00f3rek istniej\u0105cych nawierzchni, a\u00a0nast\u0119pnie z\u00a0budow\u0105 nowej kanalizacji deszczowej oraz nowej konstrukcji nawierzchni jezdni i\u00a0chodnik\u00f3w.<\/p>\n<p>Zmiany zwi\u0105zane s\u0105 z\u00a0przebudow\u0105 Al. Hallera na odcinku od Al. P\u0142a\u017cy\u0144skiego do ul. Ko\u015bciuszki. Warte 11 mln z\u0142 prace prowadzi firma MTM. Roboty zako\u0144cz\u0105 si\u0119 wiosn\u0105 2027 r.\n                <\/p>\n","protected":false},"excerpt":{"rendered":"We wtorek rano zmieni\u0142a si\u0119 organizacja ruchu na przebudowywanym odcinku Al. Hallera. Jedn\u0105 z\u00a0najwa\u017cniejszych zmian jest brak mo\u017cliwo\u015bci&hellip;\n","protected":false},"author":2,"featured_media":482917,"comment_status":"","ping_status":"","sticky":false,"template":"","format":"standard","meta":{"footnotes":"","_share_on_mastodon":"0"},"categories":[51610],"tags":[34872,7750,3112,14818,14816,1048,92406,36788,9558,32316,32325,7215,14814,14817,14815,1232,10568,2431,16823,42,38,40,39,41,1367,10317,30180,8973,14819,9104,3355,4518,14820,10313,5977],"class_list":["post-482916","post","type-post","status-publish","format-standard","has-post-thumbnail","category-gdansk","tag-aleja","tag-artykuly","tag-auto","tag-autohandel","tag-czesci-zamienne","tag-gdansk","tag-haller","tag-hallera","tag-komis","tag-kosciuszki","tag-kosciuszko","tag-miesiac","tag-modele","tag-moto","tag-motocykle","tag-motoryzacja","tag-mozliwosc","tag-odcinek","tag-organizacja","tag-pl","tag-poland","tag-polish","tag-polska","tag-polski","tag-porady","tag-przejazd","tag-rano","tag-ruch","tag-salon-samochodowy","tag-samochody","tag-testy","tag-ulica","tag-uslugi-motoryzacyjne","tag-wtorek","tag-zmiana"],"share_on_mastodon":{"url":"https:\/\/pubeurope.com\/@pl\/116719548848709328","error":""},"_links":{"self":[{"href":"https:\/\/www.europesays.com\/pl\/wp-json\/wp\/v2\/posts\/482916","targetHints":{"allow":["GET"]}}],"collection":[{"href":"https:\/\/www.europesays.com\/pl\/wp-json\/wp\/v2\/posts"}],"about":[{"href":"https:\/\/www.europesays.com\/pl\/wp-json\/wp\/v2\/types\/post"}],"author":[{"embeddable":true,"href":"https:\/\/www.europesays.com\/pl\/wp-json\/wp\/v2\/users\/2"}],"replies":[{"embeddable":true,"href":"https:\/\/www.europesays.com\/pl\/wp-json\/wp\/v2\/comments?post=482916"}],"version-history":[{"count":0,"href":"https:\/\/www.europesays.com\/pl\/wp-json\/wp\/v2\/posts\/482916\/revisions"}],"wp:featuredmedia":[{"embeddable":true,"href":"https:\/\/www.europesays.com\/pl\/wp-json\/wp\/v2\/media\/482917"}],"wp:attachment":[{"href":"https:\/\/www.europesays.com\/pl\/wp-json\/wp\/v2\/media?parent=482916"}],"wp:term":[{"taxonomy":"category","embeddable":true,"href":"https:\/\/www.europesays.com\/pl\/wp-json\/wp\/v2\/categories?post=482916"},{"taxonomy":"post_tag","embeddable":true,"href":"https:\/\/www.europesays.com\/pl\/wp-json\/wp\/v2\/tags?post=482916"}],"curies":[{"name":"wp","href":"https:\/\/api.w.org\/{rel}","templated":true}]}}