{"id":483083,"date":"2026-06-09T11:31:10","date_gmt":"2026-06-09T11:31:10","guid":{"rendered":"https:\/\/www.europesays.com\/pl\/483083\/"},"modified":"2026-06-09T11:31:10","modified_gmt":"2026-06-09T11:31:10","slug":"gromoslaw-czempinski-uniewinniony-przez-sad-sprawa-ciagnela-sie-latami","status":"publish","type":"post","link":"https:\/\/www.europesays.com\/pl\/483083\/","title":{"rendered":"Gromos\u0142aw Czempi\u0144ski uniewinniony przez s\u0105d. Sprawa ci\u0105gn\u0119\u0142a si\u0119 latami"},"content":{"rendered":"<p>Sprawa gen. Czempi\u0144skiego oraz sze\u015bciu innych oskar\u017conych m\u0119\u017cczyzn dotyczy\u0142a prywatyzacji kluczowych sp\u00f3\u0142ek Skarbu Pa\u0144stwa \u2014 PLL LOT oraz Stoen. Akt oskar\u017cenia w tej sprawie trafi\u0142 do s\u0105du w grudniu 2019 r., jednak samo \u015bledztwo i procedura si\u0119gaj\u0105 znacznie g\u0142\u0119biej w przesz\u0142o\u015b\u0107.<\/p>\n<p> Dalszy ci\u0105g artyku\u0142u pod materia\u0142em wideo <\/p>\n<p>Wszystko zacz\u0119\u0142o si\u0119 w listopadzie 2011 r., kiedy na polecenie prokuratury w Katowicach dosz\u0142o do masowych zatrzyma\u0144. \u015aledczy zarzucali w\u00f3wczas genera\u0142owi przyj\u0119cie korzy\u015bci maj\u0105tkowych w wysoko\u015bci 1,4 mln z\u0142 przy prywatyzacji Stoenu oraz udzia\u0142 w praniu brudnych pieni\u0119dzy. W w\u0105tku dotycz\u0105cym PLL LOT pojawia\u0142y si\u0119 kwoty rz\u0119du miliona dolar\u00f3w. Dodatkowo genera\u0142 musia\u0142 mierzy\u0107 si\u0119 z zarzutem nielegalnego posiadania broni.<\/p>\n<p>      Gen. Gromos\u0142aw Czempi\u0144ski uniewinniony po latach<\/p>\n<p>Wydany 8 czerwca 2026 r. wyrok uniewinniaj\u0105cy ko\u0144czy pierwszy etap tego niezwykle \u017cmudnego procesu. Jak podkre\u015bli\u0142 w rozmowie z NaTemat mec. Wojciech \u0141\u0105czewski, wyrok jest sprawiedliwy, cho\u0107 zapad\u0142 bardzo p\u00f3\u017ano.<\/p>\n<p>\u2014 Osoba niewinna nie poniesie odpowiedzialno\u015bci za hipotezy, jakie postawi\u0142 prokurator \u2014 stwierdzi\u0142 obro\u0144ca genera\u0142a. Prawnik nie kry\u0142 krytycznej oceny pracy oskar\u017cyciela, dodaj\u0105c, \u017ce jego argumentacja nie osta\u0142a si\u0119 w starciu z faktami przed s\u0105dem.<\/p>\n<p>Obro\u0144ca uniewinnionego genera\u0142a w rozmowie z NaTemat zwr\u00f3ci\u0142 uwag\u0119 na szerszy kontekst sprawy, sugeruj\u0105c jej mo\u017cliwy charakter polityczny. Przypomnia\u0142, \u017ce gen. Czempi\u0144ski narazi\u0142 si\u0119 \u00f3wczesnej w\u0142adzy m.in. swoimi wypowiedziami na temat genezy Platformy Obywatelskiej, co by\u0142o ch\u0119tnie wykorzystywane przez prawicowe media.<\/p>\n<p>Sam mec. \u0141\u0105czewski to by\u0142y s\u0119dzia, kt\u00f3ry za rz\u0105d\u00f3w PiS sta\u0142 si\u0119 obiektem atak\u00f3w po tym, jak skaza\u0142 Mariusza Kami\u0144skiego na kar\u0119 wi\u0119zienia. Teraz, wyst\u0119puj\u0105c w nowej roli, doprowadzi\u0142 do fina\u0142u spraw\u0119, w kt\u00f3rej genera\u0142 by\u0142 m.in. celem dzia\u0142a\u0144 polityk\u00f3w, przesy\u0142aj\u0105cych jego akta agenturalne Amerykanom.<\/p>\n<p>Mimo pomy\u015blnego dla genera\u0142a rozstrzygni\u0119cia, sprawa mo\u017ce nie by\u0107 jeszcze ca\u0142kowicie zako\u0144czona. Wyrok S\u0105du Okr\u0119gowego jest nieprawomocny. Obecnie nie wiadomo, czy prokuratura zdecyduje si\u0119 na z\u0142o\u017cenie apelacji od decyzji s\u0105du pierwszej instancji. Na ten moment gen. Gromos\u0142aw Czempi\u0144ski wychodzi z s\u0105du jako osoba niewinna.<\/p>\n","protected":false},"excerpt":{"rendered":"Sprawa gen. Czempi\u0144skiego oraz sze\u015bciu innych oskar\u017conych m\u0119\u017cczyzn dotyczy\u0142a prywatyzacji kluczowych sp\u00f3\u0142ek Skarbu Pa\u0144stwa \u2014 PLL LOT oraz&hellip;\n","protected":false},"author":2,"featured_media":483084,"comment_status":"","ping_status":"","sticky":false,"template":"","format":"standard","meta":{"footnotes":"","_share_on_mastodon":"0"},"categories":[12],"tags":[61195,32,33,36,37,92442,27,49,34,35,28,31,48,25,46,42,8926,38,40,39,41,24149,2225,47,29,30,26,92443,2228],"class_list":["post-483083","post","type-post","status-publish","format-standard","has-post-thumbnail","category-polska","tag-bottomfeed_styl","tag-breaking-news","tag-breakingnews","tag-featured-news","tag-featurednews","tag-gromoslaw_czempinski","tag-headlines","tag-kraj","tag-latest-news","tag-latestnews","tag-naglowki","tag-najwazniejsze-artykuly","tag-nat_styl","tag-news","tag-omp","tag-pl","tag-platforma_obywatelska","tag-poland","tag-polish","tag-polska","tag-polski","tag-prywatyzacja","tag-sad","tag-screening_general","tag-top-stories","tag-topstories","tag-wiadomosci","tag-wojciech_laczewski","tag-wyrok"],"share_on_mastodon":{"url":"https:\/\/pubeurope.com\/@pl\/116719929372342868","error":""},"_links":{"self":[{"href":"https:\/\/www.europesays.com\/pl\/wp-json\/wp\/v2\/posts\/483083","targetHints":{"allow":["GET"]}}],"collection":[{"href":"https:\/\/www.europesays.com\/pl\/wp-json\/wp\/v2\/posts"}],"about":[{"href":"https:\/\/www.europesays.com\/pl\/wp-json\/wp\/v2\/types\/post"}],"author":[{"embeddable":true,"href":"https:\/\/www.europesays.com\/pl\/wp-json\/wp\/v2\/users\/2"}],"replies":[{"embeddable":true,"href":"https:\/\/www.europesays.com\/pl\/wp-json\/wp\/v2\/comments?post=483083"}],"version-history":[{"count":0,"href":"https:\/\/www.europesays.com\/pl\/wp-json\/wp\/v2\/posts\/483083\/revisions"}],"wp:featuredmedia":[{"embeddable":true,"href":"https:\/\/www.europesays.com\/pl\/wp-json\/wp\/v2\/media\/483084"}],"wp:attachment":[{"href":"https:\/\/www.europesays.com\/pl\/wp-json\/wp\/v2\/media?parent=483083"}],"wp:term":[{"taxonomy":"category","embeddable":true,"href":"https:\/\/www.europesays.com\/pl\/wp-json\/wp\/v2\/categories?post=483083"},{"taxonomy":"post_tag","embeddable":true,"href":"https:\/\/www.europesays.com\/pl\/wp-json\/wp\/v2\/tags?post=483083"}],"curies":[{"name":"wp","href":"https:\/\/api.w.org\/{rel}","templated":true}]}}