{"id":483224,"date":"2026-06-09T12:51:10","date_gmt":"2026-06-09T12:51:10","guid":{"rendered":"https:\/\/www.europesays.com\/pl\/483224\/"},"modified":"2026-06-09T12:51:10","modified_gmt":"2026-06-09T12:51:10","slug":"donald-trump-wpadl-w-iranska-pulapke-piec-powodow-a-zegar-tyka","status":"publish","type":"post","link":"https:\/\/www.europesays.com\/pl\/483224\/","title":{"rendered":"Donald Trump wpad\u0142 w ira\u0144sk\u0105 pu\u0142apk\u0119. Pi\u0119\u0107 powod\u00f3w. A zegar tyka"},"content":{"rendered":"<p>Dlaczego Iran wznowi\u0142 ataki na Izrael, ryzykuj\u0105c ponowne wywo\u0142anie wojny na Bliskim Wschodzie i nara\u017caj\u0105c si\u0119 na bardzo niszczycielskie uderzenia? Poniewa\u017c nadszed\u0142 odpowiedni moment, by postawi\u0107 w bardzo trudnej sytuacji Donalda Trumpa, kt\u00f3ry jest s\u0142abszy ni\u017c kiedykolwiek.<\/p>\n<p>W Stanach Zjednoczonych prezydent znalaz\u0142 si\u0119 bowiem w pu\u0142apce swojego kalendarza mi\u0119dzynarodowego i krajowego, na nieca\u0142y miesi\u0105c przed obchodami 250. rocznicy Deklaracji Niepodleg\u0142o\u015bci swojego kraju (4 lipca 1776 r.). Iran wie, \u017ce zaczyna mie\u0107 przewag\u0119 i trzyma Trumpa w szachu.<\/p>\n<p>Jest to oczywiste, udokumentowane w wielu raportach ekspert\u00f3w i potwierdzone przez ameryka\u0144skie i izraelskie s\u0142u\u017cby wywiadowcze: zawieszenie broni og\u0142oszone jednostronnie przez Donalda Trumpa 8 kwietnia przynios\u0142o korzy\u015bci Islamskiej Republice. Dotyczy to r\u00f3wnie\u017c arsena\u0142u rakiet i dron\u00f3w, dw\u00f3ch g\u0142\u00f3wnych zagro\u017ce\u0144 skierowanych przeciwko krajom Zatoki Perskiej, Izraelowi oraz ameryka\u0144skiej flocie powietrzno-morskiej rozmieszczonej w regionie.<\/p>\n<p>      Dalszy ci\u0105g artyku\u0142u pod materia\u0142em wideo <\/p>\n<p>Obecnie Stany Zjednoczone uznaj\u0105, \u017ce Iran dysponuje oko\u0142o 70 proc. swoich zdolno\u015bci balistycznych, a ataki dron\u00f3w na s\u0105siednie kraje pokazuj\u0105, \u017ce jego arsena\u0142y Szahid\u00f3w, niebezpiecznych bezza\u0142ogowych statk\u00f3w powietrznych, s\u0105 ponownie uzupe\u0142nione.<\/p>\n<blockquote class=\"ods-o-quote\">\n<p class=\"ods-o-quote__paragraph\">Rosja i Chiny, poprzez l\u0105dowe szlaki zaopatrzeniowe, pomog\u0142y Iranowi. Jednak bro\u0144 oznacza zdolno\u015b\u0107 do obrony i ataku.<\/p>\n<\/blockquote>\n<p>Teheran trzyma ludno\u015b\u0107 za gard\u0142o<\/p>\n<p>Pierwotnym argumentem Donalda Trumpa za zaatakowaniem Iranu wraz z Izraelem 28 lutego by\u0142o trwaj\u0105ce powstanie ira\u0144skiego spo\u0142ecze\u0144stwa, kt\u00f3re ma do\u015b\u0107 rz\u0105d\u00f3w mu\u0142\u0142\u00f3w. Pami\u0119tamy wiadomo\u015b\u0107 opublikowan\u0105 przez prezydenta Stan\u00f3w Zjednoczonych: &#8222;Kiedy sko\u0144czymy, przejmijcie kontrol\u0119 nad swoim rz\u0105dem. B\u0119dzie on nale\u017ca\u0142 do was. Ameryka jest w drodze, by wam pom\u00f3c&#8221;.<\/p>\n<p>Wiadomo\u015b\u0107 ta by\u0142a skierowana do Ira\u0144czyk\u00f3w, kt\u00f3rzy pod koniec grudnia i na pocz\u0105tku stycznia br. masowo wyszli na ulice du\u017cych miast swojego kraju, aby protestowa\u0107 przeciwko pogorszeniu si\u0119 warunk\u00f3w \u017cycia. Wed\u0142ug organizacji praw cz\u0142owieka w wyniku brutalnych represji zgin\u0119\u0142o od 10 tys. do 30 tys. os\u00f3b. Od tamtej pory nic si\u0119 nie zmieni\u0142o. Stra\u017cnicy Rewolucji trzymaj\u0105 sw\u00f3j nar\u00f3d w gar\u015bci i nadu\u017cywaj\u0105 patriotyzmu.<\/p>\n<p>     Mu\u0142\u0142owie zastawiaj\u0105 pu\u0142apk\u0119<\/p>\n<p>Konflikt wywo\u0142any 28 lutego przez Stany Zjednoczone i Izrael natrafi\u0142 na pierwsz\u0105 pu\u0142apk\u0119, nieuniknion\u0105, ale i przewidzian\u0105: blokad\u0119 cie\u015bniny Ormuz, kt\u00f3ra nadal obowi\u0105zuje. Dzisiaj Teheran zastawia na Waszyngton drug\u0105 pu\u0142apk\u0119: chodzi o Izrael, coraz bardziej nielubiany przez cz\u0119\u015b\u0107 ameryka\u0144skiej opinii publicznej, przekonanej, \u017ce rz\u0105d Benjamina Netanjahu wci\u0105gn\u0105\u0142 Trumpa w ten konflikt.<\/p>\n<p>Bior\u0105c pod uwag\u0119 zniszczenia spowodowane w Libanie przez izraelsk\u0105 armi\u0119 w celu wyeliminowania proira\u0144skiego szyickiego Hezbollahu, Stra\u017cnicy Rewolucji dysponuj\u0105 pot\u0119\u017cn\u0105 kart\u0105 polityczn\u0105 i medialn\u0105. Uzasadniaj\u0105 wznowienie dzia\u0142a\u0144 wojennych obron\u0105 Libanu. Izrael jawi si\u0119 jako agresor. Pu\u0142apka si\u0119 zamyka.<\/p>\n<p>     Iran wie, \u017ce Trump ma ju\u017c do\u015b\u0107<\/p>\n<blockquote class=\"ods-o-quote\">\n<p class=\"ods-o-quote__paragraph\">Ameryka\u0144ski prezydent jest chronicznie niecierpliwy. Lubi szybkie &#8222;deale&#8221; i nie chce utkn\u0105\u0107 w tym skomplikowanym regionie, jakim jest Bliski Wsch\u00f3d. Ira\u0144czycy s\u0105 jednak zdecydowani wykorzysta\u0107 t\u0119 sytuacj\u0119. Maj\u0105 czas po swojej stronie, a ich dyplomacja doskonale radzi sobie z gr\u0105 na czas. Wiedz\u0105, \u017ce gro\u017c\u0105 im nowe ameryka\u0144skie i izraelskie ataki, ale ich przyw\u00f3dcy s\u0105 znacznie ostro\u017cniejsi w swoich podr\u00f3\u017cach, aby unikn\u0105\u0107 likwidacji. Im bardziej Trump ma tego do\u015b\u0107, tym wi\u0119ksz\u0105 nadziej\u0119 ma Iran na pog\u0142\u0119bienie przepa\u015bci mi\u0119dzy Stanami Zjednoczonymi a Izraelem, co ma na celu przetasowanie kart w kwestii cel\u00f3w wojskowych.<\/p>\n<\/blockquote>\n<p>Binjamin Netanjahu mia\u0142 przed 28 lutego trzy cele: upadek islamskiego re\u017cimu, ca\u0142kowite zniszczenie kompleksu wojskowo-j\u0105drowego oraz zaprzestanie ira\u0144skiego wsparcia dla regionalnych sojusznik\u00f3w, takich jak Hezbollah. To potr\u00f3jna pora\u017cka. Tymczasem Trump natomiast chce tylko zwyci\u0119stwa.<\/p>\n<p>Teheran kontroluje cie\u015bnin\u0119 Ormuz<\/p>\n<p>Wracamy do tego, a jest to kluczowe: dop\u00f3ki Cie\u015bnina Ormuz jest zamkni\u0119ta, Iran dysponuje decyduj\u0105c\u0105 przewag\u0105, poniewa\u017c przej\u015bcie to ma zasadnicze znaczenie dla \u015bwiatowej gospodarki.<\/p>\n<p>Jednak w nadchodz\u0105cych tygodniach Donald Trump znajdzie si\u0119 pod ogromn\u0105 presj\u0105 dyplomatyczn\u0105, polityczn\u0105 i medialn\u0105. Mistrzostwa \u015bwiata w pi\u0142ce no\u017cnej, kt\u00f3rych wsp\u00f3\u0142gospodarzem jest jego kraj, rozpoczynaj\u0105 si\u0119 11 czerwca. Jego urodziny, po\u0142\u0105czone z wielkim widowiskiem MMA, przypadaj\u0105 14 czerwca. Szczyt G7 w Evian odb\u0119dzie si\u0119 w dniach 15 i 16 czerwca. Nast\u0119pnie na pocz\u0105tku lipca w Ankarze odb\u0119dzie si\u0119 szczyt NATO, tu\u017c po obchodach 250. rocznicy uchwalenia Deklaracji Niepodleg\u0142o\u015bci Stan\u00f3w Zjednoczonych, 4 lipca.<\/p>\n<p>Jak mo\u017ce wygl\u0105da\u0107 koszmar Trumpa? Je\u015bli w tym okresie w cie\u015bninie Ormuz ameryka\u0144ski okr\u0119t zaton\u0105\u0142by lub zosta\u0142by powa\u017cnie uszkodzony.<\/p>\n","protected":false},"excerpt":{"rendered":"Dlaczego Iran wznowi\u0142 ataki na Izrael, ryzykuj\u0105c ponowne wywo\u0142anie wojny na Bliskim Wschodzie i nara\u017caj\u0105c si\u0119 na bardzo&hellip;\n","protected":false},"author":2,"featured_media":483225,"comment_status":"","ping_status":"","sticky":false,"template":"","format":"standard","meta":{"footnotes":"","_share_on_mastodon":"0"},"categories":[14],"tags":[56,343,905,61195,32,33,44,27,3660,663,91,34,35,3659,28,31,48,25,46,40,41,47,80,29,30,26,82,83,84],"class_list":["post-483224","post","type-post","status-publish","format-standard","has-post-thumbnail","category-swiat","tag-article_premium","tag-binjamin_netanjahu","tag-bliski_wschod","tag-bottomfeed_styl","tag-breaking-news","tag-breakingnews","tag-donald_trump","tag-headlines","tag-hezbollah","tag-iran","tag-izrael","tag-latest-news","tag-latestnews","tag-liban","tag-naglowki","tag-najwazniejsze-artykuly","tag-nat_styl","tag-news","tag-omp","tag-polish","tag-polski","tag-screening_general","tag-swiat","tag-top-stories","tag-topstories","tag-wiadomosci","tag-world","tag-world-news","tag-worldnews"],"share_on_mastodon":{"url":"https:\/\/pubeurope.com\/@pl\/116720244339910578","error":""},"_links":{"self":[{"href":"https:\/\/www.europesays.com\/pl\/wp-json\/wp\/v2\/posts\/483224","targetHints":{"allow":["GET"]}}],"collection":[{"href":"https:\/\/www.europesays.com\/pl\/wp-json\/wp\/v2\/posts"}],"about":[{"href":"https:\/\/www.europesays.com\/pl\/wp-json\/wp\/v2\/types\/post"}],"author":[{"embeddable":true,"href":"https:\/\/www.europesays.com\/pl\/wp-json\/wp\/v2\/users\/2"}],"replies":[{"embeddable":true,"href":"https:\/\/www.europesays.com\/pl\/wp-json\/wp\/v2\/comments?post=483224"}],"version-history":[{"count":0,"href":"https:\/\/www.europesays.com\/pl\/wp-json\/wp\/v2\/posts\/483224\/revisions"}],"wp:featuredmedia":[{"embeddable":true,"href":"https:\/\/www.europesays.com\/pl\/wp-json\/wp\/v2\/media\/483225"}],"wp:attachment":[{"href":"https:\/\/www.europesays.com\/pl\/wp-json\/wp\/v2\/media?parent=483224"}],"wp:term":[{"taxonomy":"category","embeddable":true,"href":"https:\/\/www.europesays.com\/pl\/wp-json\/wp\/v2\/categories?post=483224"},{"taxonomy":"post_tag","embeddable":true,"href":"https:\/\/www.europesays.com\/pl\/wp-json\/wp\/v2\/tags?post=483224"}],"curies":[{"name":"wp","href":"https:\/\/api.w.org\/{rel}","templated":true}]}}