{"id":483374,"date":"2026-06-09T14:14:12","date_gmt":"2026-06-09T14:14:12","guid":{"rendered":"https:\/\/www.europesays.com\/pl\/483374\/"},"modified":"2026-06-09T14:14:12","modified_gmt":"2026-06-09T14:14:12","slug":"komisja-europejska-uderza-w-rosje-chodzi-o-zakaz-wjazdu-wiadomosci-onet","status":"publish","type":"post","link":"https:\/\/www.europesays.com\/pl\/483374\/","title":{"rendered":"Komisja Europejska uderza w Rosj\u0119. Chodzi o zakaz wjazdu &#8211; Wiadomo\u015bci Onet"},"content":{"rendered":"<ol>\n<li><a href=\"https:\/\/news.google.com\/rss\/articles\/CBMinAFBVV95cUxQanNPSUZ4V0lVcnNkdDJhMlFzMmU0X3lKX0tfazZ2X0d5T05lb0gwX1BiRzg4c3BEZF9QakxSX2pQenE4MTZwaFhkZHZuQ3gtYXVCNHRFbUduREEtTXgzSWlhX3IwWkNONWd2U2Z3NlpLZTlxTWxaczNva29OT0ZzRTZOZUpGdC1xOS1FT0FVTEtuMTREdVJ3S3pNTlM?oc=5\" target=\"_blank\" rel=\"nofollow noopener\">Komisja Europejska uderza w Rosj\u0119. Chodzi o zakaz wjazdu<\/a>&nbsp;&nbsp;Wiadomo\u015bci Onet<\/li>\n<li><a href=\"https:\/\/news.google.com\/rss\/articles\/CBMiqgFBVV95cUxQSEI5dERRYUhDZkxsem9UeDhPSWdiREw5dV9mcVc5LXhLcENhZVROQjFiMDVmbERXZnRHdUctbTdhbEZ5RUc5cFE1aDV2SWltcHZ6b0lDM1pSb2tFZDVuUEJBM3ZPTk9SSXQ5WUw5VUxzaDgtdDlpN0ZCRkRUek90Uy1nVGdaQnVIbjMwX2xvWDc0bDFKclZDdDRGbHVGTDdPZ3QtM0cwR1R6QQ?oc=5\" target=\"_blank\" rel=\"nofollow noopener\">Nowa propozycja sankcji UE na Rosj\u0119. Walczyli w Ukrainie &#8211; nie wjad\u0105 do Unii<\/a>&nbsp;&nbsp;TVN24<\/li>\n<li><a href=\"https:\/\/news.google.com\/rss\/articles\/CBMisgFBVV95cUxQb2JGUmxmUU1MRVdEbXJHQlZzZUgzbURleWgwOERlR09VR2dIbTZTZDJ1YW11cEVNbjFEamE1T01HaUw3bFJWUUZDZjBwM3ZRdE44ZlpnaUJsQkJ5c1FQR2VNQWxPR1lCVXhWM2k2dHhGMFZsS0x2RnpTaTFwMTdqR3B6TVRTYTNnaXctRzczUDQ0Q1VaTFhsaGxLbFc1ZjdfcVlzT0xNREkyZDVJYng5V3B3?oc=5\" target=\"_blank\" rel=\"nofollow noopener\">Mocne uderzenie Komisji Europejskiej w Rosjan<\/a>&nbsp;&nbsp;RMF24<\/li>\n<li><a href=\"https:\/\/news.google.com\/rss\/articles\/CBMilwFBVV95cUxOOGlrOFFUSzd6M2ZXaVR2UG1Bb294ek9NN0tXWHVZS0I3bTQzcFI0ejlnRTMwYjhreEdUbS1LUDFpQzhsY1RTRWk3dWwxeUtkNjJZZ3RRbWJqT1RvNW1Jb3JENUNjNjR4RGJOLWt1TkVzQXFVc2c0Nkp2V1BuMUNRdGFQWEJmdFVpeHFGb1ROWENHME80ckpv?oc=5\" target=\"_blank\" rel=\"nofollow noopener\">Kolejny cios Brukseli w Rosj\u0119. B\u0119dzie zakaz wjazdu<\/a>&nbsp;&nbsp;WP Wiadomo\u015bci<\/li>\n<li><a href=\"https:\/\/news.google.com\/rss\/articles\/CBMixAFBVV95cUxOZFIyQUE1X1NNS25NeEN6b1RTSzZTSVVjWVdkejhKN3JjOVdacmhITE1zZXVmNlZOMzczNEdpSXNVb1ZtdE02a1N5WkN1R24yY0pBaDNYcnAzVERzSUg2eFdsU2Z5aHJ5TXhMUnZIQW9ZVXd3cmp1WmxvMGtxTlJmYy1pWDBfeG1YQXYzS2tuaFhjb2Z3VXE1cUVaZ1dyUlgyN1YzRnQ1Z1VIM1VIUFZMbm1nMTBUUlIxekluOE9KOHpXZkZH?oc=5\" target=\"_blank\" rel=\"nofollow noopener\">Ruch Komisji Europejskiej w sprawie Rosji. Chc\u0105 zakaza\u0107 \u017co\u0142nierzom wjazdu do UE<\/a>&nbsp;&nbsp;PolsatNews.pl<\/li>\n<\/ol>\n","protected":false},"excerpt":{"rendered":"Komisja Europejska uderza w Rosj\u0119. Chodzi o zakaz wjazdu&nbsp;&nbsp;Wiadomo\u015bci Onet Nowa propozycja sankcji UE na Rosj\u0119. Walczyli w&hellip;\n","protected":false},"author":2,"featured_media":483375,"comment_status":"","ping_status":"","sticky":false,"template":"","format":"standard","meta":{"footnotes":"","_share_on_mastodon":"0"},"categories":[5],"tags":[61195,32,33,36,37,27,76,2178,34,35,28,31,48,25,46,42,38,40,39,41,1745,87,2337,47,80,29,30,86,344,26],"class_list":["post-483374","post","type-post","status-publish","format-standard","has-post-thumbnail","category-naglowki","tag-bottomfeed_styl","tag-breaking-news","tag-breakingnews","tag-featured-news","tag-featurednews","tag-headlines","tag-inwazja_rosji_na_ukraine","tag-komisja_europejska","tag-latest-news","tag-latestnews","tag-naglowki","tag-najwazniejsze-artykuly","tag-nat_styl","tag-news","tag-omp","tag-pl","tag-poland","tag-polish","tag-polska","tag-polski","tag-ropa_naftowa","tag-rosja","tag-sankcje","tag-screening_general","tag-swiat","tag-top-stories","tag-topstories","tag-unia_europejska","tag-ursula_von_der_leyen","tag-wiadomosci"],"share_on_mastodon":{"url":"https:\/\/pubeurope.com\/@pl\/116720570834412699","error":""},"_links":{"self":[{"href":"https:\/\/www.europesays.com\/pl\/wp-json\/wp\/v2\/posts\/483374","targetHints":{"allow":["GET"]}}],"collection":[{"href":"https:\/\/www.europesays.com\/pl\/wp-json\/wp\/v2\/posts"}],"about":[{"href":"https:\/\/www.europesays.com\/pl\/wp-json\/wp\/v2\/types\/post"}],"author":[{"embeddable":true,"href":"https:\/\/www.europesays.com\/pl\/wp-json\/wp\/v2\/users\/2"}],"replies":[{"embeddable":true,"href":"https:\/\/www.europesays.com\/pl\/wp-json\/wp\/v2\/comments?post=483374"}],"version-history":[{"count":0,"href":"https:\/\/www.europesays.com\/pl\/wp-json\/wp\/v2\/posts\/483374\/revisions"}],"wp:featuredmedia":[{"embeddable":true,"href":"https:\/\/www.europesays.com\/pl\/wp-json\/wp\/v2\/media\/483375"}],"wp:attachment":[{"href":"https:\/\/www.europesays.com\/pl\/wp-json\/wp\/v2\/media?parent=483374"}],"wp:term":[{"taxonomy":"category","embeddable":true,"href":"https:\/\/www.europesays.com\/pl\/wp-json\/wp\/v2\/categories?post=483374"},{"taxonomy":"post_tag","embeddable":true,"href":"https:\/\/www.europesays.com\/pl\/wp-json\/wp\/v2\/tags?post=483374"}],"curies":[{"name":"wp","href":"https:\/\/api.w.org\/{rel}","templated":true}]}}