{"id":483588,"date":"2026-06-09T16:23:12","date_gmt":"2026-06-09T16:23:12","guid":{"rendered":"https:\/\/www.europesays.com\/pl\/483588\/"},"modified":"2026-06-09T16:23:12","modified_gmt":"2026-06-09T16:23:12","slug":"kolejne-8-mln-zl-z-miasta-dla-slaska-wroclaw-taka-decyzje-podjal-jacek-sutryk","status":"publish","type":"post","link":"https:\/\/www.europesays.com\/pl\/483588\/","title":{"rendered":"Kolejne 8 mln z\u0142 z miasta dla \u015al\u0105ska Wroc\u0142aw. Tak\u0105 decyzj\u0119 podj\u0105\u0142 Jacek Sutryk"},"content":{"rendered":"\n<p>                <a target=\"_blank\" href=\"http:\/\/www.wykop.pl\/dodaj\/link\/?url=https%3A%2F%2Fwww.radiowroclaw.pl%2Farticles%2Fview%2F161311%2FKolejne-8-mln-zl-z-miasta-dla-Slaska-Wroclaw-Taka-decyzje-podjal-Jacek-Sutryk&amp;title=Kolejne+8+mln+z%C5%82+z+miasta+dla+%C5%9Al%C4%85ska+Wroc%C5%82aw.+Tak%C4%85+decyzj%C4%99+podj%C4%85%C5%82+Jacek+Sutryk&amp;desc=Miasto+Wroc%C5%82aw+przeka%C5%BCe+kolejne+8+mln+z%C5%82+na+rzecz+%C5%9Al%C4%85ska+Wroc%C5%82aw+w+ramach+dokapitalizowania+klubu.+Decyzja+prezydenta+Jacka+Sutryka+wpisuje+si%C4%99+w+seri%C4%99+tegorocznych+transfer%C3%B3w+publicznych+%C5%9Brodk%C3%B3w+do+WKS-u.\" rel=\"nofollow noopener\"><img decoding=\"async\" alt=\"Dodaj do Wykop.pl\" src=\"https:\/\/www.radiowroclaw.pl\/nlayout\/layout\/wykop-social.svg\"\/><\/a><\/p>\n<p>    <img decoding=\"async\" src=\"https:\/\/www.europesays.com\/pl\/wp-content\/uploads\/2026\/06\/zcfhdhcXOo.png\" class=\"w-100\" alt=\"Kolejne 8 mln z\u0142 z miasta dla \u015al\u0105ska Wroc\u0142aw. Tak\u0105 decyzj\u0119 podj\u0105\u0142 Jacek Sutryk - \u015al\u0105sk Wroc\u0142aw z kolejnym miejskim dokapitalizowaniem\"\/>\u015al\u0105sk Wroc\u0142aw z kolejnym miejskim dokapitalizowaniem<\/p>\n<p>fot. RW\/  slaskwroclaw.pl<\/p>\n<p>Miasto Wroc\u0142aw przeka\u017ce kolejne 8 mln z\u0142 na rzecz \u015al\u0105ska Wroc\u0142aw w ramach dokapitalizowania klubu. Decyzja prezydenta Jacka Sutryka wpisuje si\u0119 w seri\u0119 tegorocznych transfer\u00f3w publicznych \u015brodk\u00f3w do WKS-u.<\/p>\n<p style=\"text-align: justify;\">Kolejne 8 mln z\u0142 z miejskiej kasy trafi do \u015al\u0105ska Wroc\u0142aw. Decyzj\u0119 w tej sprawie podj\u0105\u0142 prezydent Jacek Sutryk, podpisuj\u0105c zarz\u0105dzenie dotycz\u0105ce pokrycia podwy\u017cszonego kapita\u0142u zak\u0142adowego klubu.<\/p>\n<p style=\"text-align: justify;\">To nast\u0119pna w tym roku transza publicznych \u015brodk\u00f3w dla WKS-u. Jak wynika z raportu firmy audytorskiej Grant Thornton, w latach 2021\u20132024 \u015al\u0105sk Wroc\u0142aw otrzyma\u0142 blisko 100 mln z\u0142 wsparcia ze \u015brodk\u00f3w publicznych, w tym 21 mln z\u0142 bezpo\u015brednio z miejskich sp\u00f3\u0142ek. W tym roku klub mia\u0142 ju\u017c otrzyma\u0107 kilka przelew\u00f3w o \u0142\u0105cznej warto\u015bci oko\u0142o 31 mln z\u0142.<\/p>\n<p>        <a name=\"Comments\"\/><br \/>\n    \ufeff<\/p>\n<p>\t\t\t\t<a name=\"Comments\"\/><\/p>\n<p>\t\t\t\t\tDodaj\u0105c komentarz do artyku\u0142u akceptujesz<br \/>\n\t\t\t\t\t<a class=\"fw-bold\" href=\"https:\/\/www.radiowroclaw.pl\/articles\/view\/97405\" title=\"regulamin strony\" rel=\"nofollow noopener\" target=\"_blank\">regulamin strony<\/a>.<br \/>\n\t\t\t\t\tRadio Wroc\u0142aw nie odpowiada za tre\u015b\u0107 komentarzy.<\/p>\n","protected":false},"excerpt":{"rendered":"\u015al\u0105sk Wroc\u0142aw z kolejnym miejskim dokapitalizowaniem fot. RW\/ slaskwroclaw.pl Miasto Wroc\u0142aw przeka\u017ce kolejne 8 mln z\u0142 na rzecz&hellip;\n","protected":false},"author":2,"featured_media":483589,"comment_status":"","ping_status":"","sticky":false,"template":"","format":"standard","meta":{"footnotes":"","_share_on_mastodon":"0"},"categories":[51607],"tags":[70807,60342,56967,51723,54194,5088,71660,42,92544,38,40,39,41,51722,23393,81259,1853,44413,49833],"class_list":["post-483588","post","type-post","status-publish","format-standard","has-post-thumbnail","category-wroclaw","tag-70807","tag-decyzje","tag-dla","tag-jacek","tag-kolejne","tag-miasta","tag-mln","tag-pl","tag-podjal","tag-poland","tag-polish","tag-polska","tag-polski","tag-slaska","tag-sutryk","tag-taka","tag-wroclaw","tag-z","tag-zl"],"share_on_mastodon":{"url":"https:\/\/pubeurope.com\/@pl\/116721078596622000","error":""},"_links":{"self":[{"href":"https:\/\/www.europesays.com\/pl\/wp-json\/wp\/v2\/posts\/483588","targetHints":{"allow":["GET"]}}],"collection":[{"href":"https:\/\/www.europesays.com\/pl\/wp-json\/wp\/v2\/posts"}],"about":[{"href":"https:\/\/www.europesays.com\/pl\/wp-json\/wp\/v2\/types\/post"}],"author":[{"embeddable":true,"href":"https:\/\/www.europesays.com\/pl\/wp-json\/wp\/v2\/users\/2"}],"replies":[{"embeddable":true,"href":"https:\/\/www.europesays.com\/pl\/wp-json\/wp\/v2\/comments?post=483588"}],"version-history":[{"count":0,"href":"https:\/\/www.europesays.com\/pl\/wp-json\/wp\/v2\/posts\/483588\/revisions"}],"wp:featuredmedia":[{"embeddable":true,"href":"https:\/\/www.europesays.com\/pl\/wp-json\/wp\/v2\/media\/483589"}],"wp:attachment":[{"href":"https:\/\/www.europesays.com\/pl\/wp-json\/wp\/v2\/media?parent=483588"}],"wp:term":[{"taxonomy":"category","embeddable":true,"href":"https:\/\/www.europesays.com\/pl\/wp-json\/wp\/v2\/categories?post=483588"},{"taxonomy":"post_tag","embeddable":true,"href":"https:\/\/www.europesays.com\/pl\/wp-json\/wp\/v2\/tags?post=483588"}],"curies":[{"name":"wp","href":"https:\/\/api.w.org\/{rel}","templated":true}]}}