{"id":484498,"date":"2026-06-10T02:13:37","date_gmt":"2026-06-10T02:13:37","guid":{"rendered":"https:\/\/www.europesays.com\/pl\/484498\/"},"modified":"2026-06-10T02:13:37","modified_gmt":"2026-06-10T02:13:37","slug":"o-dzialalnosci-zespolu-ds-monitoringu-i-ewaluacji-esk-lublin-2029-w-radiu-centrum-czerwiec-2026-aktualnosci-ekonomiczny-wydzialy","status":"publish","type":"post","link":"https:\/\/www.europesays.com\/pl\/484498\/","title":{"rendered":"O dzia\u0142alno\u015bci Zespo\u0142u ds. Monitoringu i Ewaluacji ESK Lublin 2029 w Radiu Centrum &#8211; Czerwiec &#8211; 2026 &#8211; Aktualno\u015bci &#8211; Ekonomiczny &#8211; Wydzia\u0142y"},"content":{"rendered":"<p class=\"isSelectedEnd\">W pi\u0105tek, 5 czerwca, go\u015b\u0107mi \u201ePorannej Rozmowy Radia Centrum\u201d byli dr hab. Rados\u0142aw M\u0105cik, prof. UMCS, Dyrektor Instytutu Nauk o Zarz\u0105dzaniu i Jako\u015bci UMCS, oraz prof. Agnieszka Kolasa-Nowak z Instytutu Socjologii UMCS. Rozmow\u0119 poprowadzi\u0142 Micha\u0142 Zbytniewski.<\/p>\n<p class=\"isSelectedEnd\">Tematem wywiadu by\u0142a dzia\u0142alno\u015b\u0107 Zespo\u0142u ds. Monitoringu i Ewaluacji ESK Lublin 2029. Go\u015bcie opowiedzieli m.in. o celach powo\u0142ania zespo\u0142u, planowanych narz\u0119dziach badawczych, przebiegu prac oraz znaczeniu stara\u0144 Lublina o tytu\u0142 Europejskiej Stolicy Kultury 2029.<\/p>\n<p class=\"isSelectedEnd\">Zach\u0119camy do wys\u0142uchania rozmowy, aby dowiedzie\u0107 si\u0119 wi\u0119cej o zadaniach zespo\u0142u, procesie monitorowania i ewaluacji dzia\u0142a\u0144 zwi\u0105zanych z kandydatur\u0105 Lublina do tytu\u0142u Europejskiej Stolicy Kultury 2029 oraz o korzy\u015bciach, jakie mo\u017ce przynie\u015b\u0107 miastu zdobycie tego presti\u017cowego tytu\u0142u.<\/p>\n<p>Audycja jest dost\u0119pna w formie podcastu na Spotify:\u00a0<a href=\"https:\/\/open.spotify.com\/show\/2CftWEuNnsf6qeA5Ov27kQ?si=360a1fc7466e43d8\" rel=\"nofollow noopener\" target=\"_blank\">https:\/\/open.spotify.com\/show\/2CftWEuNnsf6qeA5Ov27kQ?si=360a1fc7466e43d8<\/a><\/p>\n<p>\u00a0<\/p>\n<p>\u00a0<\/p>\n<p>\u00a0<\/p>\n","protected":false},"excerpt":{"rendered":"W pi\u0105tek, 5 czerwca, go\u015b\u0107mi \u201ePorannej Rozmowy Radia Centrum\u201d byli dr hab. Rados\u0142aw M\u0105cik, prof. UMCS, Dyrektor Instytutu&hellip;\n","protected":false},"author":2,"featured_media":484499,"comment_status":"","ping_status":"","sticky":false,"template":"","format":"standard","meta":{"footnotes":"","_share_on_mastodon":"0"},"categories":[51612],"tags":[92809,80138,15599,86083,10556,16565,55894,55048,57478,68383,92813,1081,92810,67677,92811,15186,42,38,40,39,41,91912,34763,52404,57470,92815,2628,92814,92817,55036,92818,92812,92816,76014],"class_list":["post-484498","post","type-post","status-publish","format-standard","has-post-thumbnail","category-lublin","tag-porannej","tag-agnieszka","tag-centrum","tag-czerwca","tag-dyrektor","tag-dzialalnosc","tag-goscmi","tag-hab","tag-instytutu","tag-jakosci","tag-kolasa-nowak","tag-lublin","tag-macik","tag-michal","tag-nauk","tag-piatek","tag-pl","tag-poland","tag-polish","tag-polska","tag-polski","tag-poprowadzil","tag-prof","tag-radia","tag-radoslaw","tag-rozmowe","tag-rozmowy","tag-socjologii","tag-tematem","tag-umcs","tag-wywiadu","tag-zarzadzaniu","tag-zbytniewski","tag-zespolu"],"share_on_mastodon":{"url":"https:\/\/pubeurope.com\/@pl\/116723397639302142","error":""},"_links":{"self":[{"href":"https:\/\/www.europesays.com\/pl\/wp-json\/wp\/v2\/posts\/484498","targetHints":{"allow":["GET"]}}],"collection":[{"href":"https:\/\/www.europesays.com\/pl\/wp-json\/wp\/v2\/posts"}],"about":[{"href":"https:\/\/www.europesays.com\/pl\/wp-json\/wp\/v2\/types\/post"}],"author":[{"embeddable":true,"href":"https:\/\/www.europesays.com\/pl\/wp-json\/wp\/v2\/users\/2"}],"replies":[{"embeddable":true,"href":"https:\/\/www.europesays.com\/pl\/wp-json\/wp\/v2\/comments?post=484498"}],"version-history":[{"count":0,"href":"https:\/\/www.europesays.com\/pl\/wp-json\/wp\/v2\/posts\/484498\/revisions"}],"wp:featuredmedia":[{"embeddable":true,"href":"https:\/\/www.europesays.com\/pl\/wp-json\/wp\/v2\/media\/484499"}],"wp:attachment":[{"href":"https:\/\/www.europesays.com\/pl\/wp-json\/wp\/v2\/media?parent=484498"}],"wp:term":[{"taxonomy":"category","embeddable":true,"href":"https:\/\/www.europesays.com\/pl\/wp-json\/wp\/v2\/categories?post=484498"},{"taxonomy":"post_tag","embeddable":true,"href":"https:\/\/www.europesays.com\/pl\/wp-json\/wp\/v2\/tags?post=484498"}],"curies":[{"name":"wp","href":"https:\/\/api.w.org\/{rel}","templated":true}]}}