{"id":484666,"date":"2026-06-10T04:17:08","date_gmt":"2026-06-10T04:17:08","guid":{"rendered":"https:\/\/www.europesays.com\/pl\/484666\/"},"modified":"2026-06-10T04:17:08","modified_gmt":"2026-06-10T04:17:08","slug":"liga-narodow-kuba-polska-gdzie-ogladac-mecz-o-ktorej","status":"publish","type":"post","link":"https:\/\/www.europesays.com\/pl\/484666\/","title":{"rendered":"Liga Narod\u00f3w. Kuba &#8211; Polska. Gdzie ogl\u0105da\u0107 mecz? O kt\u00f3rej?"},"content":{"rendered":"\n<p class=\"contentpart contentpart--default contentpart--text\" data-position=\"0\">Liga Narod\u00f3w. Kuba &#8211; Polska. Czy b\u0119dzie w telewizji? Gdzie ogl\u0105da\u0107?<\/p>\n<p class=\"contentpart contentpart--default contentpart--text\" data-position=\"1\">Pocz\u0105tek pierwszego spotkania <a href=\"https:\/\/sportowefakty.wp.pl\/siatkowka\/reprezentacja\" rel=\"nofollow noopener\" target=\"_blank\">reprezentacji Polski<\/a>\u00a0siatkarzy podczas tegorocznej <a href=\"https:\/\/sportowefakty.wp.pl\/siatkowka\/liga-swiatowa\" rel=\"nofollow noopener\" target=\"_blank\">Ligi Narod\u00f3w<\/a>, w kt\u00f3rym Bia\u0142o-Czerwoni zmierz\u0105 si\u0119 z <a href=\"https:\/\/sportowefakty.wp.pl\/siatkowka\/reprezentacja-kuby-mezczyzn\" rel=\"nofollow noopener\" target=\"_blank\">Kub\u0105<\/a>, zaplanowano na \u015brod\u0119, 10 czerwca, godzin\u0119 7:00 naszego czasu.<\/p>\n<p>  <img decoding=\"async\" src=\"https:\/\/v.wpimg.pl\/X3dwLnN2d1IFFTpdYUl6R0ZNbgcnEHQREVV2TGEGbUtRT2MdOlZ2RBQUKABgQjQcDRotCStBd1IAAWMeIlM7VgwYIAorQAdEFFk_GCkQJQ\" alt=\"\" width=\"45\" height=\"58\" loading=\"lazy\"\/>  <\/p>\n<p class=\"contentpart contentpart--default contentpart--text\" data-position=\"2\">Transmisja telewizyjna wspomnianego meczu na kana\u0142ach Polsat Sport 1 i Polsat Sport Extra 2.<\/p>\n<p class=\"contentpart contentpart--default contentpart--text\" data-position=\"3\">Mecz Kuba &#8211; Polska w internecie. Gdzie znale\u017a\u0107 stream online z Ligi Narod\u00f3w?<\/p>\n<p class=\"contentpart contentpart--default contentpart--text\" data-position=\"4\">Spotkanie z udzia\u0142em Polak\u00f3w i Kuba\u0144czyk\u00f3w dost\u0119pne b\u0119dzie do obejrzenia tak\u017ce w internecie. Transmisj\u0119 mo\u017cna \u015bledzi\u0107 na stronie i w aplikacji Polsat Box Go (po wykupieniu odpowiedniego pakietu). Tekstow\u0105 relacj\u0119 LIVE przeprowadzi portal WP SportoweFakty.<\/p>\n<p class=\"contentpart contentpart--default contentpart--text\" data-position=\"5\"><a href=\"https:\/\/sportowefakty.wp.pl\/siatkowka\/relacja-na-zywo\/177964\/reprezentacja-kuby-kobiet-reprezentacja-live\" rel=\"nofollow noopener\" target=\"_blank\">Darmowa relacja LIVE z meczu Kuba &#8211; Polska w Lidze Narod\u00f3w na WP SportoweFakty<\/a>.<\/p>\n<p class=\"contentpart contentpart--default contentpart--text\" data-position=\"6\">Pocz\u0105tek meczu Kuba &#8211; Polska: godz. 7:00 naszego czasu. Transmisja TV: Polsat Sport 1 i Polsat Sport Extra 2. Stream online: Polsat Box Go (po wykupieniu odpowiedniego pakietu). Relacja LIVE: WP SportoweFakty.<\/p>\n<p>  <img decoding=\"async\" src=\"https:\/\/v.wpimg.pl\/X3dwLnN2d1IFFTpdYUl6R0ZNbgcnEHQREVV2TGEGbUtRT2MdOlZ2RBQUKABgQjQcDRotCStBd1IAAWMeIlM7VgwYIAorQAdEFFk_GCkQJQ\" alt=\"\" width=\"45\" height=\"58\" loading=\"lazy\"\/>  <\/p>\n<p class=\"contentpart contentpart--default contentpart--text\" data-position=\"7\">ZOBACZ WIDEO: Wsiedli\u015bmy do auta za ponad 1,5 mln z\u0142. Manufaktura z Czech<\/p>\n","protected":false},"excerpt":{"rendered":"Liga Narod\u00f3w. Kuba &#8211; Polska. Czy b\u0119dzie w telewizji? Gdzie ogl\u0105da\u0107? Pocz\u0105tek pierwszego spotkania reprezentacji Polski\u00a0siatkarzy podczas tegorocznej&hellip;\n","protected":false},"author":2,"featured_media":484667,"comment_status":"","ping_status":"","sticky":false,"template":"","format":"standard","meta":{"footnotes":"","_share_on_mastodon":"0"},"categories":[12],"tags":[1543,12614,42,38,40,39,41,539,4608,131],"class_list":["post-484666","post","type-post","status-publish","format-standard","has-post-thumbnail","category-polska","tag-kuba","tag-liga-narodow","tag-pl","tag-poland","tag-polish","tag-polska","tag-polski","tag-reprezentacje","tag-rozgrywki-miedzynarodowe","tag-siatkowka"],"share_on_mastodon":{"url":"https:\/\/pubeurope.com\/@pl\/116723885927224121","error":""},"_links":{"self":[{"href":"https:\/\/www.europesays.com\/pl\/wp-json\/wp\/v2\/posts\/484666","targetHints":{"allow":["GET"]}}],"collection":[{"href":"https:\/\/www.europesays.com\/pl\/wp-json\/wp\/v2\/posts"}],"about":[{"href":"https:\/\/www.europesays.com\/pl\/wp-json\/wp\/v2\/types\/post"}],"author":[{"embeddable":true,"href":"https:\/\/www.europesays.com\/pl\/wp-json\/wp\/v2\/users\/2"}],"replies":[{"embeddable":true,"href":"https:\/\/www.europesays.com\/pl\/wp-json\/wp\/v2\/comments?post=484666"}],"version-history":[{"count":0,"href":"https:\/\/www.europesays.com\/pl\/wp-json\/wp\/v2\/posts\/484666\/revisions"}],"wp:featuredmedia":[{"embeddable":true,"href":"https:\/\/www.europesays.com\/pl\/wp-json\/wp\/v2\/media\/484667"}],"wp:attachment":[{"href":"https:\/\/www.europesays.com\/pl\/wp-json\/wp\/v2\/media?parent=484666"}],"wp:term":[{"taxonomy":"category","embeddable":true,"href":"https:\/\/www.europesays.com\/pl\/wp-json\/wp\/v2\/categories?post=484666"},{"taxonomy":"post_tag","embeddable":true,"href":"https:\/\/www.europesays.com\/pl\/wp-json\/wp\/v2\/tags?post=484666"}],"curies":[{"name":"wp","href":"https:\/\/api.w.org\/{rel}","templated":true}]}}