{"id":484764,"date":"2026-06-10T05:27:10","date_gmt":"2026-06-10T05:27:10","guid":{"rendered":"https:\/\/www.europesays.com\/pl\/484764\/"},"modified":"2026-06-10T05:27:10","modified_gmt":"2026-06-10T05:27:10","slug":"na-zywo-kuba-polska-w-lidze-narodow-relacja-i-wynik-live","status":"publish","type":"post","link":"https:\/\/www.europesays.com\/pl\/484764\/","title":{"rendered":"NA \u017bYWO: Kuba &#8211; Polska w Lidze Narod\u00f3w! Relacja i wynik live"},"content":{"rendered":"<p>Doczekali\u015bmy si\u0119 pierwszego meczu o stawk\u0119 dla siatkarskiej reprezentacji Polski w tym sezonie. Bia\u0142o-Czerwoni na otwarcie rywalizacji w Lidze Narod\u00f3w zagraj\u0105 z Kuba\u0144czykami. Spotkanie odbywa si\u0119 w chi\u0144skim Linyi. Bia\u0142o-Czerwoni, prowadzeni przez Nikol\u0119 Grbicia, przyst\u0119puj\u0105 do turnieju jako liderzy rankingu FIVB i obro\u0144cy tytu\u0142u z poprzedniej edycji.<\/p>\n<p>Polacy trafili do grupy, w kt\u00f3rej opr\u00f3cz Kuby zmierz\u0105 si\u0119 m.in. ze S\u0142oweni\u0105, Japoni\u0105 i Ukrain\u0105. W sk\u0142adzie Polski nie zabraknie takich gwiazd jak Wilfredo Le\u00f3n, Tomasz Fornal czy Jakub Kochanowski. Niestety, z powodu kontuzji nie ma w kadrze Mateusza Bie\u0144ka, co os\u0142abi \u015brodek siatki.<\/p>\n<p>Kuba to dru\u017cyna, kt\u00f3ra w ostatnich latach potrafi\u0142a sprawia\u0107 niespodzianki, pokonuj\u0105c nawet czo\u0142owe zespo\u0142y \u015bwiata, w tym Polsk\u0119, tak jak ca\u0142kiem niedawno w Ergo Arenie. Kto wygra?<\/p>\n<p>                        <a class=\"backButton\" onclick=\"window.history.back();\">&lt;Go back<\/a><\/p>\n<p>          <img decoding=\"async\" src=\"https:\/\/www.europesays.com\/pl\/wp-content\/uploads\/2026\/06\/rzmkr1kaXNrL2ZsYWdfa3ViYS0xNTM1NjIwNjcyLnBuZ5KVAmQAwsOVAgBkwsM.png\" alt=\"Kuba\"\/><br \/>\n        Kuba<\/p>\n<p>          <img decoding=\"async\" src=\"https:\/\/www.europesays.com\/pl\/wp-content\/uploads\/2026\/05\/1779513035_235_tfFkrdkaXNrL3BvbC0xNTI4ODk2NjkzLnBuZ5KVAmQAwsOVAgBkwsM.png\" alt=\"Polska\"\/><br \/>\n        Polska<\/p>\n<p>      <img decoding=\"async\" src=\"data:image\/gif;base64,R0lGODlhAQABAPABAP\/\/\/wAAACH5BAEKAAAALAAAAAABAAEAAAICRAEAOw%3D%3D\" alt=\"\"\/>Kuba &#8211; Polska<\/p>\n<p>Relacja na \u017cywo<\/p>\n<p>\n        14 &#8211; 23<br \/>\n          1. set<\/p>\n<p>        0 &#8211; 0<br \/>\n          2. set<\/p>\n<p>        0 &#8211; 0<br \/>\n          3. set<\/p>\n<tr>\n<td class=\"number\">7<\/td>\n<td class=\"playerActions\">Yonder Garcia<\/td>\n<td class=\"number\">7<\/td>\n<\/tr>\n<tr>\n<td class=\"number\">12<\/td>\n<td class=\"playerActions\">Lazaro Arrechea<\/td>\n<td class=\"number\">12<\/td>\n<\/tr>\n<tr>\n<td class=\"number\">8<\/td>\n<td class=\"playerActions\">Julio Alberto Gomez<\/td>\n<td class=\"number\">8<\/td>\n<\/tr>\n<tr>\n<td class=\"number\">28<\/td>\n<td class=\"playerActions\">Christian Thondike<\/td>\n<td class=\"number\">28<\/td>\n<\/tr>\n<tr>\n<td class=\"number\">15<\/td>\n<td class=\"playerActions\">David Fiel Rodriguez<\/td>\n<td class=\"number\">15<\/td>\n<\/tr>\n<tr>\n<td class=\"number\">17<\/td>\n<td class=\"playerActions\">Gabriel Contreras<\/td>\n<td class=\"number\">17<\/td>\n<\/tr>\n<tr class=\"reserve \">\n<td class=\"number\">28<\/td>\n<td class=\"playerActions\">Thiago Suarez<\/td>\n<td class=\"number\">28<\/td>\n<\/tr>\n<tr class=\"reserve \">\n<td class=\"number\">99<\/td>\n<td class=\"playerActions\">Alexis Wilson<\/td>\n<td class=\"number\">99<\/td>\n<\/tr>\n<tr class=\"reserve \">\n<td class=\"number\">9<\/td>\n<td class=\"playerActions\">Alejandro Gonzalez<\/td>\n<td class=\"number\">9<\/td>\n<\/tr>\n<tr class=\"reserve \">\n<td class=\"number\">30<\/td>\n<td class=\"playerActions\">Daniel Martinez<\/td>\n<td class=\"number\">30<\/td>\n<\/tr>\n<tr class=\"reserve \">\n<td class=\"number\">3<\/td>\n<td class=\"playerActions\">Julio Cardenas<\/td>\n<td class=\"number\">3<\/td>\n<\/tr>\n<tr class=\"reserve \">\n<td class=\"number\">4<\/td>\n<td class=\"playerActions\">Bryan Camino<\/td>\n<td class=\"number\">4<\/td>\n<\/tr>\n<tr class=\"reserve \">\n<td class=\"number\">10<\/td>\n<td class=\"playerActions\">Nivaldo Diaz Gomez<\/td>\n<td class=\"number\">10<\/td>\n<\/tr>\n<tr class=\"reserve \">\n<td class=\"number\">32<\/td>\n<td class=\"playerActions\">Victor Andreu<\/td>\n<td class=\"number\">32<\/td>\n<\/tr>\n<tr>\n<td class=\"number\">13<\/td>\n<td class=\"playerActions\">Jakub Ciunajtis<\/td>\n<td class=\"number\">13<\/td>\n<\/tr>\n<tr>\n<td class=\"number\">18<\/td>\n<td class=\"playerActions\">Maksymilian Granieczny<\/td>\n<td class=\"number\">18<\/td>\n<\/tr>\n<tr>\n<td class=\"number\">32<\/td>\n<td class=\"playerActions\">Marcel Bakaj<\/td>\n<td class=\"number\">32<\/td>\n<\/tr>\n<tr>\n<td class=\"number\">96<\/td>\n<td class=\"playerActions\">Jan Firlej<\/td>\n<td class=\"number\">96<\/td>\n<\/tr>\n<tr>\n<td class=\"number\">7<\/td>\n<td class=\"playerActions\">Bart\u0142omiej Lema\u0144ski<\/td>\n<td class=\"number\">7<\/td>\n<\/tr>\n<tr>\n<td class=\"number\">17<\/td>\n<td class=\"playerActions\">Jakub Majchrzak<\/td>\n<td class=\"number\">17<\/td>\n<\/tr>\n<tr class=\"reserve \">\n<td class=\"number\">24<\/td>\n<td class=\"playerActions\">Adrian Markiewicz<\/td>\n<td class=\"number\">24<\/td>\n<\/tr>\n<tr class=\"reserve \">\n<td class=\"number\">34<\/td>\n<td class=\"playerActions\">Szymon Jakubiszak<\/td>\n<td class=\"number\">34<\/td>\n<\/tr>\n<tr class=\"reserve \">\n<td class=\"number\">50<\/td>\n<td class=\"playerActions\">Bartosz Gomu\u0142ka<\/td>\n<td class=\"number\">50<\/td>\n<\/tr>\n<tr class=\"reserve \">\n<td class=\"number\">1<\/td>\n<td class=\"playerActions\">Alaksiej Nasiewicz<\/td>\n<td class=\"number\">1<\/td>\n<\/tr>\n<tr class=\"reserve \">\n<td class=\"number\">11<\/td>\n<td class=\"playerActions\">Aleksander \u015aliwka<\/td>\n<td class=\"number\">11<\/td>\n<\/tr>\n<tr class=\"reserve \">\n<td class=\"number\">19<\/td>\n<td class=\"playerActions\">Bartosz Firszt<\/td>\n<td class=\"number\">19<\/td>\n<\/tr>\n<tr class=\"reserve \">\n<td class=\"number\">27<\/td>\n<td class=\"playerActions\">Micha\u0142 Gier\u017cot<\/td>\n<td class=\"number\">27<\/td>\n<\/tr>\n<tr class=\"reserve \">\n<td class=\"number\">58<\/td>\n<td class=\"playerActions\">Bartosz Zych<\/td>\n<td class=\"number\">58<\/td>\n<\/tr>\n","protected":false},"excerpt":{"rendered":"Doczekali\u015bmy si\u0119 pierwszego meczu o stawk\u0119 dla siatkarskiej reprezentacji Polski w tym sezonie. Bia\u0142o-Czerwoni na otwarcie rywalizacji w&hellip;\n","protected":false},"author":2,"featured_media":484765,"comment_status":"","ping_status":"","sticky":false,"template":"","format":"standard","meta":{"footnotes":"","_share_on_mastodon":"0"},"categories":[16],"tags":[113,61195,112,1543,14269,48,46,42,38,40,39,41,355,47,131],"class_list":["post-484764","post","type-post","status-publish","format-standard","has-post-thumbnail","category-biznes","tag-biznes","tag-bottomfeed_styl","tag-business","tag-kuba","tag-liga_narodow","tag-nat_styl","tag-omp","tag-pl","tag-poland","tag-polish","tag-polska","tag-polski","tag-reprezentacja_polski","tag-screening_general","tag-siatkowka"],"share_on_mastodon":{"url":"https:\/\/pubeurope.com\/@pl\/116724161341657833","error":""},"_links":{"self":[{"href":"https:\/\/www.europesays.com\/pl\/wp-json\/wp\/v2\/posts\/484764","targetHints":{"allow":["GET"]}}],"collection":[{"href":"https:\/\/www.europesays.com\/pl\/wp-json\/wp\/v2\/posts"}],"about":[{"href":"https:\/\/www.europesays.com\/pl\/wp-json\/wp\/v2\/types\/post"}],"author":[{"embeddable":true,"href":"https:\/\/www.europesays.com\/pl\/wp-json\/wp\/v2\/users\/2"}],"replies":[{"embeddable":true,"href":"https:\/\/www.europesays.com\/pl\/wp-json\/wp\/v2\/comments?post=484764"}],"version-history":[{"count":0,"href":"https:\/\/www.europesays.com\/pl\/wp-json\/wp\/v2\/posts\/484764\/revisions"}],"wp:featuredmedia":[{"embeddable":true,"href":"https:\/\/www.europesays.com\/pl\/wp-json\/wp\/v2\/media\/484765"}],"wp:attachment":[{"href":"https:\/\/www.europesays.com\/pl\/wp-json\/wp\/v2\/media?parent=484764"}],"wp:term":[{"taxonomy":"category","embeddable":true,"href":"https:\/\/www.europesays.com\/pl\/wp-json\/wp\/v2\/categories?post=484764"},{"taxonomy":"post_tag","embeddable":true,"href":"https:\/\/www.europesays.com\/pl\/wp-json\/wp\/v2\/tags?post=484764"}],"curies":[{"name":"wp","href":"https:\/\/api.w.org\/{rel}","templated":true}]}}