{"id":484774,"date":"2026-06-10T05:32:07","date_gmt":"2026-06-10T05:32:07","guid":{"rendered":"https:\/\/www.europesays.com\/pl\/484774\/"},"modified":"2026-06-10T05:32:07","modified_gmt":"2026-06-10T05:32:07","slug":"stalo-sie-to-czego-kaczynski-sie-obawial-zlosc-na-nawrockiego","status":"publish","type":"post","link":"https:\/\/www.europesays.com\/pl\/484774\/","title":{"rendered":"Sta\u0142o si\u0119 to, czego Kaczy\u0144ski si\u0119 obawia\u0142. Z\u0142o\u015b\u0107 na Nawrockiego"},"content":{"rendered":"<p>\n        Na stronie S\u0105du Najwy\u017cszego, jego Izby Karnej, opublikowano komunikat: &#8222;\u200b\u200bPierwszy Prezes S\u0105du Najwy\u017cszego zarz\u0105dzeniem z dnia 29 maja 2026 r. upowa\u017cni\u0142 s\u0119dziego S\u0105du Najwy\u017cszego Piotra Mirka do tymczasowego wykonywania czynno\u015bci zwi\u0105zanych z organizacj\u0105 i kierowaniem prac\u0105 Izby Karnej [&#8230;]&#8221;.\n    <\/p>\n<p>\n        Podobnie te\u017c jest z Izb\u0105 Pracy i Ubezpiecze\u0144 Spo\u0142ecznych. Komunikat: &#8222;Pierwszy Prezes S\u0105du Najwy\u017cszego zarz\u0105dzeniem z dnia 29 maja 2026 r. upowa\u017cni\u0142 s\u0119dzi\u0119 S\u0105du Najwy\u017cszego Ew\u0119 Stryczy\u0144sk\u0105 do tymczasowego wykonywania czynno\u015bci zwi\u0105zanych z organizacj\u0105 i kierowaniem prac\u0105 Izby Pracy i Ubezpiecze\u0144 Spo\u0142ecznych [&#8230;]&#8221;.\n    <\/p>\n<p>\n        To te decyzje mia\u0142 na my\u015bli prezes PiS, gdy m\u00f3wi\u0142 w wywiadzie dla Wirtualnej Polski o tym, \u017ce jest zawiedziony niekt\u00f3rymi posuni\u0119ciami Kapi\u0144skiego. \u2014 <a href=\"https:\/\/www.newsweek.pl\/polska\/polityka\/karol-nawrocki-ma-problem-slawomir-cenckiewicz-nie-ulatwia-mu-sprawy\/3cylwsr\" id=\"8c9a54d6-6749-4906-a09c-7d203d26b580\" rel=\"nofollow noopener\" target=\"_blank\">Wpis na X [o tym, \u017ce Zbigniew Kapi\u0144ski nie mo\u017ce zosta\u0107 prezesem SN \u2014 red.]<\/a> by\u0142 wynikiem mojego prze\u015bwiadczenia, \u017ce to bardzo wa\u017cna sprawa, bo pierwszy prezes S\u0105du Najwy\u017cszego to bardzo wa\u017cne stanowisko. I uczciwie m\u00f3wi\u0105c, pierwsze decyzje pana prezesa zdaj\u0105 si\u0119 potwierdza\u0107 moje prze\u015bwiadczenie. Ja m\u00f3wi\u0119, \u017ce decyzje pierwszego prezesa S\u0105du Najwy\u017cszego zdaj\u0105 si\u0119 potwierdza\u0107 moje prze\u015bwiadczenie. Ale &#8222;zdaj\u0105 si\u0119&#8221;, bo jeszcze zobaczymy, co b\u0119dzie dalej \u2014 m\u00f3wi\u0142 Kaczy\u0144ski.\n    <\/p>\n<p>        S\u0119dzia przyczyni\u0142 si\u0119 do skazania polityk\u00f3w PiS. Awansowa\u0142 w SN<\/p>\n<p>\n        O ile Ewa Stryczy\u0144ska a\u017c tak bardzo nie k\u0142uje w oczy Nowogrodzkiej, to s\u0119dzia Piotr Mirek \u2014 tak. Pow\u00f3d? Cho\u0107by orzeczenie Izby Karnej SN z 6 czerwca 2023 r.\n    <\/p>\n<p>\n        W\u00f3wczas sk\u0142ad z s\u0119dzi\u0105 Mirkiem orzek\u0142: cho\u0107 prezydent Andrzej Duda u\u0142askawi\u0142 \u2014 przed prawomocnym wyrokiem \u2014 Mariusza Kami\u0144skiego i Macieja W\u0105sika, to <a href=\"https:\/\/www.newsweek.pl\/polska\/polityka\/takiego-procesu-w-polsce-jeszcze-nie-bylo-kaminski-i-wasik-straca-mandaty-poselskie\/mcjdhkx\" id=\"885fd8e5-b3bc-4a83-ba0e-3369c0f02117\" rel=\"nofollow noopener\" target=\"_blank\">ich proces nale\u017cy wznowi\u0107 i os\u0105dzi\u0107<\/a>. To de facto \u2014 cho\u0107 nie bezpo\u015brednio \u2014 ale skutkowa\u0142o wsadzeniem tych polityk\u00f3w PiS do wi\u0119zienia, gdy PiS jesieni\u0105 2023 r. straci\u0142o w\u0142adz\u0119. S\u0119dzia Mirek by\u0142 w sk\u0142adzie SN przewodnicz\u0105cym. W\u00f3wczas SN \u2014 z s\u0119dzi\u0105 Mirkiem na czele sk\u0142adu \u2014 zignorowa\u0142 orzeczenie Trybuna\u0142u Konstytucyjnego, kt\u00f3ry par\u0119 dni wcze\u015bniej uzna\u0142, \u017ce S\u0105d Najwy\u017cszy nie mo\u017ce orzeka\u0107 w sprawie prawa \u0142aski (czyli konkretnie wobec Kami\u0144skiego i W\u0105sika).\n    <\/p>\n<p>\n        Politycy PiS byli w\u015bciekli. \u2014 To jest jawna dywersja S\u0105du Najwy\u017cszego i dzia\u0142anie antykonstytucyjne, kt\u00f3re ma doprowadzi\u0107 do ca\u0142kowitego chaosu prawnego \u2014 m\u00f3wi\u0142 rzecznik PiS Rafa\u0142 Bochenek.\n    <\/p>\n<p>\n        S\u0119dzia Piotr Mirek trafi\u0142 do SN w pa\u017adzierniku 2015 r. z S\u0105du Apelacyjnego w Katowicach. Jest wi\u0119c s\u0119dzi\u0105, kt\u00f3rego status nie jest przez nikogo kwestionowany i trafi\u0142 do SN jeszcze za rz\u0105d\u00f3w koalicji PO-PSL. S\u0119dzia Mirek nie jest twardo po \u017cadnej stronie wojny w SN. Na dow\u00f3d jego zdanie odr\u0119bne do uchwa\u0142y po\u0142\u0105czonych izb SN \u2014 Cywilnej, Karnej, Pracy i Ubezpiecze\u0144 Spo\u0142ecznych \u2014 z 2020 roku, w kt\u00f3rej uznano, \u017ce &#8222;neo&#8221; nie s\u0105 w og\u00f3le s\u0119dziami SN. Mirek stan\u0105\u0142 na stanowisku \u2014 wraz z kilkoma innymi s\u0119dziami \u2014 \u017ce nie mo\u017cna by\u0142o wy\u0142\u0105czy\u0107 z podejmowania uchwa\u0142y dw\u00f3ch pozosta\u0142ych izb SN i wskazywa\u0142 na niedopuszczalno\u015b\u0107 oceniania powo\u0142a\u0144 s\u0119dzi\u00f3w przez prezydenta.\n    <\/p>\n<p>\n        S\u0119dzia Piotr Mirek uko\u0144czy\u0142 prawo na Katolickim Uniwersytecie Lubelskim. W 1993 r. zacz\u0105\u0142 pracowa\u0107 w S\u0105dzie Rejonowym w Sosnowcu. W 2003 r. awansowa\u0142 do S\u0105du Okr\u0119gowego w Katowicach, by potem przej\u015b\u0107 do S\u0105du Apelacyjnego w Katowicach. By\u0142 cz\u0142onkiem sk\u0142adu orzekaj\u0105cego, kt\u00f3ry prawomocnie skaza\u0142 ZOMO-wc\u00f3w strzelaj\u0105cych do g\u00f3rnik\u00f3w kopalni &#8222;Wujek&#8221; w stanie wojennym. S\u0105dzi\u0142 te\u017c w g\u0142o\u015bnych sprawach kryminalnych \u2014 na 25 lat wi\u0119zienia skaza\u0142 Ryszarda N., ps. &#8222;Rze\u017anik&#8221;, kt\u00f3ry uczestniczy\u0142 w zamachu na szefa mafii pruszkowskiej.\n    <\/p>\n<p>        Kontrowersje wok\u00f3\u0142 nominacji Zbigniewa Kapi\u0144skiego. &#8222;Ju\u017c robi si\u0119 dym&#8221;<\/p>\n<p>\n        Mirek jest &#8222;starym&#8221; s\u0119dzi\u0105. W odr\u00f3\u017cnieniu od samego Zbigniewa Kapi\u0144skiego \u2014 on trafi\u0142 do SN w 2022 r. Wybra\u0142a go Krajowa Rada S\u0105downictwa obsadzona s\u0119dziami wskazanymi przez Sejm, a nie samo \u015brodowisko s\u0119dziowskie. A wi\u0119c tzw. neoKRS.\n    <\/p>\n<p>\n        Kiedy zako\u0144czy\u0142a si\u0119 kadencja poprzedniej I prezes SN, Ma\u0142gorzaty Manowskiej, prezydent Karol Nawrocki musia\u0142 wskaza\u0107 jej nast\u0119pc\u0119. <a href=\"https:\/\/www.newsweek.pl\/polska\/polityka\/karol-nawrocki-ma-problem-slawomir-cenckiewicz-nie-ulatwia-mu-sprawy\/3cylwsr\" id=\"4a06d6c8-5dbb-47e1-bbfa-87d4cd1de13b\" rel=\"nofollow noopener\" target=\"_blank\">S\u0119dzia Kapi\u0144ski by\u0142 najbardziej kompromisowym i ugodowym z kandydat\u00f3w, kt\u00f3rych przedstawiono Nawrockiemu<\/a>. Tyle \u017ce cz\u0119\u015b\u0107 prawicy zarzuci\u0142a mu, \u017ce w procesie lustracyjnym Lecha Wa\u0142\u0119sy uniewinni\u0142 go od zarzutu k\u0142amstwa lustracyjnego, wbrew dowodom. <a href=\"https:\/\/www.newsweek.pl\/opinie\/spor-o-i-prezesa-sadu-najwyzszego-decyzja-karola-nawrockiego-wywolola-bunt\/0zks7cy\" id=\"face65e7-a826-4db3-90cb-8a5a1e4924da\" rel=\"nofollow noopener\" target=\"_blank\">Przeciwko nominacji Kapi\u0144skiego wyst\u0105pi\u0142 by\u0142y szef BBN i przyjaciel Karola Nawrockiego, prof. S\u0142awomir Cenckiewicz, a p\u00f3\u017aniej tak\u017ce sam prezes PiS<\/a>. Prezydent nie uwzgl\u0119dni\u0142 ich obiekcji.\n    <\/p>\n<p>\n        S\u0119dzia Kapi\u0144ski kwestionuje podzia\u0142 na &#8222;neo&#8221; i &#8222;paleo&#8221; s\u0119dzi\u00f3w (w zale\u017cno\u015bci od tego, kt\u00f3ry sk\u0142ad KRS ich wskaza\u0142) \u2014 wszystkich uznaje za prawowitych. W tym, \u017ce s\u0119dziowie nawzajem kwestionuj\u0105 swoje prawo do orzekania, widzi ryzyko &#8222;utraty pa\u0144stwa&#8221;. Chc\u0105c jednak zasypa\u0107 r\u00f3w w S\u0105dzie Najwy\u017cszym, Kapi\u0144ski kopie nowy.\n    <\/p>\n<p>\n        W S\u0105dzie Najwy\u017cszym narasta napi\u0119cie. Pow\u00f3d? Ju\u017c nie tylko fundamentalny sp\u00f3r mi\u0119dzy &#8222;neo&#8221; a &#8222;paleo&#8221; s\u0119dziami (&#8222;paleo&#8221; powo\u0142uj\u0105c si\u0119 na orzeczenia TSUE i uchwa\u0142\u0119 po\u0142\u0105czonych izb SN kwestionuj\u0105 to, \u017ce &#8222;neo&#8221; w og\u00f3le s\u0105 s\u0119dziami). Nowa o\u015b podzia\u0142u jest inna: cz\u0119\u015b\u0107 &#8222;neo&#8221; kwestionuje ugodow\u0105 lini\u0119 Kapi\u0144skiego. \u2014 Ju\u017c si\u0119 robi dym \u2014 s\u0142yszymy. <\/p>\n","protected":false},"excerpt":{"rendered":"Na stronie S\u0105du Najwy\u017cszego, jego Izby Karnej, opublikowano komunikat: &#8222;\u200b\u200bPierwszy Prezes S\u0105du Najwy\u017cszego zarz\u0105dzeniem z dnia 29 maja&hellip;\n","protected":false},"author":2,"featured_media":484775,"comment_status":"","ping_status":"","sticky":false,"template":"","format":"standard","meta":{"footnotes":"","_share_on_mastodon":"0"},"categories":[62712],"tags":[8526,690,1381,12285,2560],"class_list":["post-484774","post","type-post","status-publish","format-standard","has-post-thumbnail","category-karol-nawrocki","tag-jaroslaw-kaczynski","tag-karol-nawrocki","tag-krs","tag-sad-najwyzszy","tag-sadownictwo"],"share_on_mastodon":{"url":"https:\/\/pubeurope.com\/@pl\/116724180207921620","error":""},"_links":{"self":[{"href":"https:\/\/www.europesays.com\/pl\/wp-json\/wp\/v2\/posts\/484774","targetHints":{"allow":["GET"]}}],"collection":[{"href":"https:\/\/www.europesays.com\/pl\/wp-json\/wp\/v2\/posts"}],"about":[{"href":"https:\/\/www.europesays.com\/pl\/wp-json\/wp\/v2\/types\/post"}],"author":[{"embeddable":true,"href":"https:\/\/www.europesays.com\/pl\/wp-json\/wp\/v2\/users\/2"}],"replies":[{"embeddable":true,"href":"https:\/\/www.europesays.com\/pl\/wp-json\/wp\/v2\/comments?post=484774"}],"version-history":[{"count":0,"href":"https:\/\/www.europesays.com\/pl\/wp-json\/wp\/v2\/posts\/484774\/revisions"}],"wp:featuredmedia":[{"embeddable":true,"href":"https:\/\/www.europesays.com\/pl\/wp-json\/wp\/v2\/media\/484775"}],"wp:attachment":[{"href":"https:\/\/www.europesays.com\/pl\/wp-json\/wp\/v2\/media?parent=484774"}],"wp:term":[{"taxonomy":"category","embeddable":true,"href":"https:\/\/www.europesays.com\/pl\/wp-json\/wp\/v2\/categories?post=484774"},{"taxonomy":"post_tag","embeddable":true,"href":"https:\/\/www.europesays.com\/pl\/wp-json\/wp\/v2\/tags?post=484774"}],"curies":[{"name":"wp","href":"https:\/\/api.w.org\/{rel}","templated":true}]}}